{"id":626484,"date":"2025-12-28T05:28:19","date_gmt":"2025-12-28T05:28:19","guid":{"rendered":"https:\/\/www.europesays.com\/fr\/626484\/"},"modified":"2025-12-28T05:28:19","modified_gmt":"2025-12-28T05:28:19","slug":"si-vous-aimez-les-polars-bien-sombres-cette-nouveaute-netflix-sera-a-ne-pas-manquer","status":"publish","type":"post","link":"https:\/\/www.europesays.com\/fr\/626484\/","title":{"rendered":"Si vous aimez les polars bien sombres, cette nouveaut\u00e9 Netflix sera \u00e0 ne pas manquer"},"content":{"rendered":"<p>Envie de commencer 2026 avec une enqu\u00eate polici\u00e8re des plus angoissantes ? Cette nouvelle mini-s\u00e9rie, bient\u00f4t disponible sur Netflix, est s\u00fbrement faite pour vous.<\/p>\n<p>Un drame familial en zone rurale. C&rsquo;est ainsi que pourrait se d\u00e9finir Land of Sin, intitul\u00e9 Synden (Le P\u00e9ch\u00e9 en su\u00e9dois), la prochaine <a href=\"https:\/\/www.programme-tv.net\/news\/series-tv\/394810-amateurs-de-series-policieres-ne-ratez-pas-criminelles-une-fiction-inedite-sous-haute-tension-a-voir-gratuitement\/\" data-api-deeplink=\"teleloisirs:\/\/news\/394810\" target=\"_blank\" rel=\"noopener\">mini-s\u00e9rie polici\u00e8re<\/a> de <a href=\"https:\/\/www.programme-tv.net\/news\/series-tv\/394663-netflix-vous-nen-avez-pas-entendu-parler-mais-cest-la-seule-serie-qui-met-daccord-la-presse-americaine-pour-2026\/\" data-api-deeplink=\"teleloisirs:\/\/news\/394663\" target=\"_blank\" rel=\"noopener\">Netflix<\/a>, qui sera mise en ligne en int\u00e9gralit\u00e9 le 2 janvier 2026. Dans les cinq \u00e9pisodes de celle-ci, une enqu\u00eatrice chevronn\u00e9e du nom de Dani se lancera sur la piste de la mort d&rsquo;un adolescent nomm\u00e9 Silas, avec qui elle poss\u00e8de un lien particulier. Elle sera \u00e9paul\u00e9e par Malik, son jeune partenaire fra\u00eechement sorti de l&rsquo;\u00e9cole de police. L&rsquo;histoire se d\u00e9roulera dans la p\u00e9ninsule de Bj\u00e4re, en pleine campagne de Scanie, une province situ\u00e9e \u00e0 l&rsquo;extr\u00e9mit\u00e9 sud de la Su\u00e8de. Un conflit familial install\u00e9 depuis plusieurs g\u00e9n\u00e9rations sera au c\u0153ur du r\u00e9cit et p\u00e8sera sur l&rsquo;avanc\u00e9e de l&rsquo;enqu\u00eate.<\/p>\n<p>Le personnage principal de Dani sera incarn\u00e9 par Krista Kosonen, actrice finlandaise \u00e0 la carri\u00e8re bien fournie, qui a re\u00e7u dans son pays de nombreux prix pour ses r\u00f4les \u00e0 la t\u00e9l\u00e9vision et au cin\u00e9ma. Elle est aussi apparue dans Blade Runner 2049 de <a href=\"https:\/\/www.programme-tv.net\/biographie\/178541-villeneuve-denis\/\" data-link-people=\"4d681e20-dfbb-402c-8b83-47676ac9ec0c\" target=\"_blank\" rel=\"noopener\">Denis Villeneuve<\/a> et a jou\u00e9 dans la s\u00e9rie internationale <a href=\"https:\/\/www.programme-tv.net\/news\/series-tv\/330519-abysses-la-serie-de-science-fiction-ecologique-de-france-2-aura-t-elle-une-suite\/\" data-api-deeplink=\"teleloisirs:\/\/news\/330519\" target=\"_blank\" rel=\"noopener\">Abysses<\/a> diffus\u00e9e sur France 2. Le reste du casting, y compris Mohammed Nour Oklah dans le r\u00f4le de Malik ou Peter Gantman dans celui d&rsquo;Elis, l&rsquo;\u00e9nigmatique patriarche qui s&rsquo;immiscera dans les investigations, est principalement compos\u00e9 de com\u00e9diens inconnus.<\/p>\n<p>                        Une s\u00e9rie polici\u00e8re \u00ab\u00a0pas comme les autres\u00a0\u00bb : le cr\u00e9ateur de Land of Sin promet un polar \u00ab\u00a0plus sombre\u00a0\u00bb que d&rsquo;habitude<\/p>\n<p>Peter Gr\u00f6nlund, le cr\u00e9ateur de la mini-s\u00e9rie, s&rsquo;est sp\u00e9cialis\u00e9 dans le polar au cours de sa jeune carri\u00e8re. Apr\u00e8s ses deux premiers films Drifters et Golatih (Tjuvheder et Goliat en VO), sortis uniquement dans son pays, sa s\u00e9rie Beartown, co-produite par HBO Nordic, a \u00e9t\u00e9 disponible entre 2021 et 2023 sur Max aux \u00c9tats-Unis. Pour Land of Sin, qui sera mis en ligne \u00e0 l&rsquo;international sur Netflix, le r\u00e9alisateur su\u00e9dois d&rsquo;origine iranienne promet une fiction in\u00e9dite. \u00ab\u00a0Ce n&rsquo;est pas une s\u00e9rie polici\u00e8re comme les autres\u00a0\u00bb, promet-il dans <a href=\"https:\/\/about.netflix.com\/en\/news\/netflix-unveils-the-first-look-for-land-of-sin-premiering-on-january-2-2026\" rel=\"nofollow noopener\" target=\"_blank\">le communiqu\u00e9<\/a> de la plateforme de streaming.<\/p>\n<p>\u00ab\u00a0Le monde que nous d\u00e9couvrons est plus sombre, plus fragile \u2013 un monde o\u00f9 la honte, l&rsquo;amour et la violence vibrent \u00e0 l&rsquo;unisson\u00a0\u00bb, \u00e9crit-il \u00e9galement dans l&rsquo;article qui est accompagn\u00e9 de la bande-annonce et des premi\u00e8res images. \u00ab\u00a0Nous avons repouss\u00e9 les limites de la formule et du style\u00a0\u00bb, assure-t-il pour conclure.<\/p>\n<p>Article \u00e9crit en collaboration avec 6M\u00e9dias<\/p>\n","protected":false},"excerpt":{"rendered":"Envie de commencer 2026 avec une enqu\u00eate polici\u00e8re des plus angoissantes ? Cette nouvelle mini-s\u00e9rie, bient\u00f4t disponible sur&hellip;\n","protected":false},"author":2,"featured_media":626485,"comment_status":"","ping_status":"","sticky":false,"template":"","format":"standard","meta":{"footnotes":""},"categories":[1356],"tags":[244,58,59,1011,27,127,19530,1722,1721,129,252,1364],"class_list":{"0":"post-626484","1":"post","2":"type-post","3":"status-publish","4":"format-standard","5":"has-post-thumbnail","7":"category-television","8":"tag-commentaire","9":"tag-divertissement","10":"tag-entertainment","11":"tag-fr","12":"tag-france","13":"tag-netflix","14":"tag-nouveautu00e9s-netflix","15":"tag-pub-streaming-netflix","16":"tag-su00e9rie-netflix","17":"tag-svod","18":"tag-television","19":"tag-tv"},"share_on_mastodon":{"url":"https:\/\/pubeurope.com\/@fr\/115795545617837488","error":""},"_links":{"self":[{"href":"https:\/\/www.europesays.com\/fr\/wp-json\/wp\/v2\/posts\/626484","targetHints":{"allow":["GET"]}}],"collection":[{"href":"https:\/\/www.europesays.com\/fr\/wp-json\/wp\/v2\/posts"}],"about":[{"href":"https:\/\/www.europesays.com\/fr\/wp-json\/wp\/v2\/types\/post"}],"author":[{"embeddable":true,"href":"https:\/\/www.europesays.com\/fr\/wp-json\/wp\/v2\/users\/2"}],"replies":[{"embeddable":true,"href":"https:\/\/www.europesays.com\/fr\/wp-json\/wp\/v2\/comments?post=626484"}],"version-history":[{"count":0,"href":"https:\/\/www.europesays.com\/fr\/wp-json\/wp\/v2\/posts\/626484\/revisions"}],"wp:featuredmedia":[{"embeddable":true,"href":"https:\/\/www.europesays.com\/fr\/wp-json\/wp\/v2\/media\/626485"}],"wp:attachment":[{"href":"https:\/\/www.europesays.com\/fr\/wp-json\/wp\/v2\/media?parent=626484"}],"wp:term":[{"taxonomy":"category","embeddable":true,"href":"https:\/\/www.europesays.com\/fr\/wp-json\/wp\/v2\/categories?post=626484"},{"taxonomy":"post_tag","embeddable":true,"href":"https:\/\/www.europesays.com\/fr\/wp-json\/wp\/v2\/tags?post=626484"}],"curies":[{"name":"wp","href":"https:\/\/api.w.org\/{rel}","templated":true}]}}