{"id":626493,"date":"2025-12-28T05:35:15","date_gmt":"2025-12-28T05:35:15","guid":{"rendered":"https:\/\/www.europesays.com\/fr\/626493\/"},"modified":"2025-12-28T05:35:15","modified_gmt":"2025-12-28T05:35:15","slug":"si-ce-point-vert-apparait-sur-votre-smartphone-sans-raison-votre-vie-privee-peut-etre-menacee","status":"publish","type":"post","link":"https:\/\/www.europesays.com\/fr\/626493\/","title":{"rendered":"Si ce point vert appara\u00eet sur votre smartphone sans raison, votre vie priv\u00e9e peut \u00eatre menac\u00e9e"},"content":{"rendered":"<p>Vous l\u2019avez peut-\u00eatre d\u00e9j\u00e0 aper\u00e7u en haut de l&rsquo;\u00e9cran de votre<br \/>\nt\u00e9l\u00e9phone, mais sans vraiment y pr\u00eater attention. Comme le r\u00e9v\u00e8le<br \/>\n<a href=\"https:\/\/www.linternaute.com\/hightech\/mobile\/8919449-article-point-vert-bis\/\" target=\"_blank\" rel=\"nofollow noopener\">L\u2019Internaute<\/a>,<br \/>\n<strong>un simple point vert qui s\u2019affiche sur votre<br \/>\nsmartphone<\/strong> peut pourtant en dire long sur ce qu\u2019il se<br \/>\npasse en coulisses.<\/p>\n<p>Et, dans certains cas, ce petit signal lumineux peut m\u00eame<br \/>\n<strong>indiquer que votre vie priv\u00e9e est en danger.<\/strong><br \/>\nAlors, voici ce qu&rsquo;il faut en savoir et comment r\u00e9agir pour vous<br \/>\nprot\u00e9ger.<\/p>\n<p>Un point vert sur votre smartphone qui n\u2019est pas l\u00e0 par<br \/>\nhasard<\/p>\n<p><a href=\"https:\/\/www.mariefrance.fr\/vie-pratique\/ne-chargez-jamais-votre-smartphone-en-rentrant-du-froid-le-reflexe-qui-detruit-votre-batterie-mais-que-tout-le-monde-fait-1222741.html\" target=\"_blank\" rel=\"noopener\">Les smartphones<\/a> sont devenus de<br \/>\nv\u00e9ritables concentr\u00e9s de technologie. \u00c0 force de mises \u00e0 jour et de<br \/>\nnouvelles fonctionnalit\u00e9s, ils affichent aujourd\u2019hui toute<br \/>\n<strong>une s\u00e9rie d\u2019ic\u00f4nes et d\u2019indicateurs que beaucoup<br \/>\nd\u2019utilisateurs ne comprennent plus vraiment<\/strong>. Batterie,<br \/>\nWi-Fi, r\u00e9seau mobile\u2026 jusque-l\u00e0, tout va bien. Mais, en haut de<br \/>\nl\u2019\u00e9cran, un d\u00e9tail peut facilement passer inaper\u00e7u : un petit point<br \/>\nde couleur.<\/p>\n<p>Depuis la mise \u00e0 jour Android 12, d\u00e9ploy\u00e9e \u00e0 partir de 2021,<br \/>\ncertains t\u00e9l\u00e9phones affichent d\u00e9sormais deux points lumineux<br \/>\npossibles : <strong>un point orange et un point vert<\/strong>.<br \/>\nCelui qui doit particuli\u00e8rement retenir votre attention est le<br \/>\npoint vert. Il appara\u00eet dans une situation bien pr\u00e9cise : lorsque<br \/>\nle micro de votre smartphone est en cours d\u2019utilisation. Pour s\u2019en<br \/>\nrendre compte, rien de plus simple. Il suffit de passer un appel ou<br \/>\nd\u2019envoyer un message vocal. D\u00e8s que le micro s\u2019active, le fameux<br \/>\npoint vert s\u2019allume en haut \u00e0 droite de l\u2019\u00e9cran. Dans ce cas, rien<br \/>\nd\u2019inqui\u00e9tant : c\u2019est un fonctionnement normal, pens\u00e9 pour plus de<br \/>\ntransparence envers l\u2019utilisateur.<\/p>\n<p><img loading=\"lazy\" decoding=\"async\" aria-describedby=\"caption-attachment-1186541\" itemprop=\"thumbnailUrl\" class=\"size-full wp-image-1186541 img-responsive\" src=\"https:\/\/www.europesays.com\/fr\/wp-content\/uploads\/2025\/12\/ed-app-smartpone-19.jpg\" alt=\"WhatsApp\" width=\"1280\" height=\"720\"\/> \u00a9<br \/>\nShutterstock<\/p>\n<p id=\"caption-attachment-1186541\" class=\"wp-caption-text\">Les<br \/>\nsmartphones sont dot\u00e9s de nombreuses ic\u00f4nes auxquelles les<br \/>\nutilisateurs ne font pas toujours attention.<\/p>\n<p>Quand ce point vert sur votre smartphone devient<br \/>\ninqui\u00e9tant<\/p>\n<p>Mais, l\u00e0 o\u00f9 il faut commencer \u00e0 s\u2019inqui\u00e9ter, c\u2019est lorsque ce<br \/>\npoint vert <strong>appara\u00eet alors que vous n\u2019\u00eates ni en appel, ni<br \/>\nen train d\u2019enregistrer un message vocal.<\/strong> Car, il peut<br \/>\nindiquer qu\u2019une application utilise le micro de votre smartphone en<br \/>\narri\u00e8re-plan. En clair, cela signifie que l\u2019application qui est en<br \/>\ntrain d\u2019acc\u00e9der \u00e0 votre micro peut potentiellement vous<br \/>\n\u00e9couter.<\/p>\n<p>Heureusement, <a href=\"https:\/\/www.mariefrance.fr\/vie-pratique\/whatsapp-cache-un-vrai-scanner-de-documents-en-pdf-dans-lappli-ce-geste-a-faire-sur-iphone-et-android-que-presque-personne-nutilise-encore-1221236.html\" target=\"_blank\" rel=\"noopener\">Android a pr\u00e9vu<\/a> un moyen simple<br \/>\npour savoir ce qu\u2019il se passe r\u00e9ellement. Il suffit de faire<br \/>\nglisser le menu des notifications vers le bas, puis de<br \/>\n<strong>toucher directement le point vert affich\u00e9 \u00e0<br \/>\nl\u2019\u00e9cran<\/strong>. Vous pourrez alors voir quelle application<br \/>\nutilise le micro \u00e0 ce moment-l\u00e0. S\u2019il s\u2019agit d\u2019une appli d\u2019appel ou<br \/>\nde messagerie vocale : il n\u2019y a pas de quoi paniquer. En revanche,<br \/>\nsi vous ne reconnaissez pas l\u2019application ou si son usage du micro<br \/>\nvous para\u00eet suspect, il est fortement conseill\u00e9 d\u2019agir<br \/>\nrapidement.<\/p>\n<p><img loading=\"lazy\" decoding=\"async\" aria-describedby=\"caption-attachment-853582\" class=\"size-full wp-image-853582 img-responsive\" src=\"https:\/\/www.europesays.com\/fr\/wp-content\/uploads\/2025\/12\/6-87.jpg\" alt=\"iPhone\u00a0\" width=\"1200\" height=\"630\"\/> \u00a9<br \/>\nShutterstock<\/p>\n<p id=\"caption-attachment-853582\" class=\"wp-caption-text\">Un geste<br \/>\nsimple peut vous aider \u00e0 mettre votre smartphone en mode plus<br \/>\ns\u00e9curis\u00e9.<\/p>\n<p>Les bons r\u00e9flexes \u00e0 adopter pour<br \/>\nprot\u00e9ger votre smartphone<\/p>\n<p>Face \u00e0 ce type de situation, quelques gestes simples peuvent<br \/>\nvous \u00e9viter bien des soucis. La premi\u00e8re chose \u00e0 v\u00e9rifier, ce sont<br \/>\n<strong>les autorisations accord\u00e9es \u00e0 l\u2019application en<br \/>\nquestion<\/strong>. Pour cela, il suffit d\u2019aller dans les param\u00e8tres<br \/>\nde votre smartphone, puis dans la rubrique \u00ab Applications<br \/>\n\u00bb. Vous y trouverez la liste compl\u00e8te des <a href=\"https:\/\/www.mariefrance.fr\/beaute\/mes-trucs-de-filles\/beaute-2-0-12-applications-gratuites-a-installer-durgence-206276.html\" target=\"_blank\" rel=\"noopener\">applications install\u00e9es<\/a> sur<br \/>\nvotre appareil. S\u00e9lectionnez l\u2019application suspecte, puis acc\u00e9dez \u00e0<br \/>\nses permissions. Vous pourrez alors d\u00e9sactiver l\u2019acc\u00e8s au micro, \u00e0<br \/>\nla cam\u00e9ra et m\u00eame \u00e0 votre localisation si n\u00e9cessaire.<\/p>\n<blockquote class=\"twitter-tweet\"><p><a class=\"twitter-link\" rel=\"noindex, nofollow noopener\" href=\"https:\/\/twitter.com\/mariefrancemag\/status\/2004092973047296451\" target=\"_blank\"><\/p><\/blockquote>\n<p>En coupant ces autorisations, vous emp\u00eachez l\u2019application<br \/>\nd\u2019acc\u00e9der \u00e0 des donn\u00e9es sensibles sans votre accord. Si vous avez<br \/>\nun doute persistant, la solution la plus radicale reste encore<br \/>\n<strong>la suppression pure et simple de l\u2019application<\/strong>. En<br \/>\nd\u00e9finitive, ce petit point vert a \u00e9t\u00e9 con\u00e7u pour vous prot\u00e9ger.<br \/>\nEncore faut-il savoir l\u2019interpr\u00e9ter. En gardant un \u0153il attentif sur<br \/>\nvotre smartphone, vous vous assurez de rester ma\u00eetre de vos donn\u00e9es<br \/>\net de votre tranquillit\u00e9.<\/p>\n<p><script async src=\"https:\/\/platform.twitter.com\/widgets.js\" charset=\"utf-8\"><\/script><\/p>\n","protected":false},"excerpt":{"rendered":"Vous l\u2019avez peut-\u00eatre d\u00e9j\u00e0 aper\u00e7u en haut de l&rsquo;\u00e9cran de votre t\u00e9l\u00e9phone, mais sans vraiment y pr\u00eater attention.&hellip;\n","protected":false},"author":2,"featured_media":626494,"comment_status":"","ping_status":"","sticky":false,"template":"","format":"standard","meta":{"footnotes":""},"categories":[7],"tags":[21303,1011,27,43,40,41,39,42,44],"class_list":{"0":"post-626493","1":"post","2":"type-post","3":"status-publish","4":"format-standard","5":"has-post-thumbnail","7":"category-sciences-et-technologies","8":"tag-buzz_nonli","9":"tag-fr","10":"tag-france","11":"tag-science","12":"tag-science-and-technology","13":"tag-sciences","14":"tag-sciences-et-technologies","15":"tag-technologies","16":"tag-technology"},"share_on_mastodon":{"url":"https:\/\/pubeurope.com\/@fr\/115795573496702437","error":""},"_links":{"self":[{"href":"https:\/\/www.europesays.com\/fr\/wp-json\/wp\/v2\/posts\/626493","targetHints":{"allow":["GET"]}}],"collection":[{"href":"https:\/\/www.europesays.com\/fr\/wp-json\/wp\/v2\/posts"}],"about":[{"href":"https:\/\/www.europesays.com\/fr\/wp-json\/wp\/v2\/types\/post"}],"author":[{"embeddable":true,"href":"https:\/\/www.europesays.com\/fr\/wp-json\/wp\/v2\/users\/2"}],"replies":[{"embeddable":true,"href":"https:\/\/www.europesays.com\/fr\/wp-json\/wp\/v2\/comments?post=626493"}],"version-history":[{"count":0,"href":"https:\/\/www.europesays.com\/fr\/wp-json\/wp\/v2\/posts\/626493\/revisions"}],"wp:featuredmedia":[{"embeddable":true,"href":"https:\/\/www.europesays.com\/fr\/wp-json\/wp\/v2\/media\/626494"}],"wp:attachment":[{"href":"https:\/\/www.europesays.com\/fr\/wp-json\/wp\/v2\/media?parent=626493"}],"wp:term":[{"taxonomy":"category","embeddable":true,"href":"https:\/\/www.europesays.com\/fr\/wp-json\/wp\/v2\/categories?post=626493"},{"taxonomy":"post_tag","embeddable":true,"href":"https:\/\/www.europesays.com\/fr\/wp-json\/wp\/v2\/tags?post=626493"}],"curies":[{"name":"wp","href":"https:\/\/api.w.org\/{rel}","templated":true}]}}