{"id":626497,"date":"2025-12-28T05:37:17","date_gmt":"2025-12-28T05:37:17","guid":{"rendered":"https:\/\/www.europesays.com\/fr\/626497\/"},"modified":"2025-12-28T05:37:17","modified_gmt":"2025-12-28T05:37:17","slug":"italie-financement-illicite-du-hamas-9-arrestations-et-8-millions-deuros-saisis","status":"publish","type":"post","link":"https:\/\/www.europesays.com\/fr\/626497\/","title":{"rendered":"Italie : financement illicite du Hamas, 9 arrestations et 8 millions d&rsquo;euros saisis"},"content":{"rendered":"<p>\n  Par&amp;nbsp<b>Euronews<\/b>\n<\/p>\n<p>\n         Publi\u00e9 le<br \/>\n            27\/12\/2025 &#8211; 19:10 UTC+1\n            <\/p>\n<p>Les autorit\u00e9s italiennes ont men\u00e9 une op\u00e9ration d&rsquo;envergure coordonn\u00e9e par la direction du district antimafia de G\u00eanes contre une cellule terroriste pr\u00e9sum\u00e9e li\u00e9e au Hamas. La police d&rsquo;\u00c9tat et la Guardia di Finanza ont appliqu\u00e9 des mesures de pr\u00e9caution \u00e0 l&rsquo;encontre de neuf suspects, qui devaient tous \u00eatre plac\u00e9s en d\u00e9tention provisoire, et ont ordonn\u00e9 la saisie de biens d&rsquo;une valeur de plus de huit millions d&rsquo;euros.<\/p>\n<p>L&rsquo;enqu\u00eate, qui a d\u00e9but\u00e9 par des signalements de transactions financi\u00e8res suspectes, a mis au jour un syst\u00e8me complexe de triangulations de devises internationales.<\/p>\n<p>Les enqu\u00eateurs accusent les suspects de faire partie de l&rsquo;organisation Hamas et de la financer activement. Selon l&rsquo;enqu\u00eate, <strong>les fonds collect\u00e9s n&rsquo;\u00e9taient pas destin\u00e9s uniquement \u00e0 des fins humanitaires<\/strong> , mais servaient \u00e0 soutenir les activit\u00e9s criminelles du mouvement**, y compris des attaques contre des civils.** On estime que sept millions d&rsquo;euros ont \u00e9t\u00e9 envoy\u00e9s \u00e0 Gaza et dans les territoires palestiniens pour renforcer la strat\u00e9gie arm\u00e9e du groupe.<\/p>\n<p>Qui sont les suspects de l&rsquo;op\u00e9ration ?<\/p>\n<p>Plusieurs associations sont au c\u0153ur du dispositif, dont l&rsquo;Association de solidarit\u00e9 avec le peuple palestinien (ABSPP), bas\u00e9e \u00e0 G\u00eanes. <strong>Mohammad Hannoun, d\u00e9sign\u00e9 comme la figure de proue de la cellule italienne,<\/strong> aurait g\u00e9r\u00e9 la collecte de fonds en d\u00e9tournant plus de 71 % des dons vers des articulations directement contr\u00f4l\u00e9es par l&rsquo;aile militaire du Hamas. Afin d&rsquo;\u00e9chapper aux contr\u00f4les bancaires internationaux, les suspects auraient cr\u00e9\u00e9 de nouveaux acronymes, tels que l&rsquo;association \u00ab\u00a0Le D\u00f4me d&rsquo;or\u00a0\u00bb.<\/p>\n<p>Les activit\u00e9s d&rsquo;enqu\u00eate, qui ont d\u00e9but\u00e9 apr\u00e8s l&rsquo;attentat du 7 octobre 2023, ont b\u00e9n\u00e9fici\u00e9 de la <strong>coop\u00e9ration avec les autorit\u00e9s des Pays-Bas et d&rsquo;Isra\u00ebl, ce qui a<\/strong> permis de surveiller les flux financiers et d&rsquo;intercepter des communications. Parmi les b\u00e9n\u00e9ficiaires directs des fonds se trouvaient des <strong>personnalit\u00e9s de premier plan telles qu&rsquo;Osama Alisawi,<\/strong> ancien ministre du gouvernement du Hamas \u00e0 Gaza. L&rsquo;argent a \u00e9galement servi \u00e0 soutenir les familles de terroristes impliqu\u00e9s dans des attentats suicides, garantissant ainsi la continuit\u00e9 logistique et id\u00e9ologique de la structure criminelle.<\/p>\n<p>Les \u00e9coutes t\u00e9l\u00e9phoniques et l&rsquo;analyse des serveurs saisis \u00e0 G\u00eanes ont r\u00e9v\u00e9l\u00e9 des documents d\u00e9crivant l&rsquo;<strong>entra\u00eenement militaire des jeunes recrues et la glorification des \u00ab\u00a0martyrs\u00a0\u00bb<\/strong>. Certains suspects ont \u00e9t\u00e9 identifi\u00e9s sur des photographies les montrant en tenue de combat avec les Brigades Al Qassam. Ces \u00e9l\u00e9ments, selon l&rsquo;accusation, confirment une adh\u00e9sion subjective totale au programme terroriste et une coordination constante avec un r\u00e9seau plus large op\u00e9rant dans toute l&rsquo;Europe.<\/p>\n<p>\u00ab\u00a0Les enqu\u00eates et les faits qui en d\u00e9coulent ne peuvent en aucun cas diminuer l&rsquo;importance des crimes commis contre la population palestinienne apr\u00e8s le 7 octobre 2023 au cours des op\u00e9rations militaires entreprises par le gouvernement d&rsquo;Isra\u00ebl, pour lesquelles on attend le jugement de la Cour p\u00e9nale internationale, qui sera rendu conform\u00e9ment au Statut de Rome, ratifi\u00e9 par 125 \u00c9tats membres, parmi lesquels, dans un r\u00f4le d&rsquo;impulsion et de soutien, l&rsquo;Italie\u00a0\u00bb, \u00e9crit la police d&rsquo;\u00c9tat italienne dans l&rsquo;annonce de l&rsquo;op\u00e9ration.<\/p>\n<p>Et d&rsquo;ajouter : \u00ab\u00a0En m\u00eame temps, ces crimes ne peuvent pas justifier les actes de terrorisme (y compris ceux du 7 octobre 2023) perp\u00e9tr\u00e9s par le Hamas et les organisations terroristes qui lui sont li\u00e9es contre la population civile, ni constituer une circonstance att\u00e9nuante\u00a0\u00bb.<\/p>\n<p>\u00ab\u00a0En effet, pour la jurisprudence de l\u00e9gitimit\u00e9, les actes terroristes constituent un comportement qui, m\u00eame s&rsquo;il est commis dans le cadre de conflits arm\u00e9s, <strong>consiste en une conduite violente dirig\u00e9e contre la population civile<\/strong>, m\u00eame si elle se trouve dans des territoires qui, en vertu du droit international, doivent \u00eatre consid\u00e9r\u00e9s comme ill\u00e9gitimement occup\u00e9s\u00a0\u00bb, conclut la note diffus\u00e9e.<\/p>\n","protected":false},"excerpt":{"rendered":"Par&amp;nbspEuronews Publi\u00e9 le 27\/12\/2025 &#8211; 19:10 UTC+1 Les autorit\u00e9s italiennes ont men\u00e9 une op\u00e9ration d&rsquo;envergure coordonn\u00e9e par la&hellip;\n","protected":false},"author":2,"featured_media":626498,"comment_status":"","ping_status":"","sticky":false,"template":"","format":"standard","meta":{"footnotes":""},"categories":[5],"tags":[11,1011,27,5643,3519,14,452,12,3260,28],"class_list":{"0":"post-626497","1":"post","2":"type-post","3":"status-publish","4":"format-standard","5":"has-post-thumbnail","7":"category-international","8":"tag-actualites","9":"tag-fr","10":"tag-france","11":"tag-guerre-israel-hamas","12":"tag-hamas","13":"tag-international","14":"tag-italie","15":"tag-news","16":"tag-territoires-palestiniens","17":"tag-world"},"share_on_mastodon":{"url":"https:\/\/pubeurope.com\/@fr\/115795580914834152","error":""},"_links":{"self":[{"href":"https:\/\/www.europesays.com\/fr\/wp-json\/wp\/v2\/posts\/626497","targetHints":{"allow":["GET"]}}],"collection":[{"href":"https:\/\/www.europesays.com\/fr\/wp-json\/wp\/v2\/posts"}],"about":[{"href":"https:\/\/www.europesays.com\/fr\/wp-json\/wp\/v2\/types\/post"}],"author":[{"embeddable":true,"href":"https:\/\/www.europesays.com\/fr\/wp-json\/wp\/v2\/users\/2"}],"replies":[{"embeddable":true,"href":"https:\/\/www.europesays.com\/fr\/wp-json\/wp\/v2\/comments?post=626497"}],"version-history":[{"count":0,"href":"https:\/\/www.europesays.com\/fr\/wp-json\/wp\/v2\/posts\/626497\/revisions"}],"wp:featuredmedia":[{"embeddable":true,"href":"https:\/\/www.europesays.com\/fr\/wp-json\/wp\/v2\/media\/626498"}],"wp:attachment":[{"href":"https:\/\/www.europesays.com\/fr\/wp-json\/wp\/v2\/media?parent=626497"}],"wp:term":[{"taxonomy":"category","embeddable":true,"href":"https:\/\/www.europesays.com\/fr\/wp-json\/wp\/v2\/categories?post=626497"},{"taxonomy":"post_tag","embeddable":true,"href":"https:\/\/www.europesays.com\/fr\/wp-json\/wp\/v2\/tags?post=626497"}],"curies":[{"name":"wp","href":"https:\/\/api.w.org\/{rel}","templated":true}]}}