{"id":626503,"date":"2025-12-28T05:40:16","date_gmt":"2025-12-28T05:40:16","guid":{"rendered":"https:\/\/www.europesays.com\/fr\/626503\/"},"modified":"2025-12-28T05:40:16","modified_gmt":"2025-12-28T05:40:16","slug":"saint-etienne-comment-le-proprietaire-des-halles-a-gere-leur-fermeture-et-leur-renaissance","status":"publish","type":"post","link":"https:\/\/www.europesays.com\/fr\/626503\/","title":{"rendered":"Saint-\u00c9tienne. Comment le propri\u00e9taire des Halles a g\u00e9r\u00e9 leur fermeture&#8230; et leur renaissance"},"content":{"rendered":"<p>\u00ab\u00a0J\u2019esp\u00e8re que les visiteurs seront au rendez-vous. En tout cas, je peux vous assurer qu\u2019on a tout mis en \u0153uvre pour qu\u2019ils aient envie de revenir\u00a0\u00bb, confie J\u00e9r\u00f4me Nuiry \u00e0 quelques semaines de la r\u00e9ouverture tant attendue des Halles Mazerat, qui devrait intervenir autour de la mi-janvier.<\/p>\n<p>Le nom de J\u00e9r\u00f4me Nuiry ne dit sans doute pas grand-chose \u00e0 la plupart des St\u00e9phanois. C\u2019est pourtant lui qui est le propri\u00e9taire des fameuses Halles du cours Victor-Hugo, via sa soci\u00e9t\u00e9 Inovy (lire par ailleurs). Et il tient d\u2019embl\u00e9e \u00e0 pr\u00e9ciser\u00a0: ce n\u2019est pas lui qui avait choisi Biltoki pour exploiter les lieux.<\/p>\n<p>Un bail emphyt\u00e9otique de 40 ans<\/p>\n<p>\u00ab\u00a0Biltoki avait \u00e9t\u00e9 retenu par la mairie d\u00e8s 2018, suite \u00e0 un appel d\u2019offres. Au d\u00e9part, ils devaient \u00eatre \u00e0 la fois investisseurs et exploitants. Puis le Covid est arriv\u00e9, et la mairie a d\u00fb trouver un nouvel investisseur. Le maire de l\u2019\u00e9poque, <a href=\"https:\/\/www.leprogres.fr\/p\/gael-perdriau\" target=\"_blank\" rel=\"noopener\">Ga\u00ebl Perdriau<\/a>, m\u2019a contact\u00e9 en septembre\u00a02020. Le 1er \u00a0octobre, je rencontrais les dirigeants de Biltoki \u00e0 Bordeaux, et&#8230;<\/p>\n","protected":false},"excerpt":{"rendered":"\u00ab\u00a0J\u2019esp\u00e8re que les visiteurs seront au rendez-vous. En tout cas, je peux vous assurer qu\u2019on a tout mis&hellip;\n","protected":false},"author":2,"featured_media":626504,"comment_status":"","ping_status":"","sticky":false,"template":"","format":"standard","meta":{"footnotes":""},"categories":[9653],"tags":[1111,11,2430,4749,4406,33,7539,341,1777,674,107,1011,27,3367,12,25,4001,7538],"class_list":{"0":"post-626503","1":"post","2":"type-post","3":"status-publish","4":"format-standard","5":"has-post-thumbnail","7":"category-saint-etienne","8":"tag-actu","9":"tag-actualites","10":"tag-auvergne-rhone-alpes","11":"tag-btp-et-chantiers","12":"tag-commerce-et-services","13":"tag-economie","14":"tag-edition-loire-sud","15":"tag-emploi","16":"tag-eu","17":"tag-europe","18":"tag-fil-info","19":"tag-fr","20":"tag-france","21":"tag-loire","22":"tag-news","23":"tag-republique-francaise","24":"tag-saint-etienne","25":"tag-saint-etienne-ville"},"share_on_mastodon":{"url":"https:\/\/pubeurope.com\/@fr\/115795592772073107","error":""},"_links":{"self":[{"href":"https:\/\/www.europesays.com\/fr\/wp-json\/wp\/v2\/posts\/626503","targetHints":{"allow":["GET"]}}],"collection":[{"href":"https:\/\/www.europesays.com\/fr\/wp-json\/wp\/v2\/posts"}],"about":[{"href":"https:\/\/www.europesays.com\/fr\/wp-json\/wp\/v2\/types\/post"}],"author":[{"embeddable":true,"href":"https:\/\/www.europesays.com\/fr\/wp-json\/wp\/v2\/users\/2"}],"replies":[{"embeddable":true,"href":"https:\/\/www.europesays.com\/fr\/wp-json\/wp\/v2\/comments?post=626503"}],"version-history":[{"count":0,"href":"https:\/\/www.europesays.com\/fr\/wp-json\/wp\/v2\/posts\/626503\/revisions"}],"wp:featuredmedia":[{"embeddable":true,"href":"https:\/\/www.europesays.com\/fr\/wp-json\/wp\/v2\/media\/626504"}],"wp:attachment":[{"href":"https:\/\/www.europesays.com\/fr\/wp-json\/wp\/v2\/media?parent=626503"}],"wp:term":[{"taxonomy":"category","embeddable":true,"href":"https:\/\/www.europesays.com\/fr\/wp-json\/wp\/v2\/categories?post=626503"},{"taxonomy":"post_tag","embeddable":true,"href":"https:\/\/www.europesays.com\/fr\/wp-json\/wp\/v2\/tags?post=626503"}],"curies":[{"name":"wp","href":"https:\/\/api.w.org\/{rel}","templated":true}]}}