{"id":626505,"date":"2025-12-28T05:41:25","date_gmt":"2025-12-28T05:41:25","guid":{"rendered":"https:\/\/www.europesays.com\/fr\/626505\/"},"modified":"2025-12-28T05:41:25","modified_gmt":"2025-12-28T05:41:25","slug":"saint-etienne-de-tulmont-le-pere-noel-avait-rendez-vous-avec-bb-cailloux-82","status":"publish","type":"post","link":"https:\/\/www.europesays.com\/fr\/626505\/","title":{"rendered":"Saint-\u00c9tienne-de-Tulmont. Le P\u00e8re No\u00ebl avait rendez-vous avec BB Cailloux 82"},"content":{"rendered":"<p>Par une matin\u00e9e de d\u00e9cembre, l\u2019association BB Cailloux 82 a organis\u00e9 une belle f\u00eate de fin d\u2019ann\u00e9e plac\u00e9e sous le signe de la convivialit\u00e9 et de la magie de No\u00ebl. Une cinquantaine de personnes, enfants, parents et nounous confondus, s\u2019est retrouv\u00e9e pour partager ce moment festif. <\/p>\n<p>L\u2019accueil des familles a d\u00e9but\u00e9 d\u00e8s 9 h 30, autour d\u2019une collation, offrant un temps d\u2019\u00e9changes chaleureux avant le lancement du spectacle \u00e0 10 heures. Intitul\u00e9 \u00ab\u00a0No\u00ebl \u00e0 la f\u00eate foraine\u00a0\u00bb, ce spectacle jeune public, offert par l\u2019association, a \u00e9t\u00e9 pr\u00e9sent\u00e9 par la compagnie Fabulouse, reconnue pour ses animations adapt\u00e9es aux tout-petits. Rires, chansons et \u00e9merveillement \u00e9taient au rendez-vous, pour le plus grand plaisir des enfants. La matin\u00e9e s\u2019est poursuivie avec la venue tr\u00e8s attendue du P\u00e8re No\u00ebl, venu saluer les enfants, leurs proches et les assistantes maternelles, cl\u00f4turant ainsi ce moment festif dans une ambiance joyeuse et bienveillante.<\/p>\n<p>L\u2019association st\u00e9phanoise BB Cailloux 82, un collectif d\u2019assistantes maternelles de Saint-\u00c9tienne-de-Tulmont et des environs, \u0153uvre tout au long de l\u2019ann\u00e9e au travers d\u2019activit\u00e9s p\u00e9dagogiques et de formations au profit de ses membres. Plusieurs fois par semaine, elles se rassemblent pour proposer des ateliers d\u2019\u00e9veil et de sociabilisation aux jeunes enfants, favorisant leur d\u00e9veloppement dans un cadre collectif et s\u00e9curisant.<\/p>\n","protected":false},"excerpt":{"rendered":"Par une matin\u00e9e de d\u00e9cembre, l\u2019association BB Cailloux 82 a organis\u00e9 une belle f\u00eate de fin d\u2019ann\u00e9e plac\u00e9e&hellip;\n","protected":false},"author":2,"featured_media":626506,"comment_status":"","ping_status":"","sticky":false,"template":"","format":"standard","meta":{"footnotes":""},"categories":[9653],"tags":[1111,11,4733,2430,1777,674,1011,27,329,12,25,4001,70725,1857,36586],"class_list":{"0":"post-626505","1":"post","2":"type-post","3":"status-publish","4":"format-standard","5":"has-post-thumbnail","7":"category-saint-etienne","8":"tag-actu","9":"tag-actualites","10":"tag-associations","11":"tag-auvergne-rhone-alpes","12":"tag-eu","13":"tag-europe","14":"tag-fr","15":"tag-france","16":"tag-france-monde","17":"tag-news","18":"tag-republique-francaise","19":"tag-saint-etienne","20":"tag-saintetiennedetulmont","21":"tag-sociu00e9tu00e9","22":"tag-tarn-et-garonne"},"share_on_mastodon":{"url":"https:\/\/pubeurope.com\/@fr\/115795596708505429","error":""},"_links":{"self":[{"href":"https:\/\/www.europesays.com\/fr\/wp-json\/wp\/v2\/posts\/626505","targetHints":{"allow":["GET"]}}],"collection":[{"href":"https:\/\/www.europesays.com\/fr\/wp-json\/wp\/v2\/posts"}],"about":[{"href":"https:\/\/www.europesays.com\/fr\/wp-json\/wp\/v2\/types\/post"}],"author":[{"embeddable":true,"href":"https:\/\/www.europesays.com\/fr\/wp-json\/wp\/v2\/users\/2"}],"replies":[{"embeddable":true,"href":"https:\/\/www.europesays.com\/fr\/wp-json\/wp\/v2\/comments?post=626505"}],"version-history":[{"count":0,"href":"https:\/\/www.europesays.com\/fr\/wp-json\/wp\/v2\/posts\/626505\/revisions"}],"wp:featuredmedia":[{"embeddable":true,"href":"https:\/\/www.europesays.com\/fr\/wp-json\/wp\/v2\/media\/626506"}],"wp:attachment":[{"href":"https:\/\/www.europesays.com\/fr\/wp-json\/wp\/v2\/media?parent=626505"}],"wp:term":[{"taxonomy":"category","embeddable":true,"href":"https:\/\/www.europesays.com\/fr\/wp-json\/wp\/v2\/categories?post=626505"},{"taxonomy":"post_tag","embeddable":true,"href":"https:\/\/www.europesays.com\/fr\/wp-json\/wp\/v2\/tags?post=626505"}],"curies":[{"name":"wp","href":"https:\/\/api.w.org\/{rel}","templated":true}]}}