{"id":626507,"date":"2025-12-28T05:42:23","date_gmt":"2025-12-28T05:42:23","guid":{"rendered":"https:\/\/www.europesays.com\/fr\/626507\/"},"modified":"2025-12-28T05:42:23","modified_gmt":"2025-12-28T05:42:23","slug":"essey-les-nancy-un-infirmier-transforme-du-materiel-medical-gaspille-en-aide-vitale-pour-lukraine","status":"publish","type":"post","link":"https:\/\/www.europesays.com\/fr\/626507\/","title":{"rendered":"Essey-l\u00e8s-Nancy. Un infirmier transforme du mat\u00e9riel m\u00e9dical gaspill\u00e9 en aide vitale pour l\u2019Ukraine"},"content":{"rendered":"<p>Le 6\u00a0d\u00e9cembre dernier, \u00e0 Essey-l\u00e8s-Nancy, Pierre Pechey, infirmier lib\u00e9ral install\u00e9 dans la commune, a organis\u00e9 une collecte de mat\u00e9riel m\u00e9dical destin\u00e9e \u00e0 l\u2019Ukraine, notamment vers Kherson et les zones proches des lignes de front.<\/p>\n<p>  Une d\u00e9marche n\u00e9e du terrain<\/p>\n<p>Une initiative n\u00e9e d\u2019un constat quotidien\u00a0: le gaspillage de mat\u00e9riel de soins encore parfaitement utilisable.<\/p>\n<p>Durant cette journ\u00e9e, de nombreux dons ont \u00e9t\u00e9 r\u00e9unis\u00a0: dispositifs m\u00e9dicaux, consommable et mat\u00e9riel de soins.<\/p>\n<p>Au total, des dizaines de milliers d\u2019euros de mat\u00e9riel, financ\u00e9 par la S\u00e9curit\u00e9 sociale et vou\u00e9 \u00e0 la destruction, ont pu \u00eatre r\u00e9cup\u00e9r\u00e9es afin d\u2019\u00eatre achemin\u00e9es l\u00e0 o\u00f9 les besoins sont immenses.<\/p>\n<p>\u00ab\u00a0En tant qu\u2019infirmier lib\u00e9ral, je vois chaque jour ce g\u00e2chis, explique Pierre Pechey. Pendant ce temps, des civils et des soignants ukrainiens manquent de tout. \u00c0 l\u2019approche de No\u00ebl, certains vivent en s\u00e9curit\u00e9 quand d\u2019autres subissent les bombardements.\u00bb<\/p>\n<p>  Des besoins m\u00e9dicaux toujours urgents<\/p>\n<p>\u00c0 Kherson, r\u00e9guli\u00e8rement cibl\u00e9e, comme sur les lignes de front, les structures de soins fonctionnent dans des conditions extr\u00eames, avec des moyens tr\u00e8s limit\u00e9s. Cette collecte permet ainsi de transformer un gaspillage en aide vitale, susceptible de sauver des vies.<\/p>\n<p>L\u2019initiative a suscit\u00e9 un large \u00e9lan de solidarit\u00e9 aupr\u00e8s des professionnels de sant\u00e9 et des habitants. Pierre Pechey remercie tout particuli\u00e8rement ses coll\u00e8gues infirmiers, dont certains se sont d\u00e9plac\u00e9s entre deux patients, ainsi que les pharmacies du centre-ville et le centre Les \u00c9lieux de Seichamps pour leur engagement.<\/p>\n<p>Enfin, il salue le soutien de la mairie d\u2019Essey-l\u00e8s-Nancy, qui permet \u00e0 ces actions solidaires de rayonner au-del\u00e0 de la commune.<\/p>\n<p>En cette p\u00e9riode de f\u00eates, cette collecte prend une dimension particuli\u00e8re\u00a0: celle d\u2019un No\u00ebl plac\u00e9 sous le signe de la solidarit\u00e9.<\/p>\n","protected":false},"excerpt":{"rendered":"Le 6\u00a0d\u00e9cembre dernier, \u00e0 Essey-l\u00e8s-Nancy, Pierre Pechey, infirmier lib\u00e9ral install\u00e9 dans la commune, a organis\u00e9 une collecte de&hellip;\n","protected":false},"author":2,"featured_media":626508,"comment_status":"","ping_status":"","sticky":false,"template":"","format":"standard","meta":{"footnotes":""},"categories":[9635],"tags":[1111,11,3206,1704,11361,1777,674,1011,27,775,11362,1702,12,25,104],"class_list":{"0":"post-626507","1":"post","2":"type-post","3":"status-publish","4":"format-standard","5":"has-post-thumbnail","7":"category-nancy","8":"tag-actu","9":"tag-actualites","10":"tag-defense-guerre-conflit","11":"tag-edition-nancy-et-agglomeration","12":"tag-essey-les-nancy","13":"tag-eu","14":"tag-europe","15":"tag-fr","16":"tag-france","17":"tag-grand-est","18":"tag-metropole-du-grand-nancy-54b3","19":"tag-nancy","20":"tag-news","21":"tag-republique-francaise","22":"tag-societe"},"share_on_mastodon":{"url":"https:\/\/pubeurope.com\/@fr\/115795600550656640","error":""},"_links":{"self":[{"href":"https:\/\/www.europesays.com\/fr\/wp-json\/wp\/v2\/posts\/626507","targetHints":{"allow":["GET"]}}],"collection":[{"href":"https:\/\/www.europesays.com\/fr\/wp-json\/wp\/v2\/posts"}],"about":[{"href":"https:\/\/www.europesays.com\/fr\/wp-json\/wp\/v2\/types\/post"}],"author":[{"embeddable":true,"href":"https:\/\/www.europesays.com\/fr\/wp-json\/wp\/v2\/users\/2"}],"replies":[{"embeddable":true,"href":"https:\/\/www.europesays.com\/fr\/wp-json\/wp\/v2\/comments?post=626507"}],"version-history":[{"count":0,"href":"https:\/\/www.europesays.com\/fr\/wp-json\/wp\/v2\/posts\/626507\/revisions"}],"wp:featuredmedia":[{"embeddable":true,"href":"https:\/\/www.europesays.com\/fr\/wp-json\/wp\/v2\/media\/626508"}],"wp:attachment":[{"href":"https:\/\/www.europesays.com\/fr\/wp-json\/wp\/v2\/media?parent=626507"}],"wp:term":[{"taxonomy":"category","embeddable":true,"href":"https:\/\/www.europesays.com\/fr\/wp-json\/wp\/v2\/categories?post=626507"},{"taxonomy":"post_tag","embeddable":true,"href":"https:\/\/www.europesays.com\/fr\/wp-json\/wp\/v2\/tags?post=626507"}],"curies":[{"name":"wp","href":"https:\/\/api.w.org\/{rel}","templated":true}]}}