{"id":62651,"date":"2025-04-29T20:24:08","date_gmt":"2025-04-29T20:24:08","guid":{"rendered":"https:\/\/www.europesays.com\/fr\/62651\/"},"modified":"2025-04-29T20:24:08","modified_gmt":"2025-04-29T20:24:08","slug":"deux-premieres-recrues-chez-les-aigles-de-nice","status":"publish","type":"post","link":"https:\/\/www.europesays.com\/fr\/62651\/","title":{"rendered":"Deux premi\u00e8res recrues chez les Aigles de Nice"},"content":{"rendered":"<p>Rapatri\u00e9s des Pionniers de Chamonix, l\u2019attaquant Jordan Mugnier (28 ans) et le d\u00e9fenseur Valentin Coffy (24 ans) vont d\u00e9couvrir ensemble la C\u00f4te d\u2019Azur.<\/p>\n<p>Deux joueurs \u00e9galement prolong\u00e9s<\/p>\n<p>Deux titulaires en puissance dans leur ancien club (38 matchs cette saison pour le premier, 43 pour le second) et r\u00e9cents 7e de phase r\u00e9guli\u00e8re de Ligue Magnus, \u00e9limin\u00e9s en quarts de finale par le finaliste angevin. Les deux premiers noms, aussi, d\u2019une nouvelle \u00e8re, depuis que le Canadien Jean-Fran\u00e7ois Dufour a \u00e9t\u00e9 nomm\u00e9 manager g\u00e9n\u00e9ral d\u2019une formation azur\u00e9enne plus ambitieuse que jamais. Pour leur premi\u00e8re saison au club, les anciens Haut-Savoyards pousseront le palet avec Teemu Loizeau et Nicolas Ruel, qui ont tous deux prolong\u00e9 ces derniers jours leur aventure ni\u00e7oise.<\/p>\n","protected":false},"excerpt":{"rendered":"Rapatri\u00e9s des Pionniers de Chamonix, l\u2019attaquant Jordan Mugnier (28 ans) et le d\u00e9fenseur Valentin Coffy (24 ans) vont&hellip;\n","protected":false},"author":2,"featured_media":62652,"comment_status":"","ping_status":"","sticky":false,"template":"","format":"standard","meta":{"footnotes":""},"categories":[2819],"tags":[1111,11,1777,674,1011,27,4488,12,2401,882,25,60],"class_list":{"0":"post-62651","1":"post","2":"type-post","3":"status-publish","4":"format-standard","5":"has-post-thumbnail","7":"category-nice","8":"tag-actu","9":"tag-actualites","10":"tag-eu","11":"tag-europe","12":"tag-fr","13":"tag-france","14":"tag-hockey","15":"tag-news","16":"tag-nice","17":"tag-provence-alpes-cote-dazur","18":"tag-republique-francaise","19":"tag-sports"},"share_on_mastodon":{"url":"https:\/\/pubeurope.com\/@fr\/114423127282423363","error":""},"_links":{"self":[{"href":"https:\/\/www.europesays.com\/fr\/wp-json\/wp\/v2\/posts\/62651","targetHints":{"allow":["GET"]}}],"collection":[{"href":"https:\/\/www.europesays.com\/fr\/wp-json\/wp\/v2\/posts"}],"about":[{"href":"https:\/\/www.europesays.com\/fr\/wp-json\/wp\/v2\/types\/post"}],"author":[{"embeddable":true,"href":"https:\/\/www.europesays.com\/fr\/wp-json\/wp\/v2\/users\/2"}],"replies":[{"embeddable":true,"href":"https:\/\/www.europesays.com\/fr\/wp-json\/wp\/v2\/comments?post=62651"}],"version-history":[{"count":0,"href":"https:\/\/www.europesays.com\/fr\/wp-json\/wp\/v2\/posts\/62651\/revisions"}],"wp:featuredmedia":[{"embeddable":true,"href":"https:\/\/www.europesays.com\/fr\/wp-json\/wp\/v2\/media\/62652"}],"wp:attachment":[{"href":"https:\/\/www.europesays.com\/fr\/wp-json\/wp\/v2\/media?parent=62651"}],"wp:term":[{"taxonomy":"category","embeddable":true,"href":"https:\/\/www.europesays.com\/fr\/wp-json\/wp\/v2\/categories?post=62651"},{"taxonomy":"post_tag","embeddable":true,"href":"https:\/\/www.europesays.com\/fr\/wp-json\/wp\/v2\/tags?post=62651"}],"curies":[{"name":"wp","href":"https:\/\/api.w.org\/{rel}","templated":true}]}}