{"id":626517,"date":"2025-12-28T05:56:05","date_gmt":"2025-12-28T05:56:05","guid":{"rendered":"https:\/\/www.europesays.com\/fr\/626517\/"},"modified":"2025-12-28T05:56:05","modified_gmt":"2025-12-28T05:56:05","slug":"grenoble-la-police-tire-et-blesse-un-homme-menacant-avec-un-couteau","status":"publish","type":"post","link":"https:\/\/www.europesays.com\/fr\/626517\/","title":{"rendered":"Grenoble\u00a0: la police tire et blesse un homme mena\u00e7ant avec un couteau"},"content":{"rendered":"<p class=\"paragraph text_align_left lp-f-body-02\">\u00c0 Grenoble (Is\u00e8re), la police indique ce lundi avoir tir\u00e9 et bless\u00e9 un homme mena\u00e7ant avec un couteau. Selon les informations du <a href=\"https:\/\/www.ledauphine.com\/faits-divers-justice\/2025\/12\/22\/les-policiers-font-feu-sur-un-homme-arme-d-un-couteau-sur-le-boulevard-jean-pain\" target=\"_blank\" rel=\"noreferrer noopener\">Dauphin\u00e9 Lib\u00e9r\u00e9<\/a>, le bless\u00e9 serait \u00e2g\u00e9 d\u2019une quarantaine d\u2019ann\u00e9es et a \u00e9t\u00e9 touch\u00e9 par deux projectiles au niveau du haut du corps et \u00e0 une main.<\/p>\n<p class=\"\">L\u2019homme a \u00e9t\u00e9 ma\u00eetris\u00e9 par les policiers, il aurait \u00e9t\u00e9 chass\u00e9 d\u2019une auto-\u00e9cole o\u00f9 il avait caus\u00e9 du scandale avant d\u2019exhiber un grand couteau. L\u2019hypoth\u00e8se d\u2019un acte terroriste semble totalement \u00e9cart\u00e9e rapporte le quotidien local.<\/p>\n<p class=\"\">Secouru par les sapeurs-pompiers et une \u00e9quipe du Samu 38, le bless\u00e9 a \u00e9t\u00e9 \u00e9vacu\u00e9 au CHU Grenoble Alpes, son pronostic vital ne serait pas engag\u00e9. Sur place, les policiers ont instaur\u00e9 un p\u00e9rim\u00e8tre de s\u00e9curit\u00e9 le temps de proc\u00e9der aux constatations et la circulation du tramway a \u00e9t\u00e9 interrompue sur la ligne C de la ville.<\/p>\n<p>Deux tirs<\/p>\n<p class=\"\">Les policiers ont d\u2019abord \u00e9t\u00e9 appel\u00e9s vers 09H00 pour un homme qui avait menac\u00e9 avec un couteau le personnel d\u2019une auto-\u00e9cole dont il \u00e9tait client. Il a pris la fuite \u00e0 l\u2019arriv\u00e9e des policiers, qui l\u2019ont alors poursuivi. Puis il a tent\u00e9 \u00ab de porter des coups de couteau \u00e0 deux des policiers \u00bb, a indiqu\u00e9 dans un communiqu\u00e9 In\u00e8s Delay, procureure-adjointe de Grenoble.<\/p>\n<p class=\"lp-card-podcast-highlighting__title  lp-f-subtitle-05\">[2\/2] Vengeance et colis pi\u00e9g\u00e9\u00a0: le myst\u00e9rieux attentat de La\u00a0Baule<\/p>\n<p><a class=\"lp-card-podcast-highlighting__call-to-action\" data-page-type=\"HP\" data-block-name=\"podcast-highlight\">\u00c9couter<\/a><\/p>\n<p class=\"\">L\u2019un des fonctionnaires a, \u00ab en r\u00e9ponse \u00bb, tir\u00e9 \u00e0 deux reprises, blessant le suspect \u00e0 une main et au thorax. Le bless\u00e9 a \u00e9t\u00e9 hospitalis\u00e9 et a subi une op\u00e9ration lundi dans l\u2019apr\u00e8s-midi, selon la m\u00eame source. Il voulait contester son exclusion r\u00e9cente de l\u2019auto-\u00e9cole, \u00ab survenue \u00e0 la suite de violences d\u00e9nonc\u00e9es par le personnel \u00bb d\u00e9but d\u00e9cembre, et qui faisaient l\u2019objet d\u2019une enqu\u00eate, a pr\u00e9cis\u00e9 Delay.<\/p>\n<p class=\"\">\u00ab A ce stade des investigations \u00bb, il n\u2019est \u00ab pas \u00e9tabli que des menaces terroristes aient \u00e9t\u00e9 prof\u00e9r\u00e9es par l\u2019int\u00e9ress\u00e9 \u00e0 l\u2019encontre de quiconque \u00bb, a ajout\u00e9 la procureure-adjointe.<\/p>\n<p>Lame de 10 \u00e0 15 cm<\/p>\n<p class=\"\">Selon une employ\u00e9e de l\u2019auto-\u00e9cole qui a t\u00e9moign\u00e9 au t\u00e9l\u00e9phone, l\u2019homme est arriv\u00e9 sur le pas de la porte et \u00ab a dit qu\u2019il voulait r\u00e9cup\u00e9rer son dossier \u00bb. \u00ab Apr\u00e8s, il a d\u00e9clar\u00e9 qu\u2019il avait un couteau et l\u2019a sorti \u00bb, a-t-elle ajout\u00e9 sous couvert d\u2019anonymat, d\u00e9crivant un \u00ab couteau de chasse \u00bb avec une lame \u00ab de 10 \u00e0 15 cm \u00bb.<\/p>\n<p class=\"\">\u00ab Il a un peu recul\u00e9 et mon chef a eu le temps de fermer la porte \u00e0 cl\u00e9 \u00bb, avant d\u2019appeler la police, a-t-elle poursuivi. Selon la procureure-adjointe, l\u2019homme est d\u00e9j\u00e0 connu pour des violences commises en 2017, 2022 et 2023, class\u00e9es sans suite \u00ab pour la plupart compte tenu de son \u00e9tat psychiatrique \u00bb.<\/p>\n<p class=\"\">Une enqu\u00eate pour \u00ab tentatives d\u2019homicides contre personnes d\u00e9positaires de l\u2019autorit\u00e9 publique et violences avec arme \u00bb, a \u00e9t\u00e9 confi\u00e9e \u00e0 la police judiciaire locale. Une autre a \u00e9t\u00e9 confi\u00e9e \u00e0 l\u2019Inspection g\u00e9n\u00e9rale de la police nationale (IGPN) \u00e0 la suite de l\u2019usage par le policier de son arme de service.<\/p>\n<p class=\"\">Samedi midi dans le centre d\u2019Ajaccio, un homme de 26 ans arm\u00e9 d\u2019un couteau a menac\u00e9 des passants <a href=\"https:\/\/www.leparisien.fr\/faits-divers\/visa-etudiant-saisonnier-en-corse-interne-en-hopital-psychiatrique-que-sait-on-de-muhamed-gueye-abattu-par-la-police-a-ajaccio-22-12-2025-RYRHVPOIZNFCVEHEF44EQSVKUI.php\" target=\"_self\" rel=\"noopener\">avant d\u2019\u00eatre tu\u00e9 par la police<\/a>.<\/p>\n","protected":false},"excerpt":{"rendered":"\u00c0 Grenoble (Is\u00e8re), la police indique ce lundi avoir tir\u00e9 et bless\u00e9 un homme mena\u00e7ant avec un couteau.&hellip;\n","protected":false},"author":2,"featured_media":281929,"comment_status":"","ping_status":"","sticky":false,"template":"","format":"standard","meta":{"footnotes":""},"categories":[9566],"tags":[1111,11,2430,1777,674,118,1011,27,2731,12,25],"class_list":{"0":"post-626517","1":"post","2":"type-post","3":"status-publish","4":"format-standard","5":"has-post-thumbnail","7":"category-grenoble","8":"tag-actu","9":"tag-actualites","10":"tag-auvergne-rhone-alpes","11":"tag-eu","12":"tag-europe","13":"tag-faits-divers","14":"tag-fr","15":"tag-france","16":"tag-grenoble","17":"tag-news","18":"tag-republique-francaise"},"share_on_mastodon":{"url":"https:\/\/pubeurope.com\/@fr\/115795655588690654","error":""},"_links":{"self":[{"href":"https:\/\/www.europesays.com\/fr\/wp-json\/wp\/v2\/posts\/626517","targetHints":{"allow":["GET"]}}],"collection":[{"href":"https:\/\/www.europesays.com\/fr\/wp-json\/wp\/v2\/posts"}],"about":[{"href":"https:\/\/www.europesays.com\/fr\/wp-json\/wp\/v2\/types\/post"}],"author":[{"embeddable":true,"href":"https:\/\/www.europesays.com\/fr\/wp-json\/wp\/v2\/users\/2"}],"replies":[{"embeddable":true,"href":"https:\/\/www.europesays.com\/fr\/wp-json\/wp\/v2\/comments?post=626517"}],"version-history":[{"count":0,"href":"https:\/\/www.europesays.com\/fr\/wp-json\/wp\/v2\/posts\/626517\/revisions"}],"wp:featuredmedia":[{"embeddable":true,"href":"https:\/\/www.europesays.com\/fr\/wp-json\/wp\/v2\/media\/281929"}],"wp:attachment":[{"href":"https:\/\/www.europesays.com\/fr\/wp-json\/wp\/v2\/media?parent=626517"}],"wp:term":[{"taxonomy":"category","embeddable":true,"href":"https:\/\/www.europesays.com\/fr\/wp-json\/wp\/v2\/categories?post=626517"},{"taxonomy":"post_tag","embeddable":true,"href":"https:\/\/www.europesays.com\/fr\/wp-json\/wp\/v2\/tags?post=626517"}],"curies":[{"name":"wp","href":"https:\/\/api.w.org\/{rel}","templated":true}]}}