{"id":626518,"date":"2025-12-28T05:58:15","date_gmt":"2025-12-28T05:58:15","guid":{"rendered":"https:\/\/www.europesays.com\/fr\/626518\/"},"modified":"2025-12-28T05:58:15","modified_gmt":"2025-12-28T05:58:15","slug":"a-rennes-les-transports-en-commun-moins-chers-ce-dimanche-voici-comment-en-beneficier","status":"publish","type":"post","link":"https:\/\/www.europesays.com\/fr\/626518\/","title":{"rendered":"\u00c0 Rennes, les transports en commun moins chers ce dimanche, voici comment en b\u00e9n\u00e9ficier"},"content":{"rendered":"<p>                    Par<br \/>\n        <strong><br \/>\n            <a href=\"https:\/\/actu.fr\/auteur\/clemence-pays02-actu-fr\" title=\"Consulter tous les articles de Cl\u00e9mence Pays\" target=\"_blank\" rel=\"noopener\">Cl\u00e9mence Pays<\/a><br \/>\n                    <\/strong><\/p>\n<p>        Publi\u00e9 le<\/p>\n<p>            28 d\u00e9c. 2025 \u00e0 5h52        <\/p>\n<p><a href=\"https:\/\/actu.fr\/bretagne\/rennes_35238\/episode-de-pollution-en-ille-et-vilaine-la-qualite-de-l-air-est-mauvaise-voici-les-precautions-a-prendre_63627417.html\" target=\"_blank\" rel=\"noopener\">L\u2019indice de la qualit\u00e9 de l\u2019air en Ille-et-Vilaine est mauvais et r\u00e9v\u00e8le un niveau \u00e9lev\u00e9 de particules fines<\/a>. \u00ab\u2009Pour inciter les habitants \u00e0 <strong>utiliser les transports en commun,<\/strong> <a href=\"https:\/\/actu.fr\/tag\/reseau-star\" target=\"_blank\" rel=\"noopener\">STAR<\/a> met en place le <strong>Pass Qualit\u00e9 de l\u2019Air,<\/strong> dimanche 28\u00a0d\u00e9cembre\u2009\u00bb, annonce Keolis dans un communiqu\u00e9 de presse.<\/p>\n<p class=\" wall-content\">Ce ticket co\u00fbte <strong>1,70\u00a0euro<\/strong> et permet de <strong>circuler<\/strong> sur l\u2019ensemble du r\u00e9seau bus et m\u00e9tro, durant <strong>toute la journ\u00e9e de dimanche.<\/strong><\/p>\n<p>Comment obtenir ce pass\u2009?<\/p>\n<p class=\" wall-content\">Le Pass Qualit\u00e9 de l\u2019Air peut \u00eatre <strong>charg\u00e9 sur une carte KorriGo ou sur un ticket rechargeable<\/strong> dans les lieux suivants\u2009:<\/p>\n<ul class=\" wall-content\">\n<li>\u00e0 bord des bus, aupr\u00e8s du conducteur (r\u00e8glement en monnaie)\u2009;<\/li>\n<li>sur les distributeurs automatiques du m\u00e9tro\u2009;<\/li>\n<li>\u00e0 l\u2019Espace KorriGo.<\/li>\n<\/ul>\n<p class=\" wall-content\">\u00ab\u2009Le Pass Qualit\u00e9 de l\u2019Air est <strong>valable uniquement lors des journ\u00e9es d\u2019alerte<\/strong> \u00e0 la pollution d\u00e9clar\u00e9es. Selon l\u2019\u00e9volution de l\u2019\u00e9pisode de pollution dans les jours qui viennent, il pourra rester actif au-del\u00e0 du dimanche 28\u00a0d\u00e9cembre.\u2009\u00bb<\/p>\n<p class=\" wall-content\">Personnalisez votre actualit\u00e9 en ajoutant vos villes et m\u00e9dias en favori avec <a href=\"https:\/\/moncompte.actu.fr\" title=\"D\u00e9couvez Mon Actu\" rel=\"nofollow noopener\" data-trk=\"{&quot;cta&quot;:{&quot;action&quot;:&quot;https:\\\/\\\/moncompte.actu.fr&quot;,&quot;category&quot;:&quot;mon compte&quot;,&quot;from&quot;:&quot;article footer&quot;,&quot;name&quot;:&quot;Mon actu&quot;,&quot;type&quot;:&quot;cta&quot;}}\" target=\"_blank\">Mon Actu<\/a>.<\/p>\n","protected":false},"excerpt":{"rendered":"Par Cl\u00e9mence Pays Publi\u00e9 le 28 d\u00e9c. 2025 \u00e0 5h52 L\u2019indice de la qualit\u00e9 de l\u2019air en Ille-et-Vilaine&hellip;\n","protected":false},"author":2,"featured_media":626519,"comment_status":"","ping_status":"","sticky":false,"template":"","format":"standard","meta":{"footnotes":""},"categories":[2821],"tags":[1111,11,829,1777,674,1011,27,12,52,1800,584,25,5001,2803],"class_list":{"0":"post-626518","1":"post","2":"type-post","3":"status-publish","4":"format-standard","5":"has-post-thumbnail","7":"category-rennes","8":"tag-actu","9":"tag-actualites","10":"tag-bretagne","11":"tag-eu","12":"tag-europe","13":"tag-fr","14":"tag-france","15":"tag-news","16":"tag-planete","17":"tag-pollution","18":"tag-rennes","19":"tag-republique-francaise","20":"tag-reseau-star","21":"tag-transport"},"share_on_mastodon":{"url":"https:\/\/pubeurope.com\/@fr\/115795663460231900","error":""},"_links":{"self":[{"href":"https:\/\/www.europesays.com\/fr\/wp-json\/wp\/v2\/posts\/626518","targetHints":{"allow":["GET"]}}],"collection":[{"href":"https:\/\/www.europesays.com\/fr\/wp-json\/wp\/v2\/posts"}],"about":[{"href":"https:\/\/www.europesays.com\/fr\/wp-json\/wp\/v2\/types\/post"}],"author":[{"embeddable":true,"href":"https:\/\/www.europesays.com\/fr\/wp-json\/wp\/v2\/users\/2"}],"replies":[{"embeddable":true,"href":"https:\/\/www.europesays.com\/fr\/wp-json\/wp\/v2\/comments?post=626518"}],"version-history":[{"count":0,"href":"https:\/\/www.europesays.com\/fr\/wp-json\/wp\/v2\/posts\/626518\/revisions"}],"wp:featuredmedia":[{"embeddable":true,"href":"https:\/\/www.europesays.com\/fr\/wp-json\/wp\/v2\/media\/626519"}],"wp:attachment":[{"href":"https:\/\/www.europesays.com\/fr\/wp-json\/wp\/v2\/media?parent=626518"}],"wp:term":[{"taxonomy":"category","embeddable":true,"href":"https:\/\/www.europesays.com\/fr\/wp-json\/wp\/v2\/categories?post=626518"},{"taxonomy":"post_tag","embeddable":true,"href":"https:\/\/www.europesays.com\/fr\/wp-json\/wp\/v2\/tags?post=626518"}],"curies":[{"name":"wp","href":"https:\/\/api.w.org\/{rel}","templated":true}]}}