{"id":626520,"date":"2025-12-28T06:00:50","date_gmt":"2025-12-28T06:00:50","guid":{"rendered":"https:\/\/www.europesays.com\/fr\/626520\/"},"modified":"2025-12-28T06:00:50","modified_gmt":"2025-12-28T06:00:50","slug":"oenologie-et-degustation-de-vins-a-strasbourg-67","status":"publish","type":"post","link":"https:\/\/www.europesays.com\/fr\/626520\/","title":{"rendered":"\u0152nologie et d\u00e9gustation de vins \u00e0 Strasbourg (67)"},"content":{"rendered":"<p class=\"fw-bold font-size-16 my-1\"> Krutenau | <a href=\"https:\/\/www.jds.fr\/strasbourg\/\" target=\"_blank\" rel=\"noopener\">Strasbourg<\/a><\/p>\n<p class=\"fw-bold font-size-16 my-1\"> Cours d&rsquo;\u0153nologie &#8211; 1h45, Prix \/ personne : 41,90\u00a0\u20ac <\/p>\n<ul class=\"list-unstyled d-flex flex-wrap mt-2\">\n<li class=\"me-2 mb-2\">sensoriel<\/li>\n<li class=\"me-2 mb-2\">\u00e9ducatif<\/li>\n<li class=\"me-2 mb-2\">adultes<\/li>\n<li class=\"me-2 mb-2\">int\u00e9rieur<\/li>\n<li class=\"me-2 mb-2\">centre-ville<\/li>\n<li class=\"me-2 mb-2\">2h-3h<\/li>\n<li class=\"me-2 mb-2\">gastronomie<\/li>\n<li class=\"me-2 mb-2\">oenologie<\/li>\n<li class=\"me-2 mb-2\">id\u00e9e cadeau<\/li>\n<\/ul>\n<p><a class=\"btn btn-lg shadow-lg btn-primary rounded-pill fnac_link\" data-fnac=\"haut\" href=\"https:\/\/lb.affilae.com\/r\/?p=5f7dd9b02760126e01e487b3&amp;af=628&amp;lp=https%3A%2F%2Fwww.funbooker.com%2Ffr%2Fannonce%2Foenologie-et-degustation-de-vins-a-strasbourg%2Fvoir%3Futm_source%3Daffilae%26utm_medium%3Djds\" target=\"_blank\" rel=\"nofollow noopener\"> Acheter des billets<\/a><\/p>\n<p>Dans le centre de Strasbourg, quartier Krutenau, vous serez invit\u00e9s \u00e0 r\u00e9aliser une d\u00e9gustation rythm\u00e9e par un parcours sensoriel et ludique, pour apprendre \u00e0 mettre des mots sur vos sensations et \u00e0 d\u00e9crire un vin. Dans une ambiance d\u00e9contract\u00e9e, vous aurez la possibilit\u00e9 de poser toutes vos questions et de d\u00e9couvrir ou red\u00e9couvrir les notions d\u2019ar\u00f4mes et de terroirs, le tout dans la bonne humeur\u00a0!<\/p>\n<p><a data-lightbox=\"article\" data-title=\"\u0152nologie et d\u00e9gustation de vins \u00e0 Strasbourg (67) DR\" class=\"image detail fullwidth  position-relative d-block\" href=\"https:\/\/www.jds.fr\/medias\/image\/nologie-et-degustation-de-vins-a-strasbourg-67-805094-920-0-F.webp\" title=\"\u0152nologie et d\u00e9gustation de vins \u00e0 Strasbourg (67) DR\" target=\"_blank\" rel=\"noopener\"><br \/>\n<img decoding=\"async\" loading=\"lazy\" src=\"https:\/\/www.europesays.com\/fr\/wp-content\/uploads\/2025\/12\/nologie-et-degustation-de-vins-a-strasbourg-67-805094-1200-0.webp.webp\"   width=\"685\" alt=\"\u0152nologie et d\u00e9gustation de vins \u00e0 Strasbourg (67)\" class=\"border\"\/><br \/>\nDR<br \/>\n\u0152nologie et d\u00e9gustation de vins \u00e0 Strasbourg (67)<br \/>\n<\/a><\/p>\n<p><strong>D\u00e9roulement du cours (1 h 45)\u00a0:<\/strong><\/p>\n<ul>\n<li>D\u00e9couverte de 6 grands vins reconnus \u00e0 travers un parcours sensoriel ludique.<\/li>\n<li>Apprentissage des grandes notions de l\u2019univers du vin\u00a0: savoir lire une \u00e9tiquette, choisir et acheter une bouteille sans se tromper\u00a0; savoir r\u00e9aliser tr\u00e8s simplement des accords mets-vins\u00a0; comprendre les notions de c\u00e9page et de terroir, les temps de garde et le carafage, etc.<\/li>\n<li>D\u00e9couverte des ar\u00f4mes avec le jeu des ar\u00f4mes du vin (Le Nez du Vin\u00a9 de Jean Lenoir).<\/li>\n<li>Un accompagnement de charcuterie et de fromage.<\/li>\n<li>Supports de d\u00e9gustation offerts pour garder une trace de votre initiation.<\/li>\n<\/ul>\n<p>Cette activit\u00e9 est id\u00e9ale pour tous les amateurs d\u2019\u0153nologie qui souhaitent se perfectionner et en apprendre davantage sur le m\u00e9tier\u00a0! \u00c0 vivre ou \u00e0 offrir, n\u2019attendez plus.<\/p>\n<p>            Renseignements<\/p>\n<p><strong class=\"font-size-18\">O\u00f9\u00a0:<\/strong><br \/> Krutenau<a class=\"mt-1 d-block ps-4\" href=\"https:\/\/www.jds.fr\/strasbourg\/\" target=\"_blank\" rel=\"noopener\"> 67000 Strasbourg<\/a><\/p>\n<p>Tarifs et billetterie\u00a0: <\/p>\n<p>Cours d&rsquo;\u0153nologie &#8211; 1h45, Prix \/ personne : 41,90\u00a0\u20ac<\/p>\n<p>Les actualit\u00e9s \u00e0 Strasbourg<\/p>\n<ul class=\"mt-3 list-unstyled list-articles-v2\" id=\"liste-dates-6950c784355e6\">\n<li class=\"col-12 pt-4\" data-view-id-type=\"1\" data-view-id=\"1303452\" data-view-bc=\"0\"><a class=\"image\" href=\"https:\/\/www.jds.fr\/strasbourg\/magazine\/sorties-du-week-end\/strasbourg-notre-selection-de-sorties-du-week-end-du-26-au-28-decembre-1303452_A\" target=\"_blank\" rel=\"noopener\"><img decoding=\"async\" loading=\"lazy\" src=\"https:\/\/www.europesays.com\/fr\/wp-content\/uploads\/2025\/12\/nl-2023-808463-180-180.webp.webp\" width=\"180\" height=\"180\" alt=\"Strasbourg : notre s\u00e9lection de sorties du week-end du 26 au 28 d\u00e9cembre\" class=\"border\"\/><\/a><\/li>\n<li class=\"col-12 pt-4\" data-view-id-type=\"1\" data-view-id=\"1289835\" data-view-bc=\"0\"><a class=\"image\" href=\"https:\/\/www.jds.fr\/strasbourg\/magazine\/actu-magazine\/cahier-d-activites-en-alsacien-pour-enfants-le-feriespass-de-l-olca-1289835_A\" target=\"_blank\" rel=\"noopener\"><img decoding=\"async\" loading=\"lazy\" src=\"https:\/\/www.europesays.com\/fr\/wp-content\/uploads\/2025\/12\/cahier-d-activites-en-alsacien-pour-enfants-le-fer-796676-180-180.webp.webp\" width=\"180\" height=\"180\" alt=\"Cahier d'activit\u00e9s en alsacien pour enfants : le Feriesp\u00e0ss de l'OLCA\" class=\"border\"\/><\/a><\/li>\n<li class=\"col-12 pt-4\" data-view-id-type=\"1\" data-view-id=\"1283751\" data-view-bc=\"0\"><a class=\"image\" href=\"https:\/\/www.jds.fr\/strasbourg\/magazine\/actu-magazine\/noel-solidaire-a-strasbourg-l-armee-du-salut-relance-ses-marmites-de-noel-1283751_A\" target=\"_blank\" rel=\"noopener\"><img decoding=\"async\" loading=\"lazy\" src=\"https:\/\/www.europesays.com\/fr\/wp-content\/uploads\/2025\/12\/marmites-de-noel-de-l-armee-du-salut-a-strasbourg-793634-180-180.webp.webp\" width=\"180\" height=\"180\" alt=\"No\u00ebl solidaire \u00e0 Strasbourg : l\u2019Arm\u00e9e du Salut relance ses Marmites de No\u00ebl\" class=\"border\"\/><\/a><\/li>\n<\/ul>\n<p><a href=\"https:\/\/www.jds.fr\/strasbourg\/magazine\/\" class=\"btn btn-outline-primary py-2 px-4\" target=\"_blank\" rel=\"noopener\">Voir toutes les actualit\u00e9s \u00e0 Strasbourg<\/a><\/p>\n<p class=\"mt-0 mb-3 h2\">Newsletter JDS Strasbourg<\/p>\n<p class=\"font-size-18 fw-normal lh-sm\">Pr\u00eat pour un week-end de folie\u00a0? Chaque jeudi tous les bons plans sorties<\/p>\n","protected":false},"excerpt":{"rendered":"Krutenau | Strasbourg Cours d&rsquo;\u0153nologie &#8211; 1h45, Prix \/ personne : 41,90\u00a0\u20ac sensoriel \u00e9ducatif adultes int\u00e9rieur centre-ville 2h-3h&hellip;\n","protected":false},"author":2,"featured_media":626521,"comment_status":"","ping_status":"","sticky":false,"template":"","format":"standard","meta":{"footnotes":""},"categories":[2820],"tags":[1111,11,1777,674,1011,27,775,12,25,640],"class_list":{"0":"post-626520","1":"post","2":"type-post","3":"status-publish","4":"format-standard","5":"has-post-thumbnail","7":"category-strasbourg","8":"tag-actu","9":"tag-actualites","10":"tag-eu","11":"tag-europe","12":"tag-fr","13":"tag-france","14":"tag-grand-est","15":"tag-news","16":"tag-republique-francaise","17":"tag-strasbourg"},"share_on_mastodon":{"url":"https:\/\/pubeurope.com\/@fr\/115795676449778536","error":""},"_links":{"self":[{"href":"https:\/\/www.europesays.com\/fr\/wp-json\/wp\/v2\/posts\/626520","targetHints":{"allow":["GET"]}}],"collection":[{"href":"https:\/\/www.europesays.com\/fr\/wp-json\/wp\/v2\/posts"}],"about":[{"href":"https:\/\/www.europesays.com\/fr\/wp-json\/wp\/v2\/types\/post"}],"author":[{"embeddable":true,"href":"https:\/\/www.europesays.com\/fr\/wp-json\/wp\/v2\/users\/2"}],"replies":[{"embeddable":true,"href":"https:\/\/www.europesays.com\/fr\/wp-json\/wp\/v2\/comments?post=626520"}],"version-history":[{"count":0,"href":"https:\/\/www.europesays.com\/fr\/wp-json\/wp\/v2\/posts\/626520\/revisions"}],"wp:featuredmedia":[{"embeddable":true,"href":"https:\/\/www.europesays.com\/fr\/wp-json\/wp\/v2\/media\/626521"}],"wp:attachment":[{"href":"https:\/\/www.europesays.com\/fr\/wp-json\/wp\/v2\/media?parent=626520"}],"wp:term":[{"taxonomy":"category","embeddable":true,"href":"https:\/\/www.europesays.com\/fr\/wp-json\/wp\/v2\/categories?post=626520"},{"taxonomy":"post_tag","embeddable":true,"href":"https:\/\/www.europesays.com\/fr\/wp-json\/wp\/v2\/tags?post=626520"}],"curies":[{"name":"wp","href":"https:\/\/api.w.org\/{rel}","templated":true}]}}