{"id":626522,"date":"2025-12-28T06:02:29","date_gmt":"2025-12-28T06:02:29","guid":{"rendered":"https:\/\/www.europesays.com\/fr\/626522\/"},"modified":"2025-12-28T06:02:29","modified_gmt":"2025-12-28T06:02:29","slug":"kendry-paez-en-difficulte-au-rc-strasbourg-avant-lhiver","status":"publish","type":"post","link":"https:\/\/www.europesays.com\/fr\/626522\/","title":{"rendered":"Kendry P\u00e1ez en difficult\u00e9 au RC Strasbourg avant l\u2019hiver"},"content":{"rendered":"<p>Kendry P\u00e1ez peine \u00e0 convaincre \u00e0 Strasbourg. Le jeune international \u00e9quatorien, pr\u00eat\u00e9 par Chelsea cet \u00e9t\u00e9, pourrait d\u00e9j\u00e0 quitter l\u2019Alsace lors du mercato hivernal.<\/p>\n<p class=\"ftx-auto-aff\" style=\"text-align:center;margin:24px 0;\">\n\t\t<a href=\"https:\/\/action.metaffiliation.com\/trk.php?mclic=P4F53157E7E91B1\" target=\"_blank\" rel=\"sponsored noopener nofollow external noreferrer\" data-wpel-link=\"external\"><br \/>\n\t\t\t<img src=\"data:image\/svg+xml,%3Csvg%20xmlns=\" http:=\"\" alt=\"Banni\u00e8re partenaire\" decoding=\"async\" style=\"max-width:100%;height:auto;\" data-lazy-src=\"https:\/\/www.europesays.com\/fr\/wp-content\/uploads\/2025\/12\/1765940130_785_trk\"\/><br \/>\n\t\t<\/a>\n\t<\/p>\n<p>Le constat est sec : malgr\u00e9 23 s\u00e9lections avec l\u2019\u00c9quateur \u00e0 seulement 18 ans, Kendry P\u00e1ez ne d\u00e9colle pas en Ligue 1.<\/p>\n<p>Arriv\u00e9 en fanfare courant ao\u00fbt, le <strong>meneur de jeu<\/strong> n\u2019a \u00e9t\u00e9 titularis\u00e9 que <strong>4 fois<\/strong> avec le Racing. Il n\u2019a sign\u00e9 qu\u2019une <strong>contribution d\u00e9cisive<\/strong> (un but ou une passe d\u00e9cisive) sur 19 apparitions toutes comp\u00e9titions confondues. C\u2019est <strong>peu<\/strong>. Trop peu, m\u00eame. D\u2019autant que <strong>l\u2019op\u00e9ration avait suscit\u00e9<\/strong> une certaine excitation, Strasbourg misant sur le <strong>talent brut<\/strong> de l\u2019ancien du club \u00e9quatorien <strong>Independiente del Valle<\/strong>.<\/p>\n<p>Les signaux \u00e9taient pr\u00e9sents<\/p>\n<p>Selon L\u2019\u00c9quipe, des <strong>doutes existaient<\/strong> d\u00e9j\u00e0 en interne avant m\u00eame le d\u00e9but du pr\u00eat. Des membres du staff auraient exprim\u00e9 leur <strong>incertitude<\/strong> sur la capacit\u00e9 du joueur \u00e0 s\u2019int\u00e9grer rapidement dans l\u2019exigence <strong>physique et tactique<\/strong> de la <a href=\"https:\/\/www.footix.fr\/ligue-1-panichelli-la-revelation-qui-devance-greenwood-et-fati\/\" data-wpel-link=\"internal\" target=\"_blank\" rel=\"noopener\">Ligue 1<\/a>. Et visiblement, ils ne s\u2019\u00e9taient pas <strong>tromp\u00e9s<\/strong>. Le quotidien \u00e9voque \u00e9galement un \u00ab\u00a0<strong>mode de vie<\/strong> pas optimal\u00a0\u00bb, sans plus de d\u00e9tails. Une formulation qui peut vouloir <strong>dire beaucoup<\/strong>\u2026 ou pas grand-chose, mais qui <strong>p\u00e8se<\/strong> forc\u00e9ment dans l\u2019\u00e9valuation globale.<\/p>\n<p><img fetchpriority=\"high\" decoding=\"async\" class=\"alignnone size-full wp-image-48165\" src=\"data:image\/svg+xml,%3Csvg%20xmlns=\" http:=\"\" alt=\"P\u00e1ez\" width=\"1200\" height=\"800\" data-lazy- data-lazy- data-lazy-src=\"https:\/\/www.europesays.com\/fr\/wp-content\/uploads\/2025\/12\/Paez.webp.webp\"\/><\/p>\n<p>Concr\u00e8tement, Strasbourg ne semble pas pr\u00eat \u00e0 attendre ind\u00e9finiment.<\/p>\n<p>Le mercato d\u2019hiver s\u2019ouvre dans 5 semaines (le 1er janvier 2025), et la possibilit\u00e9 d\u2019\u00e9courter <strong>le pr\u00eat<\/strong> est d\u00e9sormais sur la table. Officiellement, rien n\u2019a <strong>filtr\u00e9<\/strong> de la part de la direction alsacienne, mais les <strong>options se r\u00e9duisent<\/strong>. Marc Keller, pr\u00e9sident du RCSA, l\u2019avait dit lors de l\u2019intersaison : \u201cOn veut des joueurs capables de <strong>s\u2019adapter vite<\/strong>, on n\u2019a pas <strong>le luxe<\/strong> d\u2019attendre 6 ou 8 mois.\u201d \u00c0 ce jour, <strong>P\u00e1ez n\u2019a pas coch\u00e9<\/strong> cette case.<\/p>\n<p>Un contexte plus large \u00e0 Strasbourg<\/p>\n<p>Le parcours <strong>collectif de Strasbourg<\/strong> n\u2019aide pas non plus. L\u2019\u00e9quipe pointe <strong>\u00e0 la 13e place<\/strong> apr\u00e8s 15 journ\u00e9es, avec seulement <strong>16 buts marqu\u00e9s<\/strong>. L\u2019efficacit\u00e9 dans les <strong>30 derniers m\u00e8tres<\/strong> est un vrai probl\u00e8me. Quand le collectif <strong>tourne au ralenti<\/strong>, difficile pour un <strong>cr\u00e9atif de briller<\/strong> sporadiquement depuis le banc. Le joueur, pr\u00eat\u00e9 jusqu\u2019en juin 2025 mais uniquement pour un an en Alsace, risque donc de faire <strong>une croix sur cette premi\u00e8re partie<\/strong> de saison.<\/p>\n<p>C\u00f4t\u00e9 Chelsea, pas de panique apparente.<\/p>\n<p>Le club londonien l\u2019avait recrut\u00e9 pour 20 millions d\u2019euros \u00e0 l\u2019\u00e9t\u00e9 2023, mais le voit comme un <strong>pari sur le long terme<\/strong>. Il faut rappeler que P\u00e1ez ne deviendra <strong>officiellement un joueur des Blues<\/strong> qu\u2019\u00e0 partir de sa majorit\u00e9 (il les a eus le 4 mai dernier), et sa trajectoire est <strong>pens\u00e9e \u00e0 l\u2019\u00e9chelle<\/strong> de quelques ann\u00e9es. C\u2019est d\u2019ailleurs Chelsea qui <strong>pilote son pr\u00eat<\/strong>, comme pour plusieurs <strong>jeunes du groupe BlueCo<\/strong>.<\/p>\n<p>Franchement, on sent que le gamin a du talent, c\u2019est \u00e9vident quand il touche le ballon.<\/p>\n<p>Mais l\u00e0, il <strong>patine<\/strong>. L\u2019\u00e9cart entre le <strong>foot sud-am\u00e9ricain<\/strong> et les <strong>exigences du jeu fran\u00e7ais<\/strong>, surtout dans un club en <strong>qu\u00eate de stabilit\u00e9<\/strong>, c\u2019est un foss\u00e9. Ce qui frappe, c\u2019est \u00e0 quel point <strong>la greffe ne prend pas<\/strong> \u2014 ni sur le plan athl\u00e9tique, ni dans les <strong>dynamiques de vestiaire<\/strong>. Dommage, parce que le gar\u00e7on a un <strong>vrai potentiel<\/strong>. Mais parfois, le bon timing, le <strong>contexte favorable<\/strong> et le cadre structurant, \u00e7a change tout. Et \u00e0 Strasbourg, faut bien avouer\u2026 <strong>on est encore loin du compte<\/strong>.<\/p>\n<p>  Derniers actualit\u00e9s chaudes<\/p>\n<p>       <img loading=\"lazy\" decoding=\"async\" src=\"data:image\/svg+xml,%3Csvg%20xmlns=\" http:=\"\" width=\"150\" height=\"150\" data-lazy- alt=\"Antoine Burdin\" class=\"avatar avatar-150 wp-user-avatar wp-user-avatar-150 alignnone photo\" data-lazy-src=\"https:\/\/www.europesays.com\/fr\/wp-content\/uploads\/2025\/05\/antoine-burdin-150x150.png\"\/>    <\/p>\n<p>                        R\u00e9dig\u00e9 par <a href=\"https:\/\/www.footix.fr\/author\/antoineburdin\/\" data-wpel-link=\"internal\" target=\"_blank\" rel=\"noopener\">Antoine Burdin<\/a> le 27\/12\/202527\/12\/2025<\/p>\n<p>&#13;<br \/>\n                &#13;<br \/>\n                   Antoine Burdin, r\u00e9dacteur passionn\u00e9 du blog footix.fr, est un auteur chevronn\u00e9 et fervent fan de football. Avec une expertise in\u00e9gal\u00e9e dans le monde du football, il a accumul\u00e9 une exp\u00e9rience pr\u00e9cieuse en couvrant les matchs, les \u00e9quipes et les joueurs. Sa plume captivante et son amour ind\u00e9fectible pour le sport en font un chroniqueur incontournable pour tous les passionn\u00e9s du ballon rond.                &#13;\n            <\/p>\n<p>            <a target=\"_blank\" rel=\"nofollow external noopener noreferrer\" href=\"https:\/\/www.linkedin.com\/in\/antoine-burdin\/\" data-wpel-link=\"external\">      <\/a><\/p>\n","protected":false},"excerpt":{"rendered":"Kendry P\u00e1ez peine \u00e0 convaincre \u00e0 Strasbourg. Le jeune international \u00e9quatorien, pr\u00eat\u00e9 par Chelsea cet \u00e9t\u00e9, pourrait d\u00e9j\u00e0&hellip;\n","protected":false},"author":2,"featured_media":626523,"comment_status":"","ping_status":"","sticky":false,"template":"","format":"standard","meta":{"footnotes":""},"categories":[2820],"tags":[1111,11,1777,674,1011,27,775,12,25,640],"class_list":{"0":"post-626522","1":"post","2":"type-post","3":"status-publish","4":"format-standard","5":"has-post-thumbnail","7":"category-strasbourg","8":"tag-actu","9":"tag-actualites","10":"tag-eu","11":"tag-europe","12":"tag-fr","13":"tag-france","14":"tag-grand-est","15":"tag-news","16":"tag-republique-francaise","17":"tag-strasbourg"},"share_on_mastodon":{"url":"https:\/\/pubeurope.com\/@fr\/115795679229679550","error":""},"_links":{"self":[{"href":"https:\/\/www.europesays.com\/fr\/wp-json\/wp\/v2\/posts\/626522","targetHints":{"allow":["GET"]}}],"collection":[{"href":"https:\/\/www.europesays.com\/fr\/wp-json\/wp\/v2\/posts"}],"about":[{"href":"https:\/\/www.europesays.com\/fr\/wp-json\/wp\/v2\/types\/post"}],"author":[{"embeddable":true,"href":"https:\/\/www.europesays.com\/fr\/wp-json\/wp\/v2\/users\/2"}],"replies":[{"embeddable":true,"href":"https:\/\/www.europesays.com\/fr\/wp-json\/wp\/v2\/comments?post=626522"}],"version-history":[{"count":0,"href":"https:\/\/www.europesays.com\/fr\/wp-json\/wp\/v2\/posts\/626522\/revisions"}],"wp:featuredmedia":[{"embeddable":true,"href":"https:\/\/www.europesays.com\/fr\/wp-json\/wp\/v2\/media\/626523"}],"wp:attachment":[{"href":"https:\/\/www.europesays.com\/fr\/wp-json\/wp\/v2\/media?parent=626522"}],"wp:term":[{"taxonomy":"category","embeddable":true,"href":"https:\/\/www.europesays.com\/fr\/wp-json\/wp\/v2\/categories?post=626522"},{"taxonomy":"post_tag","embeddable":true,"href":"https:\/\/www.europesays.com\/fr\/wp-json\/wp\/v2\/tags?post=626522"}],"curies":[{"name":"wp","href":"https:\/\/api.w.org\/{rel}","templated":true}]}}