{"id":626524,"date":"2025-12-28T06:03:15","date_gmt":"2025-12-28T06:03:15","guid":{"rendered":"https:\/\/www.europesays.com\/fr\/626524\/"},"modified":"2025-12-28T06:03:15","modified_gmt":"2025-12-28T06:03:15","slug":"joseph-segura-et-le-rn-se-disputent-la-paternite-dun-nouveau-poste-de-securite-a-saint-laurent-du-var","status":"publish","type":"post","link":"https:\/\/www.europesays.com\/fr\/626524\/","title":{"rendered":"Joseph Segura et le RN se disputent la paternit\u00e9 d\u2019un nouveau poste de s\u00e9curit\u00e9 \u00e0 Saint-Laurent-du-Var"},"content":{"rendered":"<p class=\"fs-5 \">Passe d\u2019armes autour de la police municipale de Saint-Laurent-du-Var, lors du conseil municipal de mercredi 17 d\u00e9cembre. Et cette fois, <a href=\"https:\/\/www.nicematin.com\/societe\/securite\/racisme-brutalite-reglements-de-comptes-a-la-police-municipale-de-saint-laurent-du-var-10652121\" target=\"_blank\" rel=\"noopener\">ce n\u2019est pas pour des soup\u00e7ons de racisme ou de passage \u00e0 tabac&#8230;<\/a><\/p>\n<p class=\"fs-5 \">Le maire LR Joseph S\u00e9gura, pas encore officiellement candidat aux municipales, a en effet annonc\u00e9 la cr\u00e9ation d\u2019une antenne de la police municipale \u00e0 la place <a href=\"https:\/\/www.nicematin.com\/societe\/vie-locale\/que-va-devenir-l-ancienne-poste-avenue-du-general-leclerc-a-saint-laurent-du-var-800723\" target=\"_blank\" rel=\"noopener\">de l\u2019ancienne Poste avenue du G\u00e9n\u00e9ral Leclerc, ferm\u00e9e en 2022, en plein centre-ville, \u00e0 proximit\u00e9 du square B\u00e8nes.<\/a><\/p>\n<p class=\"fs-5 \">Imm\u00e9diatement, le candidat du Rassemblement National (RN) aux municipales, Rafa\u00ebl Quessada, a publi\u00e9 un post Facebook intitul\u00e9 \u00ab Poste de police municipale : quand le maire s\u2019approprie nos propositions \u00e0 quelques semaines de l\u2019\u00e9lection \u00bb, o\u00f9 il explique en somme que \u00ab si nos id\u00e9es sont suffisamment bonnes pour que le maire les fasse siennes, alors le bulletin Joseph Segura n\u2019a plus de raison d\u2019\u00eatre gliss\u00e9 dans l\u2019urne. \u00bb<\/p>\n<p>        <img src=\"https:\/\/www.europesays.com\/fr\/wp-content\/uploads\/2025\/12\/ef86ea6_upload-from-url-1-x7lkst26k6vz-data-art-16802774.jpg\"   loading=\"lazy\" decoding=\"async\" alt=\"De gauche \u00e0 droite, Christian Vaglio, Rafa\u00ebl Quessada, Gilles Allari, G\u00e9rard Jourdon. \" class=\"img-fluid position-absolute w-100 object-fit-cover rounded-2\" width=\"600\" height=\"400\"\/><\/p>\n<p>                                                                                Ambiance houleuse<\/p>\n<p class=\"fs-5 \">Averti de l\u2019existence de cette publication par son \u00e9quipe en plein conseil municipal, Joseph S\u00e9gura a \u00e9t\u00e9 piqu\u00e9 au vif. \u00ab Quand nous avons rachet\u00e9 l\u2019ancienne Poste en 2023, j\u2019avais d\u00e9j\u00e0 une vision sur la police municipale \u00bb, lance-t-il \u00e0 Sandrine Belot, conseill\u00e8re municipale affili\u00e9e au RN, qui expliquait avoir \u00ab propos\u00e9 cela en commission des finances il y a d\u00e9j\u00e0 deux ans \u00bb.<\/p>\n<p class=\"fs-5 \">Le premier adjoint Thomas Berettoni a repris la balle au bond, dans une ambiance quelque peu houleuse : \u00ab Il y a un monde entre faire une proposition en commission des finances il y a plus de deux ans, et dire sur les r\u00e9seaux sociaux que le maire reprend vos propositions quand il annonce au d\u00e9tour du budget que l\u2019on va am\u00e9nager l\u2019ancienne Poste en antenne de police municipale \u00bb, a-t-il tent\u00e9 d\u2019expliquer au groupe d\u2019opposition d\u2019extr\u00eame droite Les Laurentins D\u2019abord.<\/p>\n<p class=\"fs-5 \">Contact\u00e9 jeudi 18 d\u00e9cembre, Rafa\u00ebl Quessada en rajoute une couche : \u00ab Le maire dit qu\u2019il a toujours voulu faire un poste de police \u00e0 la place de l\u2019ancienne Poste, mais c\u2019est faux, il voulait en faire une maison des associations, explique-t-il. Et son projet de commissariat mutualis\u00e9 police municipale &#8211; police nationale dans le quartier du Point du Jour qu\u2019il avait annonc\u00e9 en 2014, \u00e7a en est o\u00f9 ? C\u2019est du vent comme tout le reste. \u00bb<\/p>\n<p>                                                                                \u00ab Renforcer la pr\u00e9sence de proximit\u00e9 \u00bb<\/p>\n<p class=\"fs-5 \">Les services de la Ville r\u00e9pondent aux attaques du candidat RN : \u00ab D\u00e8s l\u2019acquisition de l\u2019ancienne Poste en 2023, Joseph Segura a \u00e9voqu\u00e9 la possibilit\u00e9 d\u2019y installer un service public de proximit\u00e9. Plusieurs sc\u00e9narios ont \u00e9t\u00e9 instruits, et le choix de l\u2019antenne de police a \u00e9t\u00e9 retenu. [&#8230;] L\u2019objectif est simple : rendre les effectifs de jour plus visibles en centre-ville, am\u00e9liorer l\u2019accueil du public et renforcer la pr\u00e9sence de proximit\u00e9. L\u2019antenne a vocation \u00e0 \u00eatre ouverte du lundi au vendredi, de 8 h 30 \u00e0 18 h, avec un accueil et une pr\u00e9sence op\u00e9rationnelle au plus pr\u00e8s des habitants et des commer\u00e7ants. \u00bb<\/p>\n<p>                                                                                Le projet de commissariat mutualis\u00e9 \u00ab pas abandonn\u00e9 \u00bb<\/p>\n<p class=\"fs-5 \">Et le projet de commissariat mutualis\u00e9 ? \u00ab Il n\u2019est pas abandonn\u00e9. Le poste de centre-ville et le commissariat mutualis\u00e9 ne s\u2019opposent pas : ils se compl\u00e8tent. Ce poste de centre-ville est une premi\u00e8re \u00e9tape concr\u00e8te, rapide \u00e0 d\u00e9ployer. Le commissariat mutualis\u00e9, lui, d\u00e9pend d\u2019un calendrier et de proc\u00e9dures partag\u00e9es avec l\u2019\u00c9tat et les partenaires du projet urbain ; il ne pourra pas \u00eatre r\u00e9alis\u00e9 \u00e0 tr\u00e8s court terme [&#8230;] Le travail se poursuit avec l\u2019ensemble des acteurs comp\u00e9tents : la direction d\u00e9partementale de la S\u00e9curit\u00e9 Publique 06, le Secr\u00e9tariat g\u00e9n\u00e9ral pour l\u2019administration du minist\u00e8re de l\u2019Int\u00e9rieur Sud, la Police nationale et C\u00f4te d\u2019Azur Habitat. Le commissariat mutualis\u00e9 est int\u00e9gr\u00e9 au projet urbain Porte de France et doit prendre corps \u00e0 l\u2019horizon 2030\/2031, dans le respect des comp\u00e9tences de chacun et de la programmation op\u00e9rationnelle \u00bb, d\u00e9taille la municipalit\u00e9.<\/p>\n","protected":false},"excerpt":{"rendered":"Passe d\u2019armes autour de la police municipale de Saint-Laurent-du-Var, lors du conseil municipal de mercredi 17 d\u00e9cembre. Et&hellip;\n","protected":false},"author":2,"featured_media":626525,"comment_status":"","ping_status":"","sticky":false,"template":"","format":"standard","meta":{"footnotes":""},"categories":[2819],"tags":[1111,11,1777,674,1011,27,12,2401,882,25],"class_list":{"0":"post-626524","1":"post","2":"type-post","3":"status-publish","4":"format-standard","5":"has-post-thumbnail","7":"category-nice","8":"tag-actu","9":"tag-actualites","10":"tag-eu","11":"tag-europe","12":"tag-fr","13":"tag-france","14":"tag-news","15":"tag-nice","16":"tag-provence-alpes-cote-dazur","17":"tag-republique-francaise"},"share_on_mastodon":{"url":"","error":""},"_links":{"self":[{"href":"https:\/\/www.europesays.com\/fr\/wp-json\/wp\/v2\/posts\/626524","targetHints":{"allow":["GET"]}}],"collection":[{"href":"https:\/\/www.europesays.com\/fr\/wp-json\/wp\/v2\/posts"}],"about":[{"href":"https:\/\/www.europesays.com\/fr\/wp-json\/wp\/v2\/types\/post"}],"author":[{"embeddable":true,"href":"https:\/\/www.europesays.com\/fr\/wp-json\/wp\/v2\/users\/2"}],"replies":[{"embeddable":true,"href":"https:\/\/www.europesays.com\/fr\/wp-json\/wp\/v2\/comments?post=626524"}],"version-history":[{"count":0,"href":"https:\/\/www.europesays.com\/fr\/wp-json\/wp\/v2\/posts\/626524\/revisions"}],"wp:featuredmedia":[{"embeddable":true,"href":"https:\/\/www.europesays.com\/fr\/wp-json\/wp\/v2\/media\/626525"}],"wp:attachment":[{"href":"https:\/\/www.europesays.com\/fr\/wp-json\/wp\/v2\/media?parent=626524"}],"wp:term":[{"taxonomy":"category","embeddable":true,"href":"https:\/\/www.europesays.com\/fr\/wp-json\/wp\/v2\/categories?post=626524"},{"taxonomy":"post_tag","embeddable":true,"href":"https:\/\/www.europesays.com\/fr\/wp-json\/wp\/v2\/tags?post=626524"}],"curies":[{"name":"wp","href":"https:\/\/api.w.org\/{rel}","templated":true}]}}