{"id":626526,"date":"2025-12-28T06:04:19","date_gmt":"2025-12-28T06:04:19","guid":{"rendered":"https:\/\/www.europesays.com\/fr\/626526\/"},"modified":"2025-12-28T06:04:19","modified_gmt":"2025-12-28T06:04:19","slug":"un-defenseur-experimente-de-nice-interesse-secretement-le-president-kita-cet-hiver","status":"publish","type":"post","link":"https:\/\/www.europesays.com\/fr\/626526\/","title":{"rendered":"Un d\u00e9fenseur exp\u00e9riment\u00e9 de Nice int\u00e9resse secr\u00e8tement le pr\u00e9sident Kita cet hiver"},"content":{"rendered":"<p>Le FC Nantes traverse actuellement une phase critique de son march\u00e9 des transferts hivernal. Le club, occupant la <strong>17e position et menac\u00e9 de rel\u00e9gation<\/strong>, cherche activement \u00e0 renforcer son effectif avec des profils exp\u00e9riment\u00e9s. Les r\u00e9centes arriv\u00e9es de Machado et Cabella illustrent cette strat\u00e9gie d\u2019injection d\u2019exp\u00e9rience dans un groupe qui peine \u00e0 trouver sa stabilit\u00e9 cette saison.<\/p>\n<p>Dans cette optique de recrutement ambitieux, la direction nantaise a explor\u00e9 la possibilit\u00e9 de recruter <strong>Morgan Sanson, milieu de terrain de l\u2019OGC Nice<\/strong>. Cet int\u00e9r\u00eat, r\u00e9v\u00e9l\u00e9 par des correspondants sp\u00e9cialis\u00e9s, t\u00e9moigne de l\u2019engagement des dirigeants \u00e0 frapper fort malgr\u00e9 les contraintes financi\u00e8res. L\u2019entra\u00eeneur Luis Castro aurait initialement sugg\u00e9r\u00e9 cette piste pour combler les lacunes identifi\u00e9es du groupe.<\/p>\n<p>Cependant, les n\u00e9gociations se sont heurt\u00e9es \u00e0 des obstacles majeurs. <strong>Les exigences salariales du joueur, estim\u00e9es \u00e0 180 000 euros mensuels<\/strong>, repr\u00e9sentent un d\u00e9fi financier consid\u00e9rable pour un club aux ressources limit\u00e9es. De plus, Sanson aurait initialement refus\u00e9 de rejoindre les Canaris, peu attir\u00e9 par la perspective de rejoindre une \u00e9quipe en difficult\u00e9 sportive.<\/p>\n<p>\u00c0 Nice, la situation de Sanson est particuli\u00e8re. \u00c2g\u00e9 de <strong>31 ans avec 287 matchs de Ligue 1 \u00e0 son actif<\/strong>, il n\u2019occupe plus le statut de titulaire indiscutable sous la direction de Franck Haise. Les nouveaux recrutements estivaux et l\u2019\u00e9mergence de jeunes talents ont r\u00e9duit son importance, le limitant \u00e0 <strong>seulement 3 titularisations en Ligue 1<\/strong> cette saison.<\/p>\n<p>Les deux clubs font face \u00e0 des contextes d\u00e9licats qui expliquent l\u2019\u00e9chec des discussions. Nice traverse une p\u00e9riode tr\u00e8s compliqu\u00e9e avec une s\u00e9rie de revers cons\u00e9cutifs et des probl\u00e8mes extra-sportifs majeurs. Nantes, battant de la semelle en zone de rel\u00e9gation, ne peut offrir un environnement plus attractif. Sous contrat jusqu\u2019en 2027 et estim\u00e9 \u00e0 quatre millions d\u2019euros, Sanson dispose d\u2019une s\u00e9curit\u00e9 \u00e0 Nice malgr\u00e9 son r\u00f4le r\u00e9duit, ce qui lui a permis de rejeter cette opportunit\u00e9 peu s\u00e9duisante.<\/p>\n","protected":false},"excerpt":{"rendered":"Le FC Nantes traverse actuellement une phase critique de son march\u00e9 des transferts hivernal. Le club, occupant la&hellip;\n","protected":false},"author":2,"featured_media":626527,"comment_status":"","ping_status":"","sticky":false,"template":"","format":"standard","meta":{"footnotes":""},"categories":[2819],"tags":[1111,11,1777,674,1011,27,12,2401,882,25],"class_list":{"0":"post-626526","1":"post","2":"type-post","3":"status-publish","4":"format-standard","5":"has-post-thumbnail","7":"category-nice","8":"tag-actu","9":"tag-actualites","10":"tag-eu","11":"tag-europe","12":"tag-fr","13":"tag-france","14":"tag-news","15":"tag-nice","16":"tag-provence-alpes-cote-dazur","17":"tag-republique-francaise"},"share_on_mastodon":{"url":"https:\/\/pubeurope.com\/@fr\/115795687029209017","error":""},"_links":{"self":[{"href":"https:\/\/www.europesays.com\/fr\/wp-json\/wp\/v2\/posts\/626526","targetHints":{"allow":["GET"]}}],"collection":[{"href":"https:\/\/www.europesays.com\/fr\/wp-json\/wp\/v2\/posts"}],"about":[{"href":"https:\/\/www.europesays.com\/fr\/wp-json\/wp\/v2\/types\/post"}],"author":[{"embeddable":true,"href":"https:\/\/www.europesays.com\/fr\/wp-json\/wp\/v2\/users\/2"}],"replies":[{"embeddable":true,"href":"https:\/\/www.europesays.com\/fr\/wp-json\/wp\/v2\/comments?post=626526"}],"version-history":[{"count":0,"href":"https:\/\/www.europesays.com\/fr\/wp-json\/wp\/v2\/posts\/626526\/revisions"}],"wp:featuredmedia":[{"embeddable":true,"href":"https:\/\/www.europesays.com\/fr\/wp-json\/wp\/v2\/media\/626527"}],"wp:attachment":[{"href":"https:\/\/www.europesays.com\/fr\/wp-json\/wp\/v2\/media?parent=626526"}],"wp:term":[{"taxonomy":"category","embeddable":true,"href":"https:\/\/www.europesays.com\/fr\/wp-json\/wp\/v2\/categories?post=626526"},{"taxonomy":"post_tag","embeddable":true,"href":"https:\/\/www.europesays.com\/fr\/wp-json\/wp\/v2\/tags?post=626526"}],"curies":[{"name":"wp","href":"https:\/\/api.w.org\/{rel}","templated":true}]}}