{"id":626528,"date":"2025-12-28T06:06:20","date_gmt":"2025-12-28T06:06:20","guid":{"rendered":"https:\/\/www.europesays.com\/fr\/626528\/"},"modified":"2025-12-28T06:06:20","modified_gmt":"2025-12-28T06:06:20","slug":"une-maraude-exceptionnelle-le-31-decembre","status":"publish","type":"post","link":"https:\/\/www.europesays.com\/fr\/626528\/","title":{"rendered":"une maraude exceptionnelle le 31 d\u00e9cembre"},"content":{"rendered":"<p>                    Par<br \/>\n        <strong><br \/>\n            <a href=\"https:\/\/actu.fr\/auteur\/thomas-bernard\" title=\"Consulter tous les articles de Thomas Bernard\" target=\"_blank\" rel=\"noopener\">Thomas Bernard<\/a><br \/>\n                    <\/strong><\/p>\n<p>        Publi\u00e9 le<\/p>\n<p>            28 d\u00e9c. 2025 \u00e0 6h50        <\/p>\n<p>\u00c0 Nantes, depuis le 24 d\u00e9cembre, la pr\u00e9fecture de Loire-Atlantique a sollicit\u00e9 la Protection civile 44 pour l\u2019ouverture d\u2019un centre d\u2019h\u00e9bergement (un autre a \u00e9t\u00e9 ouvert \u00e0 Saint-Nazaire) dans le cadre du plan Grand Froid. Au total, <b>40 places suppl\u00e9mentaires ont \u00e9t\u00e9 ouvertes<\/b>.\u00a0<\/p>\n<p class=\" wall-content\">Face aux temp\u00e9ratures hivernales, la Croix-Rouge de Nantes annonce qu\u2019elle organise \u00ab\u00a0une maraude exceptionnelle\u00a0\u00bb, de <b>17 h \u00e0 23 h, le 31 d\u00e9cembre 2025.<\/b>\u00a0<\/p>\n<p>Boissons chaudes et couvertures\u00a0<\/p>\n<p class=\" wall-content\">Dans un communiqu\u00e9 transmis \u00e0 <a href=\"https:\/\/actu.fr\/nantes\/\" target=\"_blank\" rel=\"noopener\">actu Nantes<\/a>, la Croix-Rouge de Nantes annonce la mobilisation de deux \u00e9quipes de b\u00e9n\u00e9voles pour la nuit de la Saint-Sylvestre. Lors de cette maraude, destin\u00e9e aux personnes en situation de pr\u00e9carit\u00e9 et d\u2019isolement, les \u00e9quipes distribueront : <b>des couvertures, des boissons chaudes, des produits d\u2019hygi\u00e8ne et des cadeaux de No\u00ebl<\/b>.\u00a0<\/p>\n<p class=\" wall-content\">Outre le centre-ville de Nantes, les b\u00e9n\u00e9voles seront \u00e9galement mobilis\u00e9s dans <b>les quartiers Talensac et Pirmil<\/b> mais aussi dans des endroits en p\u00e9riph\u00e9rie de la cit\u00e9 des ducs de Bretagne comme \u00e0<b> <a href=\"https:\/\/actu.fr\/pays-de-la-loire\/reze_44143\" target=\"_blank\" rel=\"noopener\">Rez\u00e9<\/a><\/b>.\u00a0<\/p>\n<p class=\" wall-content\">\u00ab\u00a0Alors que cette p\u00e9riode de f\u00eates peut accentuer le sentiment de solitude pour certains, nos b\u00e9n\u00e9voles iront \u00e0 la rencontre des plus vuln\u00e9rables afin de leur apporter pr\u00e9sence, \u00e9coute et r\u00e9confort\u00a0\u00bb, indique la Croix-Rouge de Nantes.\u00a0<\/p>\n<p class=\" wall-content\">Personnalisez votre actualit\u00e9 en ajoutant vos villes et m\u00e9dias en favori avec <a href=\"https:\/\/moncompte.actu.fr\" title=\"D\u00e9couvez Mon Actu\" rel=\"nofollow noopener\" data-trk=\"{&quot;cta&quot;:{&quot;action&quot;:&quot;https:\\\/\\\/moncompte.actu.fr&quot;,&quot;category&quot;:&quot;mon compte&quot;,&quot;from&quot;:&quot;article footer&quot;,&quot;name&quot;:&quot;Mon actu&quot;,&quot;type&quot;:&quot;cta&quot;}}\" target=\"_blank\">Mon Actu<\/a>.<\/p>\n","protected":false},"excerpt":{"rendered":"Par Thomas Bernard Publi\u00e9 le 28 d\u00e9c. 2025 \u00e0 6h50 \u00c0 Nantes, depuis le 24 d\u00e9cembre, la pr\u00e9fecture&hellip;\n","protected":false},"author":2,"featured_media":626529,"comment_status":"","ping_status":"","sticky":false,"template":"","format":"standard","meta":{"footnotes":""},"categories":[2818],"tags":[1111,11,19056,1777,674,1011,27,3447,766,12,2636,25,104,3400],"class_list":{"0":"post-626528","1":"post","2":"type-post","3":"status-publish","4":"format-standard","5":"has-post-thumbnail","7":"category-nantes","8":"tag-actu","9":"tag-actualites","10":"tag-croix-rouge","11":"tag-eu","12":"tag-europe","13":"tag-fr","14":"tag-france","15":"tag-froid","16":"tag-nantes","17":"tag-news","18":"tag-pays-de-la-loire","19":"tag-republique-francaise","20":"tag-societe","21":"tag-solidarite"},"share_on_mastodon":{"url":"https:\/\/pubeurope.com\/@fr\/115795694940658117","error":""},"_links":{"self":[{"href":"https:\/\/www.europesays.com\/fr\/wp-json\/wp\/v2\/posts\/626528","targetHints":{"allow":["GET"]}}],"collection":[{"href":"https:\/\/www.europesays.com\/fr\/wp-json\/wp\/v2\/posts"}],"about":[{"href":"https:\/\/www.europesays.com\/fr\/wp-json\/wp\/v2\/types\/post"}],"author":[{"embeddable":true,"href":"https:\/\/www.europesays.com\/fr\/wp-json\/wp\/v2\/users\/2"}],"replies":[{"embeddable":true,"href":"https:\/\/www.europesays.com\/fr\/wp-json\/wp\/v2\/comments?post=626528"}],"version-history":[{"count":0,"href":"https:\/\/www.europesays.com\/fr\/wp-json\/wp\/v2\/posts\/626528\/revisions"}],"wp:featuredmedia":[{"embeddable":true,"href":"https:\/\/www.europesays.com\/fr\/wp-json\/wp\/v2\/media\/626529"}],"wp:attachment":[{"href":"https:\/\/www.europesays.com\/fr\/wp-json\/wp\/v2\/media?parent=626528"}],"wp:term":[{"taxonomy":"category","embeddable":true,"href":"https:\/\/www.europesays.com\/fr\/wp-json\/wp\/v2\/categories?post=626528"},{"taxonomy":"post_tag","embeddable":true,"href":"https:\/\/www.europesays.com\/fr\/wp-json\/wp\/v2\/tags?post=626528"}],"curies":[{"name":"wp","href":"https:\/\/api.w.org\/{rel}","templated":true}]}}