{"id":626534,"date":"2025-12-28T06:10:14","date_gmt":"2025-12-28T06:10:14","guid":{"rendered":"https:\/\/www.europesays.com\/fr\/626534\/"},"modified":"2025-12-28T06:10:14","modified_gmt":"2025-12-28T06:10:14","slug":"pour-creer-du-lien-et-apaiser-le-climat-scolaire-virgule-une-chienne-corgi-sapprete-a-integrer-lequipe-pedagogique-dun-college","status":"publish","type":"post","link":"https:\/\/www.europesays.com\/fr\/626534\/","title":{"rendered":"\u00ab\u00a0Pour cr\u00e9er du lien et apaiser le climat scolaire\u00a0\u00bb\u00a0: Virgule, une chienne Corgi, s\u2019appr\u00eate \u00e0 int\u00e9grer l\u2019\u00e9quipe p\u00e9dagogique d\u2019un coll\u00e8ge"},"content":{"rendered":"<p>\n                                                                    l&rsquo;essentiel<br \/>\n                                                                Un chien de soutien scolaire pourrait bient\u00f4t rejoindre le coll\u00e8ge Berthelot de Toulouse pour renforcer le lien entre les \u00e9l\u00e8ves et apaiser les tensions. La collecte de fonds est en cours pour accueillir Virgule, un Corgi de trois ans. Le temps presse\u00a0!\n                            <\/p>\n<p>Elle s\u2019appelle Virgule et sa ma\u00eetresse est professeur de math\u00e9matiques. D\u2019ici quelques semaines, cette chienne de race Corgi\u00a0pourrait bien int\u00e9grer l\u2019\u00e9quipe p\u00e9dagogique du coll\u00e8ge Berthelot en tant que chien de soutien scolaire.<\/p>\n<p>        <img decoding=\"async\" class=\"std-img__img responsive-img\" src=\"https:\/\/www.europesays.com\/fr\/wp-content\/uploads\/2025\/12\/1766902214_984_image.jpg\" alt=\"Julie Vazeilles et Virgule. La professeur de math\u00e9matiques esp\u00e8re pouvoir emmener sa chienne au coll\u00e8ge Berthelot pour un projet de m\u00e9diation animale.\"\/><\/p>\n<p>                Julie Vazeilles et Virgule. La professeur de math\u00e9matiques esp\u00e8re pouvoir emmener sa chienne au coll\u00e8ge Berthelot pour un projet de m\u00e9diation animale.<br \/>\n                                    MDZ Photographie &#8211; Madeline Duriez<\/p>\n<p>\u00ab\u00a0Virgule, que j\u2019ai adopt\u00e9e il y a deux ans, est tr\u00e8s sociable. Quand je la prom\u00e8ne dans le quartier, je croise souvent des \u00e9l\u00e8ves et je me suis aper\u00e7ue que c\u2019\u00e9tait un moment d\u2019\u00e9changes. Ils se mettent \u00e0 communiquer avec moi mais aussi entre eux, \u00e0 se demander s\u2019ils ont des chiens, comment ils sont,\u00a0etc. Il se cr\u00e9e du lien l\u00e0 o\u00f9, nous, enseignants et personnels du coll\u00e8ge, rencontrons peut-\u00eatre des difficult\u00e9s. Au coll\u00e8ge Berthelot, nous accueillons des \u00e9l\u00e8ves de quartiers, de nationalit\u00e9s et de milieux sociaux diff\u00e9rents, des \u00e9l\u00e8ves avec du handicap, d\u2019autres en horaires am\u00e9nag\u00e9s pour du sport. Tous cohabitent mais sans jamais vraiment se rencontrer. On s\u2019est dit qu\u2019il y avait quelque chose \u00e0 tenter pour recr\u00e9er du lien et apaiser le climat scolaire\u00a0\u00ab\u00a0, pose Julie Vazeilles.<\/p>\n<p>5\u00a0000\u00a0euros\u00a0\u00e0 trouver avant le 8\u00a0janvier pour financer le projet<\/p>\n<p>En septembre\u00a02024, avec la principale de l\u2019\u00e9tablissement, la prof de maths entame des recherches. \u00ab\u00a0Une vingtaine de coll\u00e8ges et de lyc\u00e9es travaillent avec un chien en France. Selon leurs t\u00e9moignages, les \u00e9quipes constatent, en sa pr\u00e9sence, une baisse du bruit et un apaisement du climat dans la classe\u00a0\u00bb, rapporte Julie Vazeilles.<\/p>\n<p class=\"std-elt__inline\">\n        <strong>\u00c0 lire aussi :<\/strong><br \/>\n        <a href=\"https:\/\/www.ladepeche.fr\/2025\/12\/18\/uby-le-cocker-nouvelle-recrue-du-college-didier-daurat-13117949.php\" target=\"_blank\" rel=\"noopener\">Uby le cocker, nouvelle recrue du coll\u00e8ge Didier-Daurat<\/a>\n    <\/p>\n<p>Une rencontre avec l\u2019AMA (Association et M\u00e9diation par l\u2019Animal) en juin, et une autre en novembre avec un v\u00e9t\u00e9rinaire comportementaliste confirment\u00a0la faisabilit\u00e9 du projet. \u00ab\u00a0Virgule est tr\u00e8s sociable, tr\u00e8s douce, tr\u00e8s adaptable, tr\u00e8s sensible aussi mais dans le bon sens du terme, elle n\u2019h\u00e9site pas \u00e0 aller vers les personnes stress\u00e9es ou tristes\u00a0\u00bb, ajoute sa ma\u00eetresse.<\/p>\n<p>\u00a0<\/p>\n<p class=\"std-elt__inline\">\n        <strong>\u00c0 lire aussi :<\/strong><br \/>\n        <a href=\"https:\/\/www.ladepeche.fr\/2024\/10\/02\/mediation-animale-le-role-benefique-des-chiens-a-lehpad-de-montbeton-12235614.php\" target=\"_blank\" rel=\"noopener\">M\u00e9diation animale\u00a0: le r\u00f4le b\u00e9n\u00e9fique des chiens \u00e0 l\u2019Ehpad de Montbeton<\/a>\n    <\/p>\n<p>Mais le plus dur reste \u00e0 faire\u00a0: financer la formation de Virgule, des diff\u00e9rentes personnes qui l\u2019accompagneront dans le coll\u00e8ge, et son suivi r\u00e9gulier par une v\u00e9t\u00e9rinaire. \u00ab\u00a0Notre id\u00e9e est que Virgule puisse \u00eatre pr\u00e9sente trois jours et demi par semaine. En classe avec les \u00e9l\u00e8ves mais aussi lors de situations de stress, avec l\u2019infirmi\u00e8re ou la CPE (conseill\u00e8re principale d\u2019\u00e9ducation) ou encore quand nous traitons de cas de harc\u00e8lement qui sont des situations difficiles \u00e0 \u00e9voquer\u00a0\u00bb, compl\u00e8te Julie Vazeilles.<\/p>\n<p>Pour cela, un budget de 4\u00a0900\u00a0euros est n\u00e9cessaire, voire 5\u00a0900\u00a0euros pour compl\u00e9ter par une formation aupr\u00e8s des \u00e9l\u00e8ves, notamment ceux qui craignent les chiens. <a href=\"https:\/\/trousseaprojets.fr\/projet\/18132-un-chien-de-soutien-scolaire-pour-le-college-berthelot\" target=\"_self\" rel=\"noopener\">Une cagnotte, sur la plateforme de financement participatif de l\u2019\u00c9ducation nationale, est en ligne jusqu\u2019au 8\u00a0janvier<\/a>. Pour l\u2019instant moins de la moiti\u00e9 de la somme a \u00e9t\u00e9 r\u00e9colt\u00e9e.<\/p>\n","protected":false},"excerpt":{"rendered":"l&rsquo;essentiel Un chien de soutien scolaire pourrait bient\u00f4t rejoindre le coll\u00e8ge Berthelot de Toulouse pour renforcer le lien&hellip;\n","protected":false},"author":2,"featured_media":626535,"comment_status":"","ping_status":"","sticky":false,"template":"","format":"standard","meta":{"footnotes":""},"categories":[2816],"tags":[1111,11,1777,674,1011,27,329,2722,12,2680,25,2312,21762],"class_list":{"0":"post-626534","1":"post","2":"type-post","3":"status-publish","4":"format-standard","5":"has-post-thumbnail","7":"category-toulouse","8":"tag-actu","9":"tag-actualites","10":"tag-eu","11":"tag-europe","12":"tag-fr","13":"tag-france","14":"tag-france-monde","15":"tag-haute-garonne","16":"tag-news","17":"tag-occitanie","18":"tag-republique-francaise","19":"tag-toulouse","20":"tag-u00c9ducation"},"share_on_mastodon":{"url":"https:\/\/pubeurope.com\/@fr\/115795711893335370","error":""},"_links":{"self":[{"href":"https:\/\/www.europesays.com\/fr\/wp-json\/wp\/v2\/posts\/626534","targetHints":{"allow":["GET"]}}],"collection":[{"href":"https:\/\/www.europesays.com\/fr\/wp-json\/wp\/v2\/posts"}],"about":[{"href":"https:\/\/www.europesays.com\/fr\/wp-json\/wp\/v2\/types\/post"}],"author":[{"embeddable":true,"href":"https:\/\/www.europesays.com\/fr\/wp-json\/wp\/v2\/users\/2"}],"replies":[{"embeddable":true,"href":"https:\/\/www.europesays.com\/fr\/wp-json\/wp\/v2\/comments?post=626534"}],"version-history":[{"count":0,"href":"https:\/\/www.europesays.com\/fr\/wp-json\/wp\/v2\/posts\/626534\/revisions"}],"wp:featuredmedia":[{"embeddable":true,"href":"https:\/\/www.europesays.com\/fr\/wp-json\/wp\/v2\/media\/626535"}],"wp:attachment":[{"href":"https:\/\/www.europesays.com\/fr\/wp-json\/wp\/v2\/media?parent=626534"}],"wp:term":[{"taxonomy":"category","embeddable":true,"href":"https:\/\/www.europesays.com\/fr\/wp-json\/wp\/v2\/categories?post=626534"},{"taxonomy":"post_tag","embeddable":true,"href":"https:\/\/www.europesays.com\/fr\/wp-json\/wp\/v2\/tags?post=626534"}],"curies":[{"name":"wp","href":"https:\/\/api.w.org\/{rel}","templated":true}]}}