{"id":626538,"date":"2025-12-28T06:12:15","date_gmt":"2025-12-28T06:12:15","guid":{"rendered":"https:\/\/www.europesays.com\/fr\/626538\/"},"modified":"2025-12-28T06:12:15","modified_gmt":"2025-12-28T06:12:15","slug":"lille-il-fracture-les-deux-bras-dune-femme-quil-pensait-etre-la-voleuse-de-son-telephone","status":"publish","type":"post","link":"https:\/\/www.europesays.com\/fr\/626538\/","title":{"rendered":"Lille. Il fracture les deux bras dune femme qu&rsquo;il pensait \u00eatre la voleuse de son t\u00e9l\u00e9phone"},"content":{"rendered":"<p>                    Par<br \/>\n        <strong><br \/>\n            <a href=\"https:\/\/actu.fr\/auteur\/zoe-hondt\" title=\"Consulter tous les articles de Zoe Hondt\" target=\"_blank\" rel=\"noopener\">Zoe Hondt<\/a><br \/>\n                    <\/strong><\/p>\n<p>        Publi\u00e9 le<\/p>\n<p>            28 d\u00e9c. 2025 \u00e0 6h04        <\/p>\n<p>Lundi 22 d\u00e9cembre 2025, un <b>homme de 41 ans<\/b> a \u00e9t\u00e9 jug\u00e9 en son absence au tribunal de <a href=\"https:\/\/actu.fr\/lille\/\" target=\"_blank\" rel=\"noopener\">Lille<\/a> (Nord).\u00a0<b>Sous mandat de d\u00e9p\u00f4t<\/b>, il a refus\u00e9 son extraction pour compara\u00eetre devant le <b>tribunal<\/b>. Dans cette affaire, il a \u00e9t\u00e9 mis en cause pour <b>d\u00e9tention non autoris\u00e9e d\u2019arme, usage illicite de stup\u00e9fiants<\/b>\u00a0et <b>violences<\/b>. La plainte de sa victime, en septembre dernier, a donn\u00e9 l\u2019alerte et a permis de le confondre. Elle affirme avoir \u00e9t\u00e9 <b>violemment agress\u00e9e <\/b>au cours d\u2019une <b>soir\u00e9e sur fond d\u2019alcool et de drogues<\/b>. La victime a r\u00e9colt\u00e9 <b>deux mois d\u2019interruption totale de travail<\/b>. R\u00e9cit.<\/p>\n<p>\u00ab\u00a0Elle a eu un accident de trottinette\u00a0\u00bb\u00a0<\/p>\n<p class=\" wall-content\">Le 24 septembre 2025, une femme d\u2019une quarantaine d\u2019ann\u00e9es pousse les portes d\u2019un commissariat de Lille. Elle souhaite <b>d\u00e9poser plainte<\/b> contre un homme de 41 ans, qui l\u2019aurait <b>rou\u00e9e de coups<\/b>. Les faits se d\u00e9roulent six jours plus t\u00f4t : alors qu\u2019elle est avec des amis dans un <b>squat<\/b>, elle reconna\u00eet un homme qu\u2019elle n\u2019avait \u00ab\u00a0pas vu depuis dix ans\u00a0\u00bb. Ils reprennent contact et discutent <b>sur fond d\u2019alcool et de drogues<\/b>. Vers 23 heures, l\u2019homme lui propose de \u00ab\u00a0rejoindre une connaissance en commun\u00a0\u00bb, en voiture. Dans le v\u00e9hicule, il s\u2019\u00e9nerve \u00ab\u00a0assez rapidement\u00a0\u00bb : <b>il ne retrouve plus son t\u00e9l\u00e9phone <\/b>et <b>accuse sa passag\u00e8re<\/b>. Celle-ci r\u00e9fute, vide son sac pour lui prouver, et propose de chercher \u00e0 son domicile. L\u00e0-bas, l\u2019homme revient bredouille, mais surtout <b>plus agac\u00e9<\/b>. La victime lui conseille alors de retourner chez leurs amis. Persuad\u00e9 qu\u2019elle ment, <b>l\u2019homme alcoolis\u00e9 devient virulent<\/b> et l\u2019insulte. \u00ab\u00a0S\u2019il n\u2019est pas l\u00e0-bas, je vais te faire la mis\u00e8re.\u00a0\u00bb menace-t-il \u00e0 l\u2019aide d\u2019un \u00ab\u00a0petit pistolet\u00a0\u00bb sous son menton.<\/p>\n<p class=\" wall-content\">De retour au squat, <b>les violences se poursuivent physiquement<\/b>. L\u2019homme la pousse et la gifle. Le t\u00e9l\u00e9phone n\u2019est pas retrouv\u00e9. Le quadrag\u00e9naire <b>succombe \u00e0 la col\u00e8re <\/b>et \u00ab\u00a0s\u2019acharne\u00a0\u00bb sur la victime. Au sol, elle re\u00e7oit des coups jusqu\u2019\u00e0 en avoir <b>le poignet et la main gauche cass\u00e9s<\/b>. <b>Ses deux bras sont fractur\u00e9s<\/b>. \u00ab\u00a0Je me suis vu mourir. Je pensais \u00e0 mes enfants, je ne voulais pas qu\u2019ils deviennent orphelins.\u00a0\u00bb t\u00e9moigne la victime en pleurs, devant le tribunal. Bras lev\u00e9, elle affiche \u00e9galement sa \u00ab\u00a0cicatrice chirurgicale de onze centim\u00e8tres de long\u00a0\u00bb. Selon le pr\u00e9venu, ces blessures sont le r\u00e9sultat d\u2019une <b>chute<\/b>\u00a0: \u00ab\u00a0Elle a eu un accident de trottinette.\u00a0\u00bb Entendu par les policiers le 15 octobre dernier, l\u2019homme de 41 ans <b>a toujours ni\u00e9 les faits<\/b> et accuse les \u00ab\u00a0amis toxicos\u00a0\u00bb de la victime. \u00ab\u00a0C\u2019est une fumeuse de crack, elle met tout sur mon dos.\u00a0\u00bb<\/p>\n<p class=\" wall-content\">Chez lui, les forces de l\u2019ordre trouvent du <b>cannabis sous toutes ses formes<\/b> et des outils pour le cultiver. \u00ab\u00a0C\u2019est pour mon potager.\u00a0\u00bb explique le pr\u00e9venu. Une <b>carabine 22 long rifle<\/b>, des <b>cartouches<\/b>, un <b>chargeur <\/b>et un <b>petit revolver<\/b> sont \u00e9galement r\u00e9cup\u00e9r\u00e9s. Pour sa d\u00e9fense, le pr\u00e9venu d\u00e9clare qu\u2019il n\u2019utilisait pas ces armes, et qu\u2019il a achet\u00e9 le revolver \u00ab\u00a0\u00e0 la braderie de Lille, il y a 15 ans\u00a0\u00bb. Examin\u00e9 par un m\u00e9decin, l\u2019homme dont le casier judiciaire est d\u00e9j\u00e0 bien rempli, est \u00ab\u00a0irritable, impatient et un sevrage serait n\u00e9cessaire\u00a0\u00bb. Le pr\u00e9venu a \u00e9galement rapport\u00e9 souffrir d\u2019une \u00ab\u00a0tumeur canc\u00e9reuse au genou, d\u2019un cancer du poumon et d\u2019un angiome au foie \u00e0 cause de l\u2019alcool\u00a0\u00bb.<\/p>\n<p>\u00ab\u00a0Le doute est le compagnon naturel de la justice\u00a0\u00bb<\/p>\n<p class=\" wall-content\">\u00ab\u00a0Quel est l\u2019int\u00e9r\u00eat de mentir ?\u00a0\u00bb scande l\u2019avocat de la victime. Selon lui, la parole de sa cliente est \u00ab\u00a0largement cr\u00e9dible\u00a0\u00bb. Elle n\u2019a \u00ab\u00a0jamais chang\u00e9 de version\u00a0\u00bb, contrairement au pr\u00e9venu : un \u00ab\u00a0individu impulsif qui vrille compl\u00e8tement face \u00e0 la frustration\u00a0\u00bb. Compte tenu des blessures de la victime et de la dur\u00e9e de son interruption totale de travail, son avocat demande une <b>expertise m\u00e9dicale<\/b> pour estimer le montant des dommages et int\u00e9r\u00eats.<\/p>\n<p class=\" wall-content\">\u00ab\u00a0La plainte ne fait pas la preuve.\u00a0\u00bb Selon l\u2019avocat de la d\u00e9fense, il n\u2019existe <b>aucune preuve<\/b> d\u2019un suppos\u00e9 contact entre le pr\u00e9venu et la victime. Le t\u00e9l\u00e9phone de l\u2019homme n\u2019a pas \u00ab\u00a0born\u00e9\u00a0\u00bb sur les lieux. <b>Le v\u00e9hicule et l\u2019arme n\u2019ont pas \u00e9t\u00e9 retrouv\u00e9s<\/b>, et aucun t\u00e9moin confirme les propos de la victime. \u00ab\u00a0Le doute est le compagnon naturel de la justice.\u00a0\u00bb Il souhaite donc la <b>relaxe <\/b>du pr\u00e9venu pour les faits de violence. Concernant les autres infractions imput\u00e9es \u00e0 son client, l\u2019avocat souhaite du <b>sursis probatoire<\/b>. Il estime qu\u2019un \u00ab\u00a0cadre m\u00e9dical\u00a0\u00bb serait plus \u00ab\u00a0d\u00e9terminant\u00a0\u00bb.<\/p>\n<p>Votre r\u00e9gion, votre actu !<\/p>\n<p>Recevez chaque jour les infos qui comptent pour vous.<\/p>\n<p>\t<a href=\"https:\/\/actu.fr\/newsletter\" class=\"ac-btn ac-btn--corner ac-btn--medium ac-btn--blue800\" target=\"_blank\" rel=\"noopener\">S&rsquo;incrire<\/a><\/p>\n<p class=\" wall-content\">La procureure <b>partage l\u2019avis de l\u2019avocat de la partie civile<\/b>. Elle d\u00e9crit un homme \u00ab\u00a0dangereux\u00a0\u00bb, qui n\u2019a pas su la convaincre avec ses explications. Elle requiert <b>trois ans et six mois d\u2019emprisonnement<\/b>. Le tribunal se montre finalement <b>plus s\u00e9v\u00e8re <\/b>au regard \u00ab\u00a0de la gravit\u00e9 des faits et des ant\u00e9c\u00e9dents\u00a0\u00bb du pr\u00e9venu. Ce dernier a \u00e9t\u00e9 condamn\u00e9 \u00e0 <b>quatre ans d\u2019emprisonnement<\/b> et a l\u2019<b>interdiction de d\u00e9tenir une arme pendant quinze ans<\/b>.<\/p>\n<p class=\" wall-content\">Personnalisez votre actualit\u00e9 en ajoutant vos villes et m\u00e9dias en favori avec <a href=\"https:\/\/moncompte.actu.fr\" title=\"D\u00e9couvez Mon Actu\" rel=\"nofollow noopener\" data-trk=\"{&quot;cta&quot;:{&quot;action&quot;:&quot;https:\\\/\\\/moncompte.actu.fr&quot;,&quot;category&quot;:&quot;mon compte&quot;,&quot;from&quot;:&quot;article footer&quot;,&quot;name&quot;:&quot;Mon actu&quot;,&quot;type&quot;:&quot;cta&quot;}}\" target=\"_blank\">Mon Actu<\/a>.<\/p>\n","protected":false},"excerpt":{"rendered":"Par Zoe Hondt Publi\u00e9 le 28 d\u00e9c. 2025 \u00e0 6h04 Lundi 22 d\u00e9cembre 2025, un homme de 41&hellip;\n","protected":false},"author":2,"featured_media":626539,"comment_status":"","ping_status":"","sticky":false,"template":"","format":"standard","meta":{"footnotes":""},"categories":[2815],"tags":[1111,11,1777,674,118,1011,27,811,303,1307,12,2694,25],"class_list":{"0":"post-626538","1":"post","2":"type-post","3":"status-publish","4":"format-standard","5":"has-post-thumbnail","7":"category-lille","8":"tag-actu","9":"tag-actualites","10":"tag-eu","11":"tag-europe","12":"tag-faits-divers","13":"tag-fr","14":"tag-france","15":"tag-hauts-de-france","16":"tag-justice","17":"tag-lille","18":"tag-news","19":"tag-proces","20":"tag-republique-francaise"},"share_on_mastodon":{"url":"https:\/\/pubeurope.com\/@fr\/115795718586911679","error":""},"_links":{"self":[{"href":"https:\/\/www.europesays.com\/fr\/wp-json\/wp\/v2\/posts\/626538","targetHints":{"allow":["GET"]}}],"collection":[{"href":"https:\/\/www.europesays.com\/fr\/wp-json\/wp\/v2\/posts"}],"about":[{"href":"https:\/\/www.europesays.com\/fr\/wp-json\/wp\/v2\/types\/post"}],"author":[{"embeddable":true,"href":"https:\/\/www.europesays.com\/fr\/wp-json\/wp\/v2\/users\/2"}],"replies":[{"embeddable":true,"href":"https:\/\/www.europesays.com\/fr\/wp-json\/wp\/v2\/comments?post=626538"}],"version-history":[{"count":0,"href":"https:\/\/www.europesays.com\/fr\/wp-json\/wp\/v2\/posts\/626538\/revisions"}],"wp:featuredmedia":[{"embeddable":true,"href":"https:\/\/www.europesays.com\/fr\/wp-json\/wp\/v2\/media\/626539"}],"wp:attachment":[{"href":"https:\/\/www.europesays.com\/fr\/wp-json\/wp\/v2\/media?parent=626538"}],"wp:term":[{"taxonomy":"category","embeddable":true,"href":"https:\/\/www.europesays.com\/fr\/wp-json\/wp\/v2\/categories?post=626538"},{"taxonomy":"post_tag","embeddable":true,"href":"https:\/\/www.europesays.com\/fr\/wp-json\/wp\/v2\/tags?post=626538"}],"curies":[{"name":"wp","href":"https:\/\/api.w.org\/{rel}","templated":true}]}}