{"id":626540,"date":"2025-12-28T06:13:12","date_gmt":"2025-12-28T06:13:12","guid":{"rendered":"https:\/\/www.europesays.com\/fr\/626540\/"},"modified":"2025-12-28T06:13:12","modified_gmt":"2025-12-28T06:13:12","slug":"lille-previsions-meteo-du-dimanche-28-decembre-2025","status":"publish","type":"post","link":"https:\/\/www.europesays.com\/fr\/626540\/","title":{"rendered":"Lille : pr\u00e9visions m\u00e9t\u00e9o du dimanche 28 d\u00e9cembre 2025"},"content":{"rendered":"<p>\u00c0 Lille, la journ\u00e9e du dimanche 28 d\u00e9cembre 2025 sera marqu\u00e9e par un ciel tr\u00e8s nuageux, des temp\u00e9ratures fra\u00eeches et un vent mod\u00e9r\u00e9 venant du nord-est. Les \u00e9claircies seront rares, avec un ressenti parfois froid en soir\u00e9e.<\/p>\n<p>Ce dimanche 28 d\u00e9cembre 2025, Lille se r\u00e9veille sous une puissante influence anticyclonique, garantissant une ambiance froide et majoritairement grise. Les temp\u00e9ratures oscilleront entre <b>-1 \u00b0C<\/b> et <b>5 \u00b0C<\/b> tout au long de la journ\u00e9e.<\/p>\n<p>Matin : grisaille persistante et lever du soleil \u00e0 08 h 49<\/p>\n<p>\u00c0 09 h, la station enregistre <b>4 \u00b0C<\/b>, avec un ressenti de <b>0 \u00b0C<\/b>, sous un ciel tr\u00e8s nuageux. L\u2019humidit\u00e9 atteint 86 %, la pression affiche 1032 hPa et un vent de nord-est souffle \u00e0 13 km\/h, sans pr\u00e9cipitations.<\/p>\n<p>Le soleil se l\u00e8ve \u00e0 08 h 49, mais son disque restera souvent cach\u00e9 derri\u00e8re la couverture nuageuse. Les automobilistes devront composer avec une lumi\u00e8re basse et diffuse, n\u00e9cessitant une vigilance accrue lors des sorties d\u2019agglom\u00e9ration.<\/p>\n<ul>\n<li><b>Gants<\/b> et bonnet indispensables d\u00e8s la sortie.<\/li>\n<li>Pr\u00e9voir quelques minutes pour d\u00e9sembuer le pare-brise.<\/li>\n<li>Hydrater peau et l\u00e8vres, l\u2019air int\u00e9rieur \u00e9tant sec.<\/li>\n<li>Adopter des d\u00e9placements doux, les trottoirs pouvant \u00eatre glissants.<\/li>\n<\/ul>\n<p>Les brouillards d\u2019altitude rappellent la saison froide du Nord, o\u00f9 les inversions thermiques se forment fr\u00e9quemment sous les hautes pressions. Celles-ci retiennent les polluants, bien que la qualit\u00e9 de l\u2019air soit aujourd\u2019hui annonc\u00e9e \u00ab ind\u00e9finie \u00bb.<\/p>\n<p>Apr\u00e8s-midi : petites \u00e9claircies, froid tenace<\/p>\n<p>Au plus doux, vers 15 h, le thermom\u00e8tre atteint difficilement <b>5 \u00b0C<\/b>, avec un ressenti de <b>1 \u00b0C<\/b>. Un ciel variable laisse enfin filtrer quelques rayons. L\u2019humidit\u00e9 recule \u00e0 81 %, tandis que le vent tourne est-nord-est \u00e0 14 km\/h.<\/p>\n<p>Ces \u00e9claircies ponctuelles am\u00e9lioreront le confort visuel, mais la sensation de fra\u00eecheur persistera. L\u2019\u00e9cart avec les normales de saison, proches de 7 \u00b0C, reste limit\u00e9 ; cependant, la dur\u00e9e d\u2019ensoleillement demeure faible, avec environ deux heures aujourd\u2019hui.<\/p>\n<p>Le puissant anticyclone, centr\u00e9 sur la mer du Nord, stabilise la masse d\u2019air et bloque toute perturbation. Cette situation, courante en plein hiver, limite les pr\u00e9cipitations mais accentue la perte de chaleur par rayonnement, expliquant les ressentis n\u00e9gatifs.<\/p>\n<p>Soir : temp\u00e9ratures proches du z\u00e9ro et coucher \u00e0 16 h 49<\/p>\n<p>Apr\u00e8s le coucher du soleil, pr\u00e9vu \u00e0 16 h 49, le mercure chute rapidement. \u00c0 21 h, on rel\u00e8ve <b>0 \u00b0C<\/b>, avec un ressenti de <b>-4 \u00b0C<\/b>, sous un ciel toujours tr\u00e8s nuageux. Le vent d\u2019est-nord-est faiblit \u00e0 12 km\/h.<\/p>\n<p>L\u2019absence de pluie n\u2019exclut pas la formation de plaques de glace, les chauss\u00e9es humidifi\u00e9es le matin pouvant geler d\u00e8s la soir\u00e9e. Pi\u00e9tons et deux-roues devront redoubler de prudence, notamment sur les pav\u00e9s lillois, r\u00e9put\u00e9s glissants.<\/p>\n<ul>\n<li>R\u00e9duire la vitesse, les distances de freinage \u00e9tant allong\u00e9es.<\/li>\n<li>Penser \u00e0 saler les abords d\u00e8s le cr\u00e9puscule.<\/li>\n<li>V\u00e9rifier les batteries des v\u00e9hicules par ce froid persistant.<\/li>\n<li>A\u00e9rer bri\u00e8vement les logements pour \u00e9viter l\u2019humidit\u00e9 int\u00e9rieure.<\/li>\n<\/ul>\n<p>Les temp\u00e9ratures n\u00e9gatives attendues r\u00e9sultent d\u2019un rayonnement nocturne intense sous une mince couverture nuageuse. Un l\u00e9ger brouillard givrant pourra se former dans la campagne flamande, un ph\u00e9nom\u00e8ne amplifi\u00e9 par une humidit\u00e9 \u00e9lev\u00e9e \u00e0 93 % autour de la m\u00e9tropole.<\/p>\n<p>Tendance pour le lundi 29 d\u00e9cembre<\/p>\n<p>Au cours de la nuit suivante, le mercure remontera l\u00e9g\u00e8rement autour de <b>3 \u00b0C<\/b> avec une possible bruine \u00e9parse. Lundi, les temp\u00e9ratures s\u2019\u00e9chelonneront de <b>-3 \u00b0C<\/b> \u00e0 l\u2019aube \u00e0 un maximum de <b>3 \u00b0C<\/b>, sous un ciel qui restera gris et humide.<\/p>\n<p>Le vent passera nord-nord-est, proche de 12 km\/h, maintenant une sensation parfois inf\u00e9rieure \u00e0 <b>-7 \u00b0C<\/b>. Pour suivre l\u2019\u00e9volution heure par heure et pr\u00e9parer vos d\u00e9placements, consultez <a href=\"https:\/\/www.meteocity.com\/france\/lille-v2998324\/meteo-demain\" target=\"_blank\" rel=\"noopener\">notre bulletin complet de demain<\/a>.<\/p>\n<p>Dans l\u2019ensemble, la s\u00e9quence froide devrait se maintenir toute la semaine prochaine, aucun redoux durable n\u2019\u00e9tant pr\u00e9vu selon les derni\u00e8res pr\u00e9visions des mod\u00e8les europ\u00e9ens et am\u00e9ricains.<\/p>\n","protected":false},"excerpt":{"rendered":"\u00c0 Lille, la journ\u00e9e du dimanche 28 d\u00e9cembre 2025 sera marqu\u00e9e par un ciel tr\u00e8s nuageux, des temp\u00e9ratures&hellip;\n","protected":false},"author":2,"featured_media":626541,"comment_status":"","ping_status":"","sticky":false,"template":"","format":"standard","meta":{"footnotes":""},"categories":[2815],"tags":[1111,11,1777,674,1011,27,811,1307,12,25],"class_list":{"0":"post-626540","1":"post","2":"type-post","3":"status-publish","4":"format-standard","5":"has-post-thumbnail","7":"category-lille","8":"tag-actu","9":"tag-actualites","10":"tag-eu","11":"tag-europe","12":"tag-fr","13":"tag-france","14":"tag-hauts-de-france","15":"tag-lille","16":"tag-news","17":"tag-republique-francaise"},"share_on_mastodon":{"url":"https:\/\/pubeurope.com\/@fr\/115795722623953209","error":""},"_links":{"self":[{"href":"https:\/\/www.europesays.com\/fr\/wp-json\/wp\/v2\/posts\/626540","targetHints":{"allow":["GET"]}}],"collection":[{"href":"https:\/\/www.europesays.com\/fr\/wp-json\/wp\/v2\/posts"}],"about":[{"href":"https:\/\/www.europesays.com\/fr\/wp-json\/wp\/v2\/types\/post"}],"author":[{"embeddable":true,"href":"https:\/\/www.europesays.com\/fr\/wp-json\/wp\/v2\/users\/2"}],"replies":[{"embeddable":true,"href":"https:\/\/www.europesays.com\/fr\/wp-json\/wp\/v2\/comments?post=626540"}],"version-history":[{"count":0,"href":"https:\/\/www.europesays.com\/fr\/wp-json\/wp\/v2\/posts\/626540\/revisions"}],"wp:featuredmedia":[{"embeddable":true,"href":"https:\/\/www.europesays.com\/fr\/wp-json\/wp\/v2\/media\/626541"}],"wp:attachment":[{"href":"https:\/\/www.europesays.com\/fr\/wp-json\/wp\/v2\/media?parent=626540"}],"wp:term":[{"taxonomy":"category","embeddable":true,"href":"https:\/\/www.europesays.com\/fr\/wp-json\/wp\/v2\/categories?post=626540"},{"taxonomy":"post_tag","embeddable":true,"href":"https:\/\/www.europesays.com\/fr\/wp-json\/wp\/v2\/tags?post=626540"}],"curies":[{"name":"wp","href":"https:\/\/api.w.org\/{rel}","templated":true}]}}