{"id":626542,"date":"2025-12-28T06:14:13","date_gmt":"2025-12-28T06:14:13","guid":{"rendered":"https:\/\/www.europesays.com\/fr\/626542\/"},"modified":"2025-12-28T06:14:13","modified_gmt":"2025-12-28T06:14:13","slug":"un-gigantesque-complexe-de-sports-debarque-pres-de-marseille-des-promotions-pour-louverture","status":"publish","type":"post","link":"https:\/\/www.europesays.com\/fr\/626542\/","title":{"rendered":"Un gigantesque complexe de sports d\u00e9barque pr\u00e8s de Marseille, des promotions pour l&rsquo;ouverture"},"content":{"rendered":"<p>                    Par<br \/>\n        <strong><br \/>\n            <a href=\"https:\/\/actu.fr\/auteur\/thibault-nadal-actu-fr\" title=\"Consulter tous les articles de Thibault Nadal\" target=\"_blank\" rel=\"noopener\">Thibault Nadal<\/a><br \/>\n                    <\/strong><\/p>\n<p>        Publi\u00e9 le<\/p>\n<p>            28 d\u00e9c. 2025 \u00e0 7h04        <\/p>\n<p>C\u2019est le sport \u00e0 la mode ces derni\u00e8res ann\u00e9es en France\u2009: le padel. Le nombre de joueurs ne cesse d\u2019augmenter avec pr\u00e8s de <strong>850\u2009000 pratiquants <\/strong>dans le tout pays, laissant bon nombre d\u2019entre eux sur le carreau, faute d\u2019infrastructures suffisantes. Une probl\u00e9matique qui n\u2019\u00e9pargne pas <a href=\"https:\/\/actu.fr\/marseille\/\" target=\"_blank\" rel=\"noopener\">Marseille<\/a> et <a href=\"https:\/\/actu.fr\/provence-alpes-cote-d-azur\/bouches-du-rhone_13\" target=\"_blank\" rel=\"noopener\">les Bouches-du-Rh\u00f4ne<\/a>. Mais d\u00e8s le 1er\u00a0janvier 2026, le d\u00e9partement comptera <strong>15 terrains suppl\u00e9mentaires<\/strong> vont voir le jour dans un complexe qui s\u2019annonce gigantesque.<\/p>\n<p>11 terrains en int\u00e9rieur<\/p>\n<p class=\" wall-content\">Pour jouer \u00e0 ce sport d\u00e9velopp\u00e9 en Espagne, il faudra se rendre \u00e0 <a href=\"https:\/\/actu.fr\/provence-alpes-cote-d-azur\/cabries_13019\" target=\"_blank\" rel=\"noopener\">Cabri\u00e8s<\/a>, <strong>entre Aix-en-Provence et Marseille<\/strong>. Les <a href=\"https:\/\/actu.fr\/tag\/travaux\" target=\"_blank\" rel=\"noopener\">travaux<\/a> ont d\u00e9marr\u00e9 au mois d\u2019avril et s\u2019appr\u00eatent (enfin) \u00e0 \u00eatre termin\u00e9.<\/p>\n<p>    <a href=\"https:\/\/www.google.com\/maps\/embed?pb=!1m18!1m12!1m3!1d185506.85174252468!2d5.211038014195237!3d43.407447914301414!2m3!1f0!2f0!3f0!3m2!1i1024!2i768!4f13.1!3m3!1m2!1s0x12c9edca0a28ffcf%3A0xb536dba4e34dd8e3!2sLa%20Pista%20Padel%20Club!5e0!3m2!1sfr!2sfr!4v1766591111299!5m2!1sfr!2sfr\" title=\"Ouvrie le lien\" target=\"_blank\" rel=\"noopener\">Cliquez ici pour visualiser le contenu<\/a><\/p>\n<p class=\" wall-content\">D\u00e8s le 1er\u00a0janvier, ce sont 11 terrains en int\u00e9rieur (les quatre en ext\u00e9rieur ont ouvert l\u2019\u00e9t\u00e9 dernier) qui verront le jour dans un complexe de <strong>2,7 hectares<\/strong>. Un restaurant, une piscine, un club-house, une salle de sport et une acad\u00e9mie, seront aussi de la partie, relate <a href=\"https:\/\/padelmagazine.fr\/la-pista-padel-club-un-nouveau-geant-indoor-avec-15-pistes-en-paca-se-prepare\/\" target=\"_blank\" rel=\"noopener\">Padel Magazine<\/a> qui estime qu\u2019il s\u2019agit de \u00ab\u2009l\u2019un des plus importants du pays\u2009\u00bb.<\/p>\n<p class=\" wall-content\"><a href=\"https:\/\/www.instagram.com\/p\/DSpKJoNDLLo\/embed\" title=\"Ouvrir le lien sur Instagram\" target=\"_blank\" rel=\"noopener\">Visualiser le contenu sur Instagram<\/a><\/p>\n<p class=\" wall-content\"><a href=\"https:\/\/www.instagram.com\/p\/DQEXYvBjH9z\/embed\" title=\"Ouvrir le lien sur Instagram\" target=\"_blank\" rel=\"noopener\">Visualiser le contenu sur Instagram<\/a><\/p>\n<p>Des remises sur les prix pour le lancement<\/p>\n<p class=\" wall-content\">Les premiers cr\u00e9neaux de r\u00e9servation ont ouvert ce mercredi 24\u00a0d\u00e9cembre, de quoi offrir un dernier cadeau de No\u00ebl pour les retardataires. Il suffit de t\u00e9l\u00e9charger l\u2019application, <strong>Playtomic<\/strong>, bien connu des aficionados de la discipline.<\/p>\n<p>    <img   decoding=\"async\" loading=\"lazy\" src=\"https:\/\/www.europesays.com\/fr\/wp-content\/uploads\/2025\/12\/design-sans-titre-97-960x640.png\" alt=\"L'un des 11 nouveaux terrains en int\u00e9rieur.\" width=\"960\" height=\"640\"\/><br \/>\n    L\u2019un des 11 nouveaux terrains en int\u00e9rieur. (\u00a9Document remis \u00e0 actu Marseille)<\/p>\n<p class=\" wall-content\">Pour cette ouverture exceptionnelle, les g\u00e9rants ont d\u00e9cid\u00e9 de faire une offre promotionnelle avec des remises pour une r\u00e9servation du 1er au 24\u00a0janvier 2026. Les heures creuses (du lundi au vendredi, de 9h \u00e0 midi et de 14h \u00e0 17h30) sont \u00e0 10\u00a0euros au lieu de 13. <strong>Les heures pleines, \u00e0 12\u00a0euros au lieu de 15\u00a0euros<\/strong>.<\/p>\n<p>Votre r\u00e9gion, votre actu !<\/p>\n<p>Recevez chaque jour les infos qui comptent pour vous.<\/p>\n<p>\t<a href=\"https:\/\/actu.fr\/newsletter\" class=\"ac-btn ac-btn--corner ac-btn--medium ac-btn--blue800\" target=\"_blank\" rel=\"noopener\">S&rsquo;incrire<\/a><\/p>\n<p>La Pista Padel, 408 All\u00e9e du Golf \u00e0 Cabri\u00e8s,<br \/>Du 7\u00a0Juin au 4\u00a0Juillet\u2009: Lundi, Mardi, Jeudi, Vendredi\u2009: de 11h30 \u00e0 13h30 et de 16h30 \u00e0 18h30,<br \/>Du 7\u00a0Juin au 4\u00a0Juillet\u2009: Mercredi, Samedi et Dimanche\u2009: de 11h \u00e0 18h30,<br \/>Du 5\u00a0Juillet au 31\u00a0Ao\u00fbt\u2009: Lundi au Dimanche\u2009: de 9h \u00e0 19h.<\/p>\n<p class=\" wall-content\">Personnalisez votre actualit\u00e9 en ajoutant vos villes et m\u00e9dias en favori avec <a href=\"https:\/\/moncompte.actu.fr\" title=\"D\u00e9couvez Mon Actu\" rel=\"nofollow noopener\" data-trk=\"{&quot;cta&quot;:{&quot;action&quot;:&quot;https:\\\/\\\/moncompte.actu.fr&quot;,&quot;category&quot;:&quot;mon compte&quot;,&quot;from&quot;:&quot;article footer&quot;,&quot;name&quot;:&quot;Mon actu&quot;,&quot;type&quot;:&quot;cta&quot;}}\" target=\"_blank\">Mon Actu<\/a>.<\/p>\n<p>                    <script async src=\"\/\/www.instagram.com\/embed.js\"><\/script><\/p>\n","protected":false},"excerpt":{"rendered":"Par Thibault Nadal Publi\u00e9 le 28 d\u00e9c. 2025 \u00e0 7h04 C\u2019est le sport \u00e0 la mode ces derni\u00e8res&hellip;\n","protected":false},"author":2,"featured_media":626543,"comment_status":"","ping_status":"","sticky":false,"template":"","format":"standard","meta":{"footnotes":""},"categories":[2814],"tags":[1111,11,1777,674,1011,27,884,12,882,25,60,2086],"class_list":{"0":"post-626542","1":"post","2":"type-post","3":"status-publish","4":"format-standard","5":"has-post-thumbnail","7":"category-marseille","8":"tag-actu","9":"tag-actualites","10":"tag-eu","11":"tag-europe","12":"tag-fr","13":"tag-france","14":"tag-marseille","15":"tag-news","16":"tag-provence-alpes-cote-dazur","17":"tag-republique-francaise","18":"tag-sports","19":"tag-travaux"},"share_on_mastodon":{"url":"https:\/\/pubeurope.com\/@fr\/115795727369473389","error":""},"_links":{"self":[{"href":"https:\/\/www.europesays.com\/fr\/wp-json\/wp\/v2\/posts\/626542","targetHints":{"allow":["GET"]}}],"collection":[{"href":"https:\/\/www.europesays.com\/fr\/wp-json\/wp\/v2\/posts"}],"about":[{"href":"https:\/\/www.europesays.com\/fr\/wp-json\/wp\/v2\/types\/post"}],"author":[{"embeddable":true,"href":"https:\/\/www.europesays.com\/fr\/wp-json\/wp\/v2\/users\/2"}],"replies":[{"embeddable":true,"href":"https:\/\/www.europesays.com\/fr\/wp-json\/wp\/v2\/comments?post=626542"}],"version-history":[{"count":0,"href":"https:\/\/www.europesays.com\/fr\/wp-json\/wp\/v2\/posts\/626542\/revisions"}],"wp:featuredmedia":[{"embeddable":true,"href":"https:\/\/www.europesays.com\/fr\/wp-json\/wp\/v2\/media\/626543"}],"wp:attachment":[{"href":"https:\/\/www.europesays.com\/fr\/wp-json\/wp\/v2\/media?parent=626542"}],"wp:term":[{"taxonomy":"category","embeddable":true,"href":"https:\/\/www.europesays.com\/fr\/wp-json\/wp\/v2\/categories?post=626542"},{"taxonomy":"post_tag","embeddable":true,"href":"https:\/\/www.europesays.com\/fr\/wp-json\/wp\/v2\/tags?post=626542"}],"curies":[{"name":"wp","href":"https:\/\/api.w.org\/{rel}","templated":true}]}}