{"id":626544,"date":"2025-12-28T06:15:34","date_gmt":"2025-12-28T06:15:34","guid":{"rendered":"https:\/\/www.europesays.com\/fr\/626544\/"},"modified":"2025-12-28T06:15:34","modified_gmt":"2025-12-28T06:15:34","slug":"a-marseille-le-brasilia-celebre-ses-60-ans","status":"publish","type":"post","link":"https:\/\/www.europesays.com\/fr\/626544\/","title":{"rendered":"\u00e0 Marseille, le Brasilia c\u00e9l\u00e8bre ses 60\u00a0ans"},"content":{"rendered":"<p>Au 20e \u00e9tage du Brasilia (8e), Paule et Bernard Caviglioli y habitent depuis 57\u00a0ans, suspendus au-dessus de la ville. \u00ab\u00a0On a l\u2019impression de vivre dans une \u0153uvre d\u2019art\u00a0\u00bb, glisse Bernard Caviglioli. Une sensation qui ne les a jamais quitt\u00e9es et surtout jamais donn\u00e9 envie de partir. \u00ab\u00a0M\u00eame quand on avait les trois enfants, on est rest\u00e9s. On a lou\u00e9 un autre appartement au-dessus pour les ados\u00a0\u00bb, se souvient Paule Caviglioli.<\/p>\n<p>Transformer l\u2019appartement n\u2019a jamais \u00e9t\u00e9 une option\u00a0: parquet en bois de ch\u00eane, volets d\u2019origine\u2026 Rien n\u2019a boug\u00e9. \u00ab\u00a0L\u2019architecte l\u2019a r\u00e9alis\u00e9 comme une sculpture, alors il faut en prendre soin et ne rien modifier\u00a0\u00bb, insiste le nonag\u00e9naire f\u00e9ru d\u2019art contemporain.<\/p>\n<p>La vue, la lumi\u00e8re, la proximit\u00e9 avec les \u00e9coles et les commerces\u2026<\/p>\n<p>Labellis\u00e9 Patrimoine du XXe\u00a0si\u00e8cle, le Brasilia a \u00e9t\u00e9 construit en\u00a01966. \u00c0 proximit\u00e9 de <a href=\"https:\/\/www.laprovence.com\/article\/societe\/1133989349927115\/plus-de-300-appartements-maison-du-fada-la-folle-histoire-de-la-cite-radieuse-a-marseille\" target=\"_blank\" rel=\"noopener\">la Cit\u00e9 Radieuse de Le Corbusier<\/a>, cet IGH (Immeuble de grande hauteur) de 65\u00a0m de haut abrite 221 logements r\u00e9partis sur 21 \u00e9tages. Imagin\u00e9 par Fernand Boukobza (1926-2012), le Brasilia devrait son nom \u00e0 un voyage de l\u2019architecte marseillais dans<a href=\"https:\/\/www.laprovence.com\/article\/france-monde\/1436876668798816\/les-saccages-a-brasilia-denormes-degats-pour-le-patrimoine\" target=\"_blank\" rel=\"noopener\"> la nouvelle capitale Br\u00e9silienne dessin\u00e9e par Oscar Niemeyer, designer br\u00e9silien.<\/a><\/p>\n<p><img alt=\"&quot;Certains trouvent les couloirs trop sombres mais c\u2019est tout le cachet du b\u00e2timent. Dans les corridors, l\u2019\u0153il se repose avant de profiter pleinement de la lumi\u00e8re des logements&quot;, soutient Paule Caviglioli.\" loading=\"lazy\" decoding=\"async\" data-nimg=\"fill\" class=\" TwicCore_img__i9TC1 undefined  undefined\" style=\"position:absolute;height:100%;width:100%;left:0;top:0;right:0;bottom:0;color:transparent;background-size:cover;background-position:50% 50%;background-repeat:no-repeat;background-image:url(&quot;data:image\/svg+xml;charset=utf-8,%3Csvg xmlns='http:\/\/www.w3.org\/2000\/svg' %3E%3Cfilter id='b' color-interpolation-filters='sRGB'%3E%3CfeGaussianBlur stdDeviation='20'\/%3E%3CfeColorMatrix values='1 0 0 0 0 0 1 0 0 0 0 0 1 0 0 0 0 0 100 -1' result='s'\/%3E%3CfeFlood x='0' y='0' width='100%25' height='100%25'\/%3E%3CfeComposite operator='out' in='s'\/%3E%3CfeComposite in2='SourceGraphic'\/%3E%3CfeGaussianBlur stdDeviation='20'\/%3E%3C\/filter%3E%3Cimage width='100%25' height='100%25' x='0' y='0' preserveAspectRatio='none' style='filter: url(%23b);' href='https:\/\/pictures.laprovence.com\/cdn-cgi\/image\/blur=250\/media\/melody\/2025\/12\/28\/illustration-immeuble-le-brasilia-221225gbr02-1766901909_f79c763c7a496fb9c763c7a49bf9c7v_.jpg'\/%3E%3C\/svg%3E&quot;)\"   src=\"https:\/\/www.europesays.com\/fr\/wp-content\/uploads\/2025\/12\/illustration-immeuble-le-brasilia-221225gbr02-1766901909_f79c763c7a496fb9c763c7a49bf9c7v_.jpg\"\/>\u00ab\u00a0Certains trouvent les couloirs trop sombres mais c\u2019est tout le cachet du b\u00e2timent. Dans les corridors, l\u2019\u0153il se repose avant de profiter pleinement de la lumi\u00e8re des logements\u00a0\u00bb, soutient Paule Caviglioli. \/ PHOTO Gilles Bader<\/p>\n<p>Con\u00e7u comme un grand arc de cercle, l\u2019\u00e9difice poss\u00e8de des coursives qui desservent les appartements traversants. \u00ab\u00a0Certains trouvent les couloirs trop sombres mais c\u2019est tout le cachet du b\u00e2timent. Dans les corridors, l\u2019\u0153il se repose avant de profiter pleinement de la lumi\u00e8re des logements\u00a0\u00bb, soutient Paule Caviglioli. R\u00e9alis\u00e9 en b\u00e9ton et sur pilotis, l\u2019immeuble est r\u00e9put\u00e9 pour son escalier de secours \u00e0 double r\u00e9volution. \u00ab\u00a0C\u2019est un\u00a0ascenseur vers le ciel\u00a0\u00bb, affirmait Fernand Boukobza.<\/p>\n<p><img alt=\"&quot;Un ascenseur vers le ciel&quot;, affirmait Fernand Boukobza pour le d\u00e9finir.\" loading=\"lazy\" decoding=\"async\" data-nimg=\"fill\" class=\" TwicCore_img__i9TC1 undefined  undefined\" style=\"position:absolute;height:100%;width:100%;left:0;top:0;right:0;bottom:0;color:transparent;background-size:cover;background-position:50% 50%;background-repeat:no-repeat;background-image:url(&quot;data:image\/svg+xml;charset=utf-8,%3Csvg xmlns='http:\/\/www.w3.org\/2000\/svg' %3E%3Cfilter id='b' color-interpolation-filters='sRGB'%3E%3CfeGaussianBlur stdDeviation='20'\/%3E%3CfeColorMatrix values='1 0 0 0 0 0 1 0 0 0 0 0 1 0 0 0 0 0 100 -1' result='s'\/%3E%3CfeFlood x='0' y='0' width='100%25' height='100%25'\/%3E%3CfeComposite operator='out' in='s'\/%3E%3CfeComposite in2='SourceGraphic'\/%3E%3CfeGaussianBlur stdDeviation='20'\/%3E%3C\/filter%3E%3Cimage width='100%25' height='100%25' x='0' y='0' preserveAspectRatio='none' style='filter: url(%23b);' href='https:\/\/pictures.laprovence.com\/cdn-cgi\/image\/blur=250\/media\/melody\/2025\/12\/28\/illustration-immeuble-le-brasilia-221225gbr02-1766901910_35b1b2627949669b1b26279499db1bv_.jpg'\/%3E%3C\/svg%3E&quot;)\"   src=\"https:\/\/www.europesays.com\/fr\/wp-content\/uploads\/2025\/12\/illustration-immeuble-le-brasilia-221225gbr02-1766901910_35b1b2627949669b1b26279499db1bv_.jpg\"\/>\u00ab\u00a0Un ascenseur vers le ciel\u00a0\u00bb, affirmait Fernand Boukobza pour le d\u00e9finir. \/ PHOTO Gilles Bader<\/p>\n<p>Dans les appartements, les atouts ne manquent pas\u00a0: la vue, la lumi\u00e8re, la proximit\u00e9\u2026 Au 18e \u00e9tage, Anne B. y r\u00e9side depuis 10\u00a0ans. \u00ab\u00a0J\u2019aime \u00eatre perch\u00e9e tout en haut. J\u2019ai une belle vue sur le <a href=\"https:\/\/www.laprovence.com\/article\/sortie-loisirs\/71222597091209\/balades-dans-les-iles-le-frioul-ces-iles-hors-du-temps\" target=\"_blank\" rel=\"noopener\">Frioul <\/a>et <a href=\"https:\/\/www.laprovence.com\/article\/region\/3398634814634814\/inauguration-de-notre-dame-de-la-garde-a-marseille-un-final-monumental-pour-un-chantier-historique\" target=\"_blank\" rel=\"noopener\">Notre-Dame de la Garde<\/a>\u00ab\u00a0, se satisfait-elle.\u00a0Un sentiment partag\u00e9 par Paule et Bernard. \u00ab\u00a0Ce qui est agr\u00e9able, c\u2019est la vue. Pendant le confinement, on ne se sentait pas enferm\u00e9s\u00a0\u00bb, se rappelle Paule.<\/p>\n<p><img alt=\"Au 20e \u00e9tage du Brasilia (8e), Paule et Bernard Caviglioli y habitent depuis 57 ans, suspendus au-dessus de la ville. &quot;On a l\u2019impression de vivre dans une \u0153uvre d\u2019art&quot;, glisse Bernard Caviglioli.\" loading=\"lazy\" decoding=\"async\" data-nimg=\"fill\" class=\" TwicCore_img__i9TC1 undefined  undefined\" style=\"position:absolute;height:100%;width:100%;left:0;top:0;right:0;bottom:0;color:transparent;background-size:cover;background-position:50% 50%;background-repeat:no-repeat;background-image:url(&quot;data:image\/svg+xml;charset=utf-8,%3Csvg xmlns='http:\/\/www.w3.org\/2000\/svg' %3E%3Cfilter id='b' color-interpolation-filters='sRGB'%3E%3CfeGaussianBlur stdDeviation='20'\/%3E%3CfeColorMatrix values='1 0 0 0 0 0 1 0 0 0 0 0 1 0 0 0 0 0 100 -1' result='s'\/%3E%3CfeFlood x='0' y='0' width='100%25' height='100%25'\/%3E%3CfeComposite operator='out' in='s'\/%3E%3CfeComposite in2='SourceGraphic'\/%3E%3CfeGaussianBlur stdDeviation='20'\/%3E%3C\/filter%3E%3Cimage width='100%25' height='100%25' x='0' y='0' preserveAspectRatio='none' style='filter: url(%23b);' href='https:\/\/pictures.laprovence.com\/cdn-cgi\/image\/blur=250\/media\/melody\/2025\/12\/28\/illustration-immeuble-le-brasilia-221225gbr02-1766901910_0bc0c91c69496fec0c91c6949d2d0cv_.jpg'\/%3E%3C\/svg%3E&quot;)\"   src=\"https:\/\/www.europesays.com\/fr\/wp-content\/uploads\/2025\/12\/illustration-immeuble-le-brasilia-221225gbr02-1766901910_0bc0c91c69496fec0c91c6949d2d0cv_.jpg\"\/>Au 20e \u00e9tage du Brasilia (8e), Paule et Bernard Caviglioli y habitent depuis 57 ans, suspendus au-dessus de la ville. \u00ab\u00a0On a l\u2019impression de vivre dans une \u0153uvre d\u2019art\u00a0\u00bb, glisse Bernard Caviglioli. \/ PHOTO Gilles Bader<\/p>\n<p>Perch\u00e9 au 14e\u00a0\u00e9tage depuis 43\u00a0ans, Patrice Talavera ne regrette pas.\u00a0\u00ab\u00a0Ma femme\u00a0n\u2019a pas le permis alors ici, c\u2019est pratique, tout est accessible \u00e0 pied ou en transports\u00a0: les <a href=\"https:\/\/www.laprovence.com\/article\/le-club-la-provence\/89618845061955\/sur-les-plages-marseillaises-il-faudrait-mettre-une-gifle-a-chaque-pollueur\" target=\"_blank\" rel=\"noopener\">plages du Prado<\/a>, le centre-ville, les \u00e9coles, les commerces, le <a href=\"https:\/\/www.laprovence.com\/article\/region\/1579390769201415\/a-borely-a-marseille-le-pavillon-du-lac-naccueillera-pas-de-resto-chic\" target=\"_blank\" rel=\"noopener\">parc Bor\u00e9ly<\/a>\u2026 Tout est \u00e0 port\u00e9e de main\u00a0\u00bb, se r\u00e9jouit-il.<\/p>\n<p>Des contraintes mais une communaut\u00e9 soud\u00e9e<\/p>\n<p><a href=\"https:\/\/www.laprovence.com\/article\/societe\/16343686578365\/habiter-au-grand-pavois-cetait-mon-reve-sur-le-rond-point-du-prado-a-marseille-un-demi-siecle-au-sommet\" target=\"_blank\" rel=\"noopener\">Comme au Grand Pavois, dans les IGH, les contraintes sont nombreuses<\/a>\u00a0: les contr\u00f4les techniques r\u00e9guliers, les sorties de secours, les dispositifs incendie, la s\u00e9curit\u00e9\u2026 \u00ab\u00a0On en a pour 240\u00a0000\u00a0euros par an, rien que pour le PC de s\u00e9curit\u00e9\u00a0\u00bb, affirme Patrice Talavera, pr\u00e9sident du conseil syndical.<\/p>\n<p><img alt=\"Au Brasilia, les habitants s\u2019entraident. &quot;Par \u00e9tage et par ascenseur c\u2019est l\u00e0 qu\u2019on se conna\u00eet c\u2019est le r\u00e9sultat d\u2019une bonne architecture \u00e7a&quot;, explique Bernard.\" loading=\"lazy\" decoding=\"async\" data-nimg=\"fill\" class=\" TwicCore_img__i9TC1 undefined  undefined\" style=\"position:absolute;height:100%;width:100%;left:0;top:0;right:0;bottom:0;color:transparent;background-size:cover;background-position:50% 50%;background-repeat:no-repeat;background-image:url(&quot;data:image\/svg+xml;charset=utf-8,%3Csvg xmlns='http:\/\/www.w3.org\/2000\/svg' %3E%3Cfilter id='b' color-interpolation-filters='sRGB'%3E%3CfeGaussianBlur stdDeviation='20'\/%3E%3CfeColorMatrix values='1 0 0 0 0 0 1 0 0 0 0 0 1 0 0 0 0 0 100 -1' result='s'\/%3E%3CfeFlood x='0' y='0' width='100%25' height='100%25'\/%3E%3CfeComposite operator='out' in='s'\/%3E%3CfeComposite in2='SourceGraphic'\/%3E%3CfeGaussianBlur stdDeviation='20'\/%3E%3C\/filter%3E%3Cimage width='100%25' height='100%25' x='0' y='0' preserveAspectRatio='none' style='filter: url(%23b);' href='https:\/\/pictures.laprovence.com\/cdn-cgi\/image\/blur=250\/media\/melody\/2025\/12\/28\/illustration-immeuble-le-brasilia-221225gbr02-1766901911_c542446279496e94244627949bd424v_.jpg'\/%3E%3C\/svg%3E&quot;)\"   src=\"https:\/\/www.europesays.com\/fr\/wp-content\/uploads\/2025\/12\/illustration-immeuble-le-brasilia-221225gbr02-1766901911_c542446279496e94244627949bd424v_.jpg\"\/>Au Brasilia, les habitants s\u2019entraident. \u00ab\u00a0Par \u00e9tage et par ascenseur c\u2019est l\u00e0 qu\u2019on se conna\u00eet c\u2019est le r\u00e9sultat d\u2019une bonne architecture \u00e7a\u00a0\u00bb, explique Bernard. \/ PHOTO Gilles Bader<\/p>\n<p>Mais ces contraintes paraissent insignifiantes face au bonheur de r\u00e9sider dans cette tour de b\u00e9ton. Ici, les habitants s\u2019entraident. \u00ab\u00a0Par \u00e9tage et par ascenseur, c\u2019est l\u00e0 qu\u2019on se conna\u00eet, c\u2019est le r\u00e9sultat d\u2019une bonne architecture\u00a0\u00bb, explique Bernard.<\/p>\n<p>La composition du b\u00e2timent encourage la convivialit\u00e9 comme en t\u00e9moignent les concerts donn\u00e9s par les r\u00e9sidents. D\u00e9but d\u00e9cembre, Anne B. a organis\u00e9 une veill\u00e9e de No\u00ebl dans le hall sous le sapin. \u00ab\u00a0C\u2019\u00e9tait formidable de voir les enfants de l\u2019immeuble chanter tous en ch\u0153ur. On le refera l\u2019ann\u00e9e prochaine\u00a0\u00bb, assure-t-elle.<\/p>\n<p><img alt=\"Labellis\u00e9 Patrimoine du XXe si\u00e8cle, le Brasilia a \u00e9t\u00e9 construit en 1966. \u00c0 proximit\u00e9 de la Cit\u00e9 Radieuse de Le Corbusier, cet IGH (Immeuble de grande hauteur) de 65 m de haut abrite 221 logements r\u00e9partis sur 21 \u00e9tages.\" loading=\"lazy\" decoding=\"async\" data-nimg=\"fill\" class=\" TwicCore_img__i9TC1 undefined  undefined\" style=\"position:absolute;height:100%;width:100%;left:0;top:0;right:0;bottom:0;color:transparent;background-size:cover;background-position:50% 50%;background-repeat:no-repeat;background-image:url(&quot;data:image\/svg+xml;charset=utf-8,%3Csvg xmlns='http:\/\/www.w3.org\/2000\/svg' %3E%3Cfilter id='b' color-interpolation-filters='sRGB'%3E%3CfeGaussianBlur stdDeviation='20'\/%3E%3CfeColorMatrix values='1 0 0 0 0 0 1 0 0 0 0 0 1 0 0 0 0 0 100 -1' result='s'\/%3E%3CfeFlood x='0' y='0' width='100%25' height='100%25'\/%3E%3CfeComposite operator='out' in='s'\/%3E%3CfeComposite in2='SourceGraphic'\/%3E%3CfeGaussianBlur stdDeviation='20'\/%3E%3C\/filter%3E%3Cimage width='100%25' height='100%25' x='0' y='0' preserveAspectRatio='none' style='filter: url(%23b);' href='https:\/\/pictures.laprovence.com\/cdn-cgi\/image\/blur=250\/media\/melody\/2025\/12\/28\/illustration-immeuble-le-brasilia-221225gbr02-1766901911_c24c491c69496755c491c6949795c4v_.jpg'\/%3E%3C\/svg%3E&quot;)\"   src=\"https:\/\/www.europesays.com\/fr\/wp-content\/uploads\/2025\/12\/illustration-immeuble-le-brasilia-221225gbr02-1766901911_c24c491c69496755c491c6949795c4v_.jpg\"\/>Labellis\u00e9 Patrimoine du XXe si\u00e8cle, le Brasilia a \u00e9t\u00e9 construit en 1966. \u00c0 proximit\u00e9 de la Cit\u00e9 Radieuse de Le Corbusier, cet IGH (Immeuble de grande hauteur) de 65 m de haut abrite 221 logements r\u00e9partis sur 21 \u00e9tages. \/ PHOTO Gilles Bader<\/p>\n<p>En attendant d\u2019autres \u00e9v\u00e9nements, le conseil syndical pr\u00e9pare une exposition sur l\u2019architecture du lieu pour c\u00e9l\u00e9brer les 60\u00a0ans du Brasilia au printemps prochain.<\/p>\n","protected":false},"excerpt":{"rendered":"Au 20e \u00e9tage du Brasilia (8e), Paule et Bernard Caviglioli y habitent depuis 57\u00a0ans, suspendus au-dessus de la&hellip;\n","protected":false},"author":2,"featured_media":626545,"comment_status":"","ping_status":"","sticky":false,"template":"","format":"standard","meta":{"footnotes":""},"categories":[2814],"tags":[17,1111,11,44113,1446,1777,674,1011,27,20277,884,12,2009,5241,882,16,25,96,3681],"class_list":{"0":"post-626544","1":"post","2":"type-post","3":"status-publish","4":"format-standard","5":"has-post-thumbnail","7":"category-marseille","8":"tag-17","9":"tag-actu","10":"tag-actualites","11":"tag-dart","12":"tag-dans","13":"tag-eu","14":"tag-europe","15":"tag-fr","16":"tag-france","17":"tag-limpression","18":"tag-marseille","19":"tag-news","20":"tag-oeuvre","21":"tag-on","22":"tag-provence-alpes-cote-dazur","23":"tag-region","24":"tag-republique-francaise","25":"tag-une","26":"tag-vivre"},"share_on_mastodon":{"url":"https:\/\/pubeurope.com\/@fr\/115795731237875325","error":""},"_links":{"self":[{"href":"https:\/\/www.europesays.com\/fr\/wp-json\/wp\/v2\/posts\/626544","targetHints":{"allow":["GET"]}}],"collection":[{"href":"https:\/\/www.europesays.com\/fr\/wp-json\/wp\/v2\/posts"}],"about":[{"href":"https:\/\/www.europesays.com\/fr\/wp-json\/wp\/v2\/types\/post"}],"author":[{"embeddable":true,"href":"https:\/\/www.europesays.com\/fr\/wp-json\/wp\/v2\/users\/2"}],"replies":[{"embeddable":true,"href":"https:\/\/www.europesays.com\/fr\/wp-json\/wp\/v2\/comments?post=626544"}],"version-history":[{"count":0,"href":"https:\/\/www.europesays.com\/fr\/wp-json\/wp\/v2\/posts\/626544\/revisions"}],"wp:featuredmedia":[{"embeddable":true,"href":"https:\/\/www.europesays.com\/fr\/wp-json\/wp\/v2\/media\/626545"}],"wp:attachment":[{"href":"https:\/\/www.europesays.com\/fr\/wp-json\/wp\/v2\/media?parent=626544"}],"wp:term":[{"taxonomy":"category","embeddable":true,"href":"https:\/\/www.europesays.com\/fr\/wp-json\/wp\/v2\/categories?post=626544"},{"taxonomy":"post_tag","embeddable":true,"href":"https:\/\/www.europesays.com\/fr\/wp-json\/wp\/v2\/tags?post=626544"}],"curies":[{"name":"wp","href":"https:\/\/api.w.org\/{rel}","templated":true}]}}