{"id":626546,"date":"2025-12-28T06:16:09","date_gmt":"2025-12-28T06:16:09","guid":{"rendered":"https:\/\/www.europesays.com\/fr\/626546\/"},"modified":"2025-12-28T06:16:09","modified_gmt":"2025-12-28T06:16:09","slug":"ce-village-pres-de-lyon-fait-partie-des-communes-qui-gagnent-le-plus-dhabitants-dans-lain","status":"publish","type":"post","link":"https:\/\/www.europesays.com\/fr\/626546\/","title":{"rendered":"Ce village pr\u00e8s de Lyon fait partie des communes qui gagnent le plus d&rsquo;habitants dans l&rsquo;Ain"},"content":{"rendered":"<p>                    Par<br \/>\n        <strong><br \/>\n            <a href=\"https:\/\/actu.fr\/auteur\/ludivine-caporal\" title=\"Consulter tous les articles de Ludivine Caporal\" target=\"_blank\" rel=\"noopener\">Ludivine Caporal<\/a><br \/>\n                    <\/strong><\/p>\n<p>        Publi\u00e9 le<\/p>\n<p>            28 d\u00e9c. 2025 \u00e0 6h34        <\/p>\n<p>C\u2019est encore une belle progression pour le village de <a href=\"https:\/\/actu.fr\/auvergne-rhone-alpes\/civrieux_01105\" target=\"_blank\" rel=\"noopener\">Civrieux<\/a>.<\/p>\n<p class=\" wall-content\">Situ\u00e9e dans l\u2019<a href=\"https:\/\/actu.fr\/auvergne-rhone-alpes\/ain_01\" target=\"_blank\" rel=\"noopener\">Ain<\/a> \u00e0 la fronti\u00e8re du <a href=\"https:\/\/actu.fr\/auvergne-rhone-alpes\/rhone_69\" target=\"_blank\" rel=\"noopener\">Rh\u00f4ne<\/a> et \u00e0 une vingtaine de kilom\u00e8tres de <a href=\"https:\/\/actu.fr\/auvergne-rhone-alpes\/lyon_69123\" target=\"_blank\" rel=\"noopener\">Lyon<\/a>, cette petite commune <strong>au c\u0153ur de la Dombes<\/strong> continue <strong>d\u2019attirer de nouveaux habitants<\/strong>. Apr\u00e8s avoir connu un taux de croissance annuel moyen de +3,8 % entre 2012 et 2017, elle enregistre cette fois +3,1 % sur la p\u00e9riode 2017-2023, selon les derniers chiffres du recensement publi\u00e9s par l\u2019Insee.<\/p>\n<p class=\" wall-content\">Ce qui fait d\u2019elle l\u2019une des cinq communes du d\u00e9partement qui ont gagn\u00e9 le plus d\u2019habitants derni\u00e8rement.\u00a0<\/p>\n<p>Plus de 2 000 habitants recens\u00e9s\u00a0<\/p>\n<p class=\" wall-content\">De mani\u00e8re g\u00e9n\u00e9rale, \u00ab\u00a0la forte croissance d\u00e9mographique\u00a0\u00bb dans l\u2019Ain \u00ab\u00a0se poursuit sous l\u2019influence des p\u00f4les de <a href=\"https:\/\/actu.fr\/auvergne-rhone-alpes\/lyon_69123\" target=\"_blank\" rel=\"noopener\">Lyon<\/a> et de Gen\u00e8ve\u00a0\u00bb, note l\u2019institut.\u00a0La population du d\u00e9partement a en effet augment\u00e9 en moyenne de 0,9 % par an entre 2017 et 2023, faisant passer le nombre d\u2019habitants <strong>de 643 350 \u00e0 679 344.\u00a0<\/strong><\/p>\n<p class=\" wall-content\">Faisant partie de l\u2019aire d\u2019attraction de Lyon, la commune de Civrieux ne d\u00e9roge donc pas \u00e0 la r\u00e8gle et passe, pour la premi\u00e8re fois de son histoire, <strong>la barre des 2 000 habitants<\/strong> (2 016 au 1er janvier 2023 pour \u00eatre exact).<\/p>\n<p>    <a href=\"https:\/\/www.google.com\/maps\/embed?pb=!1m18!1m12!1m3!1d44408.399147589495!2d4.81160065018061!3d45.9208069706309!2m3!1f0!2f0!3f0!3m2!1i1024!2i768!4f13.1!3m3!1m2!1s0x47f497c8d0dc4323%3A0xe8f23bab009a679!2s01390%20Civrieux!5e0!3m2!1sfr!2sfr!4v1766506445946!5m2!1sfr!2sfr\" title=\"Ouvrie le lien\" target=\"_blank\" rel=\"noopener\">Cliquez ici pour visualiser le contenu<\/a><\/p>\n<p>Premi\u00e8re place pour S\u00e9gny, \u00e0 c\u00f4t\u00e9 de la Suisse<\/p>\n<p class=\" wall-content\">Mais les croissances les plus fortes sur la p\u00e9riode 2017-2023 se situent du c\u00f4t\u00e9 du Pays de Gex, \u00e0 la fronti\u00e8re de la Suisse.\u00a0<\/p>\n<p>Votre r\u00e9gion, votre actu !<\/p>\n<p>Recevez chaque jour les infos qui comptent pour vous.<\/p>\n<p>\t<a href=\"https:\/\/actu.fr\/newsletter\" class=\"ac-btn ac-btn--corner ac-btn--medium ac-btn--blue800\" target=\"_blank\" rel=\"noopener\">S&rsquo;incrire<\/a><\/p>\n<p class=\" wall-content\">Voici le classement du top 5 d\u00e9voil\u00e9 par l\u2019Insee (toujours en taux de croissance annuel moyen) :<\/p>\n<ol class=\" wall-content\">\n<li>S\u00e9gny 6,1 %<\/li>\n<li>Chevry 4,6 %<\/li>\n<li>Ferney-Voltaire 3,6 %<\/li>\n<li>Cessy 3,1 %<\/li>\n<li>Civrieux 3,1 %<\/li>\n<\/ol>\n<p class=\" wall-content\">Personnalisez votre actualit\u00e9 en ajoutant vos villes et m\u00e9dias en favori avec <a href=\"https:\/\/moncompte.actu.fr\" title=\"D\u00e9couvez Mon Actu\" rel=\"nofollow noopener\" data-trk=\"{&quot;cta&quot;:{&quot;action&quot;:&quot;https:\\\/\\\/moncompte.actu.fr&quot;,&quot;category&quot;:&quot;mon compte&quot;,&quot;from&quot;:&quot;article footer&quot;,&quot;name&quot;:&quot;Mon actu&quot;,&quot;type&quot;:&quot;cta&quot;}}\" target=\"_blank\">Mon Actu<\/a>.<\/p>\n","protected":false},"excerpt":{"rendered":"Par Ludivine Caporal Publi\u00e9 le 28 d\u00e9c. 2025 \u00e0 6h34 C\u2019est encore une belle progression pour le village&hellip;\n","protected":false},"author":2,"featured_media":626547,"comment_status":"","ping_status":"","sticky":false,"template":"","format":"standard","meta":{"footnotes":""},"categories":[1889],"tags":[1111,11,2430,6969,1777,674,1011,27,2428,12,25,104],"class_list":{"0":"post-626546","1":"post","2":"type-post","3":"status-publish","4":"format-standard","5":"has-post-thumbnail","7":"category-lyon","8":"tag-actu","9":"tag-actualites","10":"tag-auvergne-rhone-alpes","11":"tag-demographie","12":"tag-eu","13":"tag-europe","14":"tag-fr","15":"tag-france","16":"tag-lyon","17":"tag-news","18":"tag-republique-francaise","19":"tag-societe"},"share_on_mastodon":{"url":"https:\/\/pubeurope.com\/@fr\/115795734251806979","error":""},"_links":{"self":[{"href":"https:\/\/www.europesays.com\/fr\/wp-json\/wp\/v2\/posts\/626546","targetHints":{"allow":["GET"]}}],"collection":[{"href":"https:\/\/www.europesays.com\/fr\/wp-json\/wp\/v2\/posts"}],"about":[{"href":"https:\/\/www.europesays.com\/fr\/wp-json\/wp\/v2\/types\/post"}],"author":[{"embeddable":true,"href":"https:\/\/www.europesays.com\/fr\/wp-json\/wp\/v2\/users\/2"}],"replies":[{"embeddable":true,"href":"https:\/\/www.europesays.com\/fr\/wp-json\/wp\/v2\/comments?post=626546"}],"version-history":[{"count":0,"href":"https:\/\/www.europesays.com\/fr\/wp-json\/wp\/v2\/posts\/626546\/revisions"}],"wp:featuredmedia":[{"embeddable":true,"href":"https:\/\/www.europesays.com\/fr\/wp-json\/wp\/v2\/media\/626547"}],"wp:attachment":[{"href":"https:\/\/www.europesays.com\/fr\/wp-json\/wp\/v2\/media?parent=626546"}],"wp:term":[{"taxonomy":"category","embeddable":true,"href":"https:\/\/www.europesays.com\/fr\/wp-json\/wp\/v2\/categories?post=626546"},{"taxonomy":"post_tag","embeddable":true,"href":"https:\/\/www.europesays.com\/fr\/wp-json\/wp\/v2\/tags?post=626546"}],"curies":[{"name":"wp","href":"https:\/\/api.w.org\/{rel}","templated":true}]}}