{"id":626548,"date":"2025-12-28T06:17:13","date_gmt":"2025-12-28T06:17:13","guid":{"rendered":"https:\/\/www.europesays.com\/fr\/626548\/"},"modified":"2025-12-28T06:17:13","modified_gmt":"2025-12-28T06:17:13","slug":"lyon-lancement-de-24-heures-a-parmilieu-au-musee-jean-couty","status":"publish","type":"post","link":"https:\/\/www.europesays.com\/fr\/626548\/","title":{"rendered":"Lyon. Lancement de \u00ab\u00a024 Heures \u00e0 Parmilieu\u00a0\u00bb au Mus\u00e9e Jean Couty &#8211;"},"content":{"rendered":"<p>\t\t\t\t<img fetchpriority=\"high\" decoding=\"async\" width=\"900\" height=\"609\" src=\"https:\/\/www.europesays.com\/fr\/wp-content\/uploads\/2025\/12\/02-Livre-24-heures-parmilieu.jpg\" alt=\"\" title=\"02 Livre 24 heures parmilieu\"   class=\"wp-image-168435\"\/><\/p>\n<p>Les auteurs r\u00e9unis au Mus\u00e9e Jean Couty \u2013 Photos DR \/ Lyon People<\/p>\n<p><strong>Texte\u00a0: Jacques Bruyas<\/strong> \u2013 C\u2019est au Mus\u00e9e Jean Couty qu\u2019a eu lieu la sortie officielle de \u00ab\u00a024 heures \u00e0 Parmilieu\u00a0\u00bb, un ouvrage de 310 pages co-\u00e9crit par 24 \u00e9crivains s\u2019attribuant chacun une heure ou de la nuit pour chanter chacun \u00e0 sa mani\u00e8re ce bourg de la Communaut\u00e9 des Balcons du Dauphin\u00e9.<\/p>\n<p>Ce petit village a re\u00e7u en ses murs <strong>Prosper M\u00e9rim\u00e9e<\/strong>, <strong>Alphonse de Lamartine<\/strong>, mais plus pr\u00e8s de nous <strong>Bernard Clavel<\/strong>, <strong>Gabriel Chevallier<\/strong>, <strong>Marcel.E. Grancher<\/strong>, <strong>Colette<\/strong>, <strong>Henri B\u00e9raud<\/strong>, <strong>Antoine de Saint-Exup\u00e9ry<\/strong>\u2026 venant chaque \u00e9t\u00e9 de l\u2019entre-deux guerres en la Fondation du Serverin qu\u2019<strong>\u00c9douard Herriot <\/strong>cr\u00e9a (\u00e0 l\u2019\u00e9gal de la Fondation de Lourmarin cr\u00e9\u00e9e par <strong>H. Laurent-Vibert<\/strong>, fondateur de P\u00e9trole Hann). Parmilieu est aussi un village au lourd pass\u00e9 carrier et de tailleurs de pierre.<\/p>\n<p><strong>En 2005, il fut reconnu comme \u00ab\u00a0Village des \u00c9crivains\u00a0\u00bb par l\u2019Acad\u00e9mie Fran\u00e7aise <\/strong><\/p>\n<p>Vingt ans plus tard, il fut int\u00e9gr\u00e9 gr\u00e2ce \u00e0 un classement du Minist\u00e8re de la Culture dans la boucle litt\u00e9raire is\u00e9roise qui, justement, partant\u00a0de Parmilieu rejoint Brangues, village de <strong>Paul Claudel<\/strong> et inspirant Stendhal pour son \u00a0\u00bb Rouge et le Noir\u00a0\u00bb puis Saint-Chef, village de San-Antonio alias <strong>Fr\u00e9d\u00e9ric Dard<\/strong>\u2026<\/p>\n<p>C\u2019est donc ce petit havre de paix de 750 habitants qui, se pr\u00eatant au jeu de la cr\u00e9ation litt\u00e9raire \u00e0 24 mains, se retrouve le cadre d\u2019un livre dont la couverture est \u00ab\u00a0illustr\u00e9e\u00a0\u00bb par un tableau du Ma\u00eetre lyonnais <strong>Jean Couty<\/strong>, figurant de solides gaillards taillant la roche.<\/p>\n<p><img loading=\"lazy\" decoding=\"async\" class=\"alignnone size-full wp-image-168436\" src=\"data:image\/svg+xml,%3Csvg%20xmlns=\" http:=\"\" alt=\"\" width=\"900\" height=\"699\" data-lazy- data-lazy- data-lazy-src=\"https:\/\/www.europesays.com\/fr\/wp-content\/uploads\/2025\/12\/24h-Parmilieu-UERA.jpg\"\/><\/p>\n<p>\u00a0<\/p>\n","protected":false},"excerpt":{"rendered":"Les auteurs r\u00e9unis au Mus\u00e9e Jean Couty \u2013 Photos DR \/ Lyon People Texte\u00a0: Jacques Bruyas \u2013 C\u2019est&hellip;\n","protected":false},"author":2,"featured_media":626549,"comment_status":"","ping_status":"","sticky":false,"template":"","format":"standard","meta":{"footnotes":""},"categories":[1889],"tags":[4257,73593,1111,11,2430,1777,674,1011,27,2428,73594,12,25],"class_list":{"0":"post-626548","1":"post","2":"type-post","3":"status-publish","4":"format-standard","5":"has-post-thumbnail","7":"category-lyon","8":"tag-0top","9":"tag-24-heures-a-parmilieu","10":"tag-actu","11":"tag-actualites","12":"tag-auvergne-rhone-alpes","13":"tag-eu","14":"tag-europe","15":"tag-fr","16":"tag-france","17":"tag-lyon","18":"tag-musee-jean-couty","19":"tag-news","20":"tag-republique-francaise"},"share_on_mastodon":{"url":"https:\/\/pubeurope.com\/@fr\/115795738927180460","error":""},"_links":{"self":[{"href":"https:\/\/www.europesays.com\/fr\/wp-json\/wp\/v2\/posts\/626548","targetHints":{"allow":["GET"]}}],"collection":[{"href":"https:\/\/www.europesays.com\/fr\/wp-json\/wp\/v2\/posts"}],"about":[{"href":"https:\/\/www.europesays.com\/fr\/wp-json\/wp\/v2\/types\/post"}],"author":[{"embeddable":true,"href":"https:\/\/www.europesays.com\/fr\/wp-json\/wp\/v2\/users\/2"}],"replies":[{"embeddable":true,"href":"https:\/\/www.europesays.com\/fr\/wp-json\/wp\/v2\/comments?post=626548"}],"version-history":[{"count":0,"href":"https:\/\/www.europesays.com\/fr\/wp-json\/wp\/v2\/posts\/626548\/revisions"}],"wp:featuredmedia":[{"embeddable":true,"href":"https:\/\/www.europesays.com\/fr\/wp-json\/wp\/v2\/media\/626549"}],"wp:attachment":[{"href":"https:\/\/www.europesays.com\/fr\/wp-json\/wp\/v2\/media?parent=626548"}],"wp:term":[{"taxonomy":"category","embeddable":true,"href":"https:\/\/www.europesays.com\/fr\/wp-json\/wp\/v2\/categories?post=626548"},{"taxonomy":"post_tag","embeddable":true,"href":"https:\/\/www.europesays.com\/fr\/wp-json\/wp\/v2\/tags?post=626548"}],"curies":[{"name":"wp","href":"https:\/\/api.w.org\/{rel}","templated":true}]}}