{"id":62655,"date":"2025-04-29T20:26:11","date_gmt":"2025-04-29T20:26:11","guid":{"rendered":"https:\/\/www.europesays.com\/fr\/62655\/"},"modified":"2025-04-29T20:26:11","modified_gmt":"2025-04-29T20:26:11","slug":"attaque-au-couteau-a-nantes-les-parents-de-la-jeune-fille-tuee-lancent-une-cagnotte","status":"publish","type":"post","link":"https:\/\/www.europesays.com\/fr\/62655\/","title":{"rendered":"Attaque au couteau \u00e0 Nantes\u00a0: les parents de la jeune fille tu\u00e9e lancent une cagnotte"},"content":{"rendered":"<p class=\"paragraph text_align_left\">Les parents de Lor\u00e8ne, <a href=\"https:\/\/www.leparisien.fr\/faits-divers\/attaque-au-couteau-a-nantes-lien-avec-la-victime-fascination-pour-hitler-ce-quil-faut-retenir-des-precisions-du-procureur-25-04-2025-T3UFW7O5Z5DOTNSGPCD6RQK47E.php\" target=\"_blank\" rel=\"nofollow noopener\">la lyc\u00e9enne poignard\u00e9e jeudi \u00e0 Nantes<\/a> (Loire-Atlantique) par un camarade de classe, ont lanc\u00e9 une cagnotte pour aider les \u00ab structures d\u2019aide psychologique \u00e0 l\u2019enfance \u00bb.<\/p>\n<p class=\"paragraph text_align_left\"><a href=\"https:\/\/www.leparisien.fr\/faits-divers\/attaque-au-couteau-dans-un-lycee-a-nantes-qui-est-justin-p-le-principal-suspect-24-04-2025-XJBAQ4UZGNB2BA7IGYYYEVOHDU.php\" target=\"_blank\" rel=\"nofollow noopener\">Justin P.<\/a>, un adolescent de 16 ans, a poignard\u00e9 mortellement la jeune fille de 15 ans jeudi dernier au coll\u00e8ge-lyc\u00e9e priv\u00e9 Notre-Dame de Toutes-Aides de Nantes avant de s\u2019en prendre \u00e0 trois autres \u00e9l\u00e8ves, gri\u00e8vement bless\u00e9s, mais tir\u00e9s d\u2019affaire.<\/p>\n<p class=\"paragraph text_align_left\">Lor\u00e8ne, <a href=\"https:\/\/www.leparisien.fr\/faits-divers\/agression-meurtriere-de-nantes-12h25-justin-p-sapprete-a-semer-la-terreur-24-04-2025-LHKAQ6HLE5HN5FSAU5UXD5TA6Y.php\" target=\"_blank\" rel=\"nofollow noopener\">qui aurait re\u00e7u 57 coups de couteau<\/a>, \u00e9tait, selon le procureur, \u00ab la seule personne avec qui le suspect s\u2019entendait bien \u00bb. Avant de commettre son acte, Justin P. avait envoy\u00e9 \u00e0 tout le lyc\u00e9e un manifeste dans lequel il appelait notamment \u00e0 combattre \u00ab l\u2019\u00e9cocide globalis\u00e9 \u00bb ainsi que \u00ab l\u2019ali\u00e9nation \u00bb provoqu\u00e9e par le syst\u00e8me. Plac\u00e9 en garde \u00e0 vue apr\u00e8s son interpellation jeudi, il avait ensuite \u00e9t\u00e9 intern\u00e9 en raison de \u00ab l\u2019incompatibilit\u00e9 de son \u00e9tat de sant\u00e9 avec la mesure de garde \u00e0 vue \u00bb.<\/p>\n<p>Plusieurs structures b\u00e9n\u00e9ficiaires<\/p>\n<p class=\"paragraph text_align_left\">La cagnotte des parents de la victime a \u00e9t\u00e9 mise en ligne sur la plate-forme \u00ab <a href=\"https:\/\/app.lacagnottedesproches.fr\/cagnotte\/protegeons-lavenir-de-nos-enfants\/\" target=\"_blank\" rel=\"nofollow noopener\">La cagnotte des proches<\/a> \u00bb. \u00ab L\u2019objectif est de r\u00e9colter des dons \u00e0 destination du r\u00e9seau d\u2019intervenants \u00e0 l\u2019aide psychologique des enfants et des adolescents, peut-on lire sur le site. Cette aide pourra \u00eatre b\u00e9n\u00e9fique pour les victimes de cette trag\u00e9die mais aussi pour pallier au d\u00e9sengagement financier du service public. \u00bb<\/p>\n<p class=\"title-embed-dailymotion lp-color-text lp-f-subtitle-04\">Vid\u00e9oAgression au couteau \u00e0 Nantes : les \u00e9l\u00e8ves rendent hommage \u00e0 leur camarade d\u00e9c\u00e9d\u00e9e<\/p>\n<p class=\"paragraph text_align_left\">La famille pr\u00e9cise qu\u2019il s\u2019agit de \u00ab la seule et unique cagnotte pour les dons qui concernent cet \u00e9v\u00e9nement \u00bb et que la totalit\u00e9 des fonds \u00ab sera revers\u00e9e vers les diff\u00e9rentes structures \u00bb dont le nom sera annonc\u00e9 \u00ab ult\u00e9rieurement \u00bb. La cagnotte avait r\u00e9colt\u00e9 plus de 14 000 euros mardi soir.<\/p>\n","protected":false},"excerpt":{"rendered":"Les parents de Lor\u00e8ne, la lyc\u00e9enne poignard\u00e9e jeudi \u00e0 Nantes (Loire-Atlantique) par un camarade de classe, ont lanc\u00e9&hellip;\n","protected":false},"author":2,"featured_media":62656,"comment_status":"","ping_status":"","sticky":false,"template":"","format":"standard","meta":{"footnotes":""},"categories":[2818],"tags":[1111,11,459,1777,674,118,1011,27,766,12,2636,25],"class_list":{"0":"post-62655","1":"post","2":"type-post","3":"status-publish","4":"format-standard","5":"has-post-thumbnail","7":"category-nantes","8":"tag-actu","9":"tag-actualites","10":"tag-departements-horsidfo","11":"tag-eu","12":"tag-europe","13":"tag-faits-divers","14":"tag-fr","15":"tag-france","16":"tag-nantes","17":"tag-news","18":"tag-pays-de-la-loire","19":"tag-republique-francaise"},"share_on_mastodon":{"url":"https:\/\/pubeurope.com\/@fr\/114423135177912184","error":""},"_links":{"self":[{"href":"https:\/\/www.europesays.com\/fr\/wp-json\/wp\/v2\/posts\/62655","targetHints":{"allow":["GET"]}}],"collection":[{"href":"https:\/\/www.europesays.com\/fr\/wp-json\/wp\/v2\/posts"}],"about":[{"href":"https:\/\/www.europesays.com\/fr\/wp-json\/wp\/v2\/types\/post"}],"author":[{"embeddable":true,"href":"https:\/\/www.europesays.com\/fr\/wp-json\/wp\/v2\/users\/2"}],"replies":[{"embeddable":true,"href":"https:\/\/www.europesays.com\/fr\/wp-json\/wp\/v2\/comments?post=62655"}],"version-history":[{"count":0,"href":"https:\/\/www.europesays.com\/fr\/wp-json\/wp\/v2\/posts\/62655\/revisions"}],"wp:featuredmedia":[{"embeddable":true,"href":"https:\/\/www.europesays.com\/fr\/wp-json\/wp\/v2\/media\/62656"}],"wp:attachment":[{"href":"https:\/\/www.europesays.com\/fr\/wp-json\/wp\/v2\/media?parent=62655"}],"wp:term":[{"taxonomy":"category","embeddable":true,"href":"https:\/\/www.europesays.com\/fr\/wp-json\/wp\/v2\/categories?post=62655"},{"taxonomy":"post_tag","embeddable":true,"href":"https:\/\/www.europesays.com\/fr\/wp-json\/wp\/v2\/tags?post=62655"}],"curies":[{"name":"wp","href":"https:\/\/api.w.org\/{rel}","templated":true}]}}