{"id":626558,"date":"2025-12-28T06:24:27","date_gmt":"2025-12-28T06:24:27","guid":{"rendered":"https:\/\/www.europesays.com\/fr\/626558\/"},"modified":"2025-12-28T06:24:27","modified_gmt":"2025-12-28T06:24:27","slug":"apres-dix-ans-dattente-la-lumiere-va-t-elle-enfin-se-projeter-dans-le-cinema-etoile-voltaire-a-paris","status":"publish","type":"post","link":"https:\/\/www.europesays.com\/fr\/626558\/","title":{"rendered":"Apr\u00e8s dix ans d&rsquo;attente, la lumi\u00e8re va-t-elle enfin se projeter dans le cin\u00e9ma \u00c9toile Voltaire \u00e0 Paris\u00a0?"},"content":{"rendered":"<p>                    Par<br \/>\n        <strong><br \/>\n            <a href=\"https:\/\/actu.fr\/auteur\/ines-cussac-actu-fr\" title=\"Consulter tous les articles de In\u00e8s Cussac\" target=\"_blank\" rel=\"noopener\">In\u00e8s Cussac<\/a><br \/>\n                    <\/strong><\/p>\n<p>        Publi\u00e9 le<\/p>\n<p>            28 d\u00e9c. 2025 \u00e0 6h28        <\/p>\n<p>Il s\u2019accroche \u00e0 son \u00ab\u2009r\u00eave\u2009\u00bb, co\u00fbte que co\u00fbte, sans lassitude. \u00ab\u2009Faire des lieux culturels c\u2019est toujours tr\u00e8s long. Pour tous les <a href=\"https:\/\/actu.fr\/ile-de-france\/paris_75056\/depuis-30-ans-l-industrie-du-cinema-prend-le-pouls-de-la-carriere-des-films-a-l-ugc-des-halles-a-paris_62788519.html\" target=\"_blank\" rel=\"noopener\">cin\u00e9mas<\/a> qu\u2019on a sortis, \u00e7a a mis dix ans \u00e0 chaque fois\u2009\u00bb, veut temp\u00e9rer David Henochsberg. Le PDG du r\u00e9seau de salles \u00c9toile Cin\u00e9mas garde la m\u00eame ardeur malgr\u00e9 \u00ab\u2009les longueurs administratives\u2009\u00bb qu\u2019il encaisse depuis qu\u2019il a remport\u00e9 le concours \u00ab\u2009R\u00e9inventer Paris\u2009\u00bb en f\u00e9vrier\u00a02016. Bient\u00f4t une d\u00e9cennie que le projet <strong>\u00c9toile Voltaire<\/strong> attend dans les cartons. L\u2019ancienne sous-station \u00e9lectrique du 14 avenue Parmentier, dans le 11e arrondissement de Paris, doit devenir un complexe cin\u00e9matographique. La r\u00e9habilitation est n\u00e9anmoins suspendue en raison du recours contre le permis de construire. \u00ab\u2009On esp\u00e8re qu\u2019elle puisse commencer en 2026. Apr\u00e8s, \u00e7a ira tr\u00e8s vite en un an ou un an et demi\u2009\u00bb, estime David Henochsberg.<\/p>\n<p class=\" wall-content\">En attendant, quelques travaux d\u2019am\u00e9nagement ont d\u00e9j\u00e0 \u00e9t\u00e9 men\u00e9s et l\u2019ouverture du tiers-lieu culturel baptis\u00e9 <a href=\"https:\/\/actu.fr\/ile-de-france\/paris_75056\/paris-tenu-par-par-israelien-et-un-palestinien-ce-restaurant-culturel-veut-donner-le-gout-de-la-paix_63288586.html\" target=\"_blank\" rel=\"noopener\">Le Consulat Voltaire permet de ne pas figer l\u2019\u00e9difice<\/a>. \u00ab\u2009On fait d\u00e9j\u00e0 vivre le lieu avec Le Consulat depuis un an et demi. C\u2019est un lieu social, inclusif, avec une pluralit\u00e9 dans la programmation\u2009\u00bb, explique l\u2019exploitant qui pr\u00e9figure ainsi son projet aux yeux des habitants du quartier et de la mairie.<\/p>\n<p>\u00ab\u00a0Rien n\u2019est remis en cause\u00a0\u00bb<\/p>\n<p class=\" wall-content\">De 2016 \u00e0 2026, les versions de l\u2019\u00c9toile Voltaire n\u2019ont pas vari\u00e9, selon David Henochsberg. Seulement d\u2019un point de vue technique pour proposer des outils modernes et actuels. \u00ab\u2009Rien n\u2019est remis en cause, assure-t-il. Une fois les recours lev\u00e9s, on pourra se mettre en ordre de marche.\u2009\u00bb Les <strong>cinq salles de projection<\/strong>, dont une \u00e0 double destination, et les 505 fauteuils sont toujours attendus. De m\u00eame que les bureaux de la soci\u00e9t\u00e9 des r\u00e9alisatrices et r\u00e9alisateurs de films (SRF), le restaurant de Thierry Marx et l\u2019animation de La Bellevilloise.<\/p>\n<p class=\" wall-content\">D\u2019un point de vue patrimonial, la fa\u00e7ade industrielle de ce b\u00e2timent de 1908 \u00e0 la structure m\u00e9tallique de \u00ab\u2009style Eiffel\u2009\u00bb doit \u00e9galement \u00eatre pr\u00e9serv\u00e9e. L\u2019objectif pour Olivier Palatre, architecte de l\u2019op\u00e9ration, est de \u00ab\u2009s\u2019ins\u00e9rer sans impacter la trame structurelle ou la fa\u00e7ade historique en promouvant des interventions 100\u2009% r\u00e9versibles\u2009\u00bb. Il en est de m\u00eame pour la construction de l\u2019extension au-dessus de l\u2019\u00e9difice pour abriter la plus grande des salles de cin\u00e9ma offrant une vue panoramique sur les toits et le ciel de Paris. Ce projet initialement estim\u00e9 \u00e0 8,3\u00a0millions d\u2019euros reste la propri\u00e9t\u00e9 de la Ville qui le met \u00e0 disposition pour un bail emphyt\u00e9otique administratif de 40\u00a0ans.<\/p>\n<p>Beaucoup d\u2019argent consomm\u00e9<\/p>\n<p class=\" wall-content\">Le groupe de David Henochsberg qui exploite plusieurs salles \u00e0 Paris et en France, avait pr\u00e9sent\u00e9 les contours du projet en juin\u00a02016 aux riverains. M\u00e9contents, certains avaient alors cr\u00e9\u00e9 une association nomm\u00e9e \u00ab\u2009Le 14 avenue Parmentier\u2009\u00bb pour d\u00e9noncer le dessein port\u00e9 par \u00c9toile Cin\u00e9mas. Apr\u00e8s avoir tent\u00e9 de faire annuler la d\u00e9cision de la Ville d\u2019attribuer la mise en \u0153uvre par l\u2019exploitant laur\u00e9at aupr\u00e8s du tribunal administratif de Paris, le collectif s\u2019\u00e9tait fix\u00e9 sur le projet de cin\u00e9ma en lui-m\u00eame aupr\u00e8s de la Commission nationale d\u2019am\u00e9nagement cin\u00e9matographique (CNAC).\u00a0L\u00e0 encore, la tentative d\u2019annulation de d\u00e9cision avait \u00e9t\u00e9 rejet\u00e9e. Aujourd\u2019hui, c\u2019est le permis de construire, bien que valid\u00e9, qui est dans le viseur des irr\u00e9ductibles opposants. Le tribunal administratif doit d\u00e9sormais trancher quant aux recours qui ciblent le \u00ab\u2009Rocher Blanc\u2009\u00bb, surnom donn\u00e9 \u00e0 l\u2019extension du b\u00e2timent.<\/p>\n<p class=\" wall-content\">\u00ab\u2009Les recours retardent le projet, cela dure depuis dix ans mais je n\u2019ai pas de lassitude\u2009\u00bb, pose David Henochsberg. \u00ab\u2009M\u00eame si on a consomm\u00e9 beaucoup d\u2019argent, c\u2019est un projet qui me fait r\u00eaver. Je r\u00e9alise mon r\u00eave alors <strong>je me battrai jusqu\u2019au bout pour le faire na\u00eetre<\/strong>\u2009\u00bb, promet l\u2019entrepreneur qui risque de devoir \u00e0 nouveau promouvoir son projet aupr\u00e8s de la mairie de Paris. \u00ab\u2009Qui dit p\u00e9riode \u00e9lectorale, dit potentiellement nouvelle \u00e9quipe municipale. M\u00eame si nous avons un bail pour 40\u00a0ans, le b\u00e2timent appartient \u00e0 la Ville de Paris, elle est donc intimement li\u00e9e au projet.\u2009\u00bb Rendez-vous dans trois mois, ou pas.<\/p>\n<p class=\" wall-content\">Personnalisez votre actualit\u00e9 en ajoutant vos villes et m\u00e9dias en favori avec <a href=\"https:\/\/moncompte.actu.fr\" title=\"D\u00e9couvez Mon Actu\" rel=\"nofollow noopener\" data-trk=\"{&quot;cta&quot;:{&quot;action&quot;:&quot;https:\\\/\\\/moncompte.actu.fr&quot;,&quot;category&quot;:&quot;mon compte&quot;,&quot;from&quot;:&quot;article footer&quot;,&quot;name&quot;:&quot;Mon actu&quot;,&quot;type&quot;:&quot;cta&quot;}}\" target=\"_blank\">Mon Actu<\/a>.<\/p>\n","protected":false},"excerpt":{"rendered":"Par In\u00e8s Cussac Publi\u00e9 le 28 d\u00e9c. 2025 \u00e0 6h28 Il s\u2019accroche \u00e0 son \u00ab\u2009r\u00eave\u2009\u00bb, co\u00fbte que co\u00fbte,&hellip;\n","protected":false},"author":2,"featured_media":626559,"comment_status":"","ping_status":"","sticky":false,"template":"","format":"standard","meta":{"footnotes":""},"categories":[1888],"tags":[11,650,1777,674,1011,27,12,626,2551,25,104],"class_list":{"0":"post-626558","1":"post","2":"type-post","3":"status-publish","4":"format-standard","5":"has-post-thumbnail","7":"category-paris","8":"tag-actualites","9":"tag-cinema","10":"tag-eu","11":"tag-europe","12":"tag-fr","13":"tag-france","14":"tag-news","15":"tag-paris","16":"tag-patrimoine","17":"tag-republique-francaise","18":"tag-societe"},"share_on_mastodon":{"url":"https:\/\/pubeurope.com\/@fr\/115795765774646411","error":""},"_links":{"self":[{"href":"https:\/\/www.europesays.com\/fr\/wp-json\/wp\/v2\/posts\/626558","targetHints":{"allow":["GET"]}}],"collection":[{"href":"https:\/\/www.europesays.com\/fr\/wp-json\/wp\/v2\/posts"}],"about":[{"href":"https:\/\/www.europesays.com\/fr\/wp-json\/wp\/v2\/types\/post"}],"author":[{"embeddable":true,"href":"https:\/\/www.europesays.com\/fr\/wp-json\/wp\/v2\/users\/2"}],"replies":[{"embeddable":true,"href":"https:\/\/www.europesays.com\/fr\/wp-json\/wp\/v2\/comments?post=626558"}],"version-history":[{"count":0,"href":"https:\/\/www.europesays.com\/fr\/wp-json\/wp\/v2\/posts\/626558\/revisions"}],"wp:featuredmedia":[{"embeddable":true,"href":"https:\/\/www.europesays.com\/fr\/wp-json\/wp\/v2\/media\/626559"}],"wp:attachment":[{"href":"https:\/\/www.europesays.com\/fr\/wp-json\/wp\/v2\/media?parent=626558"}],"wp:term":[{"taxonomy":"category","embeddable":true,"href":"https:\/\/www.europesays.com\/fr\/wp-json\/wp\/v2\/categories?post=626558"},{"taxonomy":"post_tag","embeddable":true,"href":"https:\/\/www.europesays.com\/fr\/wp-json\/wp\/v2\/tags?post=626558"}],"curies":[{"name":"wp","href":"https:\/\/api.w.org\/{rel}","templated":true}]}}