{"id":626560,"date":"2025-12-28T06:25:17","date_gmt":"2025-12-28T06:25:17","guid":{"rendered":"https:\/\/www.europesays.com\/fr\/626560\/"},"modified":"2025-12-28T06:25:17","modified_gmt":"2025-12-28T06:25:17","slug":"deux-nouvelles-maladies-impliquees-dans-lhecatombe-de-la-retraite-de-russie","status":"publish","type":"post","link":"https:\/\/www.europesays.com\/fr\/626560\/","title":{"rendered":"Deux nouvelles maladies impliqu\u00e9es dans l\u2019h\u00e9catombe\u00a0de la retraite de Russie"},"content":{"rendered":"<p>Plus encore que le \u00ab\u00a0g\u00e9n\u00e9ral Hiver\u00a0\u00bb ou la combativit\u00e9 de l\u2019arm\u00e9e russe engag\u00e9e dans la \u00ab\u00a0Guerre patriotique\u00a0\u00bb, les maladies ont vaincu la Grande Arm\u00e9e de Napol\u00e9on Ier engag\u00e9e en Russie. Dans leurs m\u00e9moires, les contemporains survivants, parmi lesquels Joseph Romain Louis de Kerckhove, alors tout jeune m\u00e9decin, l\u2019avaient d\u00e9j\u00e0 couch\u00e9 sur le papier. Depuis la d\u00e9couverte \u00e0 Vilnius, en Lituanie, en 2001 d\u2019un charnier abritant les restes d\u2019au moins 3\u00a0629 soldats de l\u2019empereur, d\u00e9couverts sans aucun traumatisme par arme blanche ou arme \u00e0 feu, c\u2019est d\u00e9sormais la biologie qui vient le confirmer.<\/p>\n<p>En d\u00e9cembre\u00a01812, quelques jours apr\u00e8s avoir travers\u00e9 la B\u00e9r\u00e9zina, entre 30\u00a0000\u00a0et 40\u00a0000 hommes d\u2019une arm\u00e9e d\u00e9cim\u00e9e \u2013 elle atteignait le demi-million quelques mois plus t\u00f4t \u2013 sont arriv\u00e9s dans l\u2019actuelle capitale lituanienne, nomm\u00e9e \u00e0 l\u2019\u00e9poque Wilna. Ayant brav\u00e9 le froid extr\u00eame, beaucoup ne surv\u00e9curent pas aux conditions sanitaires atroces, et furent enterr\u00e9s \u00e0 la h\u00e2te, avec leurs uniformes en guenilles et au milieu des chevaux. En 2006, une premi\u00e8re \u00e9tude avait identifi\u00e9 des fragments de poux dans des \u00e9chantillons de terre lituanienne. Ce parasite est connu pour \u00eatre le vecteur du typhus exanth\u00e9matique, dont les \u00e9pid\u00e9mies ravagent les rangs des arm\u00e9es en campagne lorsque les conditions d\u2019hygi\u00e8ne se d\u00e9gradent. Mieux encore\u00a0: la pr\u00e9sence dans les dents de soldats de l\u2019ADN de Rickettsia prowazekii, la bact\u00e9rie responsable du typhus, avait \u00e9t\u00e9 mise en \u00e9vidence, en parall\u00e8le avec celle de Bartonella quintana, connue pour causer la \u00ab\u00a0fi\u00e8vre des tranch\u00e9es\u00a0\u00bb.<\/p>\n<p>  <strong>A lire aussi :<\/strong><br \/>\n  <a href=\"https:\/\/www.pourlascience.fr\/sd\/histoire-sciences\/napoleon-et-l-empire-des-sciences-5440.php\" target=\"_blank\" rel=\"noopener\">Napol\u00e9on et l&rsquo;Empire des sciences <\/a><\/p>\n<p>En utilisant la m\u00eame ressource, les dents de treize individus pr\u00e9lev\u00e9es dans le charnier de Vilnius, une \u00e9quipe internationale rassembl\u00e9e autour de chercheurs de l\u2019institut Pasteur a r\u00e9v\u00e9l\u00e9 la pr\u00e9sence de deux autres esp\u00e8ces bact\u00e9riennes pass\u00e9es sous les radars jusqu\u2019\u00e0 pr\u00e9sent\u00a0: Salmonella enterica\u00a0s\u00e9rovar Paratyphi C, responsable de la fi\u00e8vre paratypho\u00efde et Borrelia recurrentis, agent de la fi\u00e8vre r\u00e9currente, lui aussi transmis par les poux. L\u2019identification n\u2019a \u00e9t\u00e9 possible qu\u2019en combinant un criblage g\u00e9n\u00e9tique \u00e0 large spectre, un tri des fragments ne conservant que ceux attribuables sans ambigu\u00eft\u00e9 aux bact\u00e9ries vis\u00e9es, puis leur positionnement sur un \u00ab\u00a0arbre g\u00e9n\u00e9alogique\u00a0\u00bb de r\u00e9f\u00e9rence\u00a0des pathog\u00e8nes trouv\u00e9s pour v\u00e9rifier o\u00f9 ces fragments s\u2019ins\u00e8rent. Pas facile, car l\u2019ADN ancien est tr\u00e8s d\u00e9grad\u00e9. Sur treize pr\u00e9l\u00e8vements, seuls cinq ont pu \u00eatre exploit\u00e9s. \u00ab\u00a0Et encore\u00a0: nous avons acc\u00e9d\u00e9 au mieux \u00e0 0,8\u00a0% du g\u00e9nome de S.\u00a0enterica et \u00e0 14\u00a0% de celui de B.\u00a0recurrentis, indique Nicol\u00e1s Rascovan, chercheur en pal\u00e9og\u00e9nomique microbienne \u00e0 l\u2019institut Pasteur. Cette faible couverture explique pourquoi il a fallu mettre en place tant d\u2019analyses et de contr\u00f4les.\u00a0\u00bb<\/p>\n<p>  <strong>A lire aussi :<\/strong><br \/>\n  <a href=\"https:\/\/www.pourlascience.fr\/sd\/archeologie\/l-arrivee-du-typhus-en-europe-10761.php\" target=\"_blank\" rel=\"noopener\">L\u2019arriv\u00e9e du typhus en Europe<\/a><\/p>\n<p>Conclusion du chercheur\u00a0: \u00ab\u00a0M\u00eame sur un nombre restreint d\u2019individus, on observe d\u00e9j\u00e0 la co-circulation de plusieurs maladies, port\u00e9es par des voies de transmission diff\u00e9rentes, l\u2019eau et les aliments d\u2019un c\u00f4t\u00e9, les poux de l\u2019autre, signe de conditions sanitaires extr\u00eamement d\u00e9grad\u00e9es au sein des troupes.\u00a0\u00bb Si elle enrichit notre connaissance des \u00ab\u00a0cocktails\u00a0\u00bb bact\u00e9riens en circulation dans la Grande Arm\u00e9e, l\u2019\u00e9tude ne permet n\u00e9anmoins pas de statuer sur la mortalit\u00e9 imputable aux maladies identifi\u00e9es. Cinq \u00e9chantillons, c\u2019est bien mince quand on sait que la retraite de Russie a pu causer 300\u00a0000 morts. D\u2019autant que les sympt\u00f4mes du typhus et de la fi\u00e8vre paratypho\u00efde sont \u00e9tonnamment proches. Toutefois, en l\u2019absence d\u2019antibiotiques \u2013 qui appara\u00eetront dans les ann\u00e9es 1930, la fi\u00e8vre paratypho\u00efde est mortelle dans 10\u00a0% des cas. Pour des soldats \u00e9puis\u00e9s, d\u00e9nutris et affaiblis par le froid, elle a pu \u00eatre le fl\u00e9au de trop.<\/p>\n","protected":false},"excerpt":{"rendered":"Plus encore que le \u00ab\u00a0g\u00e9n\u00e9ral Hiver\u00a0\u00bb ou la combativit\u00e9 de l\u2019arm\u00e9e russe engag\u00e9e dans la \u00ab\u00a0Guerre patriotique\u00a0\u00bb, les&hellip;\n","protected":false},"author":2,"featured_media":626561,"comment_status":"","ping_status":"","sticky":false,"template":"","format":"standard","meta":{"footnotes":""},"categories":[1591],"tags":[11,1887,12,1278,1885,1886,132],"class_list":{"0":"post-626560","1":"post","2":"type-post","3":"status-publish","4":"format-standard","5":"has-post-thumbnail","7":"category-russie","8":"tag-actualites","9":"tag-federation-de-russie","10":"tag-news","11":"tag-pour-la-science","12":"tag-russia","13":"tag-russian-federation","14":"tag-russie"},"share_on_mastodon":{"url":"https:\/\/pubeurope.com\/@fr\/115795769693743791","error":""},"_links":{"self":[{"href":"https:\/\/www.europesays.com\/fr\/wp-json\/wp\/v2\/posts\/626560","targetHints":{"allow":["GET"]}}],"collection":[{"href":"https:\/\/www.europesays.com\/fr\/wp-json\/wp\/v2\/posts"}],"about":[{"href":"https:\/\/www.europesays.com\/fr\/wp-json\/wp\/v2\/types\/post"}],"author":[{"embeddable":true,"href":"https:\/\/www.europesays.com\/fr\/wp-json\/wp\/v2\/users\/2"}],"replies":[{"embeddable":true,"href":"https:\/\/www.europesays.com\/fr\/wp-json\/wp\/v2\/comments?post=626560"}],"version-history":[{"count":0,"href":"https:\/\/www.europesays.com\/fr\/wp-json\/wp\/v2\/posts\/626560\/revisions"}],"wp:featuredmedia":[{"embeddable":true,"href":"https:\/\/www.europesays.com\/fr\/wp-json\/wp\/v2\/media\/626561"}],"wp:attachment":[{"href":"https:\/\/www.europesays.com\/fr\/wp-json\/wp\/v2\/media?parent=626560"}],"wp:term":[{"taxonomy":"category","embeddable":true,"href":"https:\/\/www.europesays.com\/fr\/wp-json\/wp\/v2\/categories?post=626560"},{"taxonomy":"post_tag","embeddable":true,"href":"https:\/\/www.europesays.com\/fr\/wp-json\/wp\/v2\/tags?post=626560"}],"curies":[{"name":"wp","href":"https:\/\/api.w.org\/{rel}","templated":true}]}}