{"id":626564,"date":"2025-12-28T06:27:21","date_gmt":"2025-12-28T06:27:21","guid":{"rendered":"https:\/\/www.europesays.com\/fr\/626564\/"},"modified":"2025-12-28T06:27:21","modified_gmt":"2025-12-28T06:27:21","slug":"etats-unis-israel-et-europeens-menent-une-guerre-totale-contre-liran-accuse-son-president","status":"publish","type":"post","link":"https:\/\/www.europesays.com\/fr\/626564\/","title":{"rendered":"\u00c9tats-Unis, Isra\u00ebl et Europ\u00e9ens m\u00e8nent une \u00ab\u00a0guerre totale\u00a0\u00bb contre l\u2019Iran, accuse son pr\u00e9sident"},"content":{"rendered":"<p>Les \u00c9tats-Unis, Isra\u00ebl ainsi que les Europ\u00e9ens m\u00e8nent une <a href=\"https:\/\/www.letelegramme.fr\/monde\/quelles-sont-les-sanctions-retablies-contre-liran-6898627.php\" target=\"_blank\" rel=\"noopener\">\u00ab guerre totale \u00bb contre l\u2019Iran<\/a>, a estim\u00e9 son pr\u00e9sident Massoud Pezeshkian dans un entretien publi\u00e9, ce samedi, plus de six mois apr\u00e8s des frappes isra\u00e9lo-am\u00e9ricaines contre le territoire iranien. \u00ab \u00c0 mon avis, nous sommes en guerre totale contre les \u00c9tats-Unis, Isra\u00ebl et l\u2019Europe, ils veulent mettre notre pays \u00e0 terre \u00bb, a-t-il d\u00e9clar\u00e9 au site officiel du guide supr\u00eame, l\u2019ayatollah Ali Khamenei.<\/p>\n<p>Iran et Isra\u00ebl, ennemis jur\u00e9s depuis l\u2019av\u00e8nement de la R\u00e9publique islamique, se sont livr\u00e9s en juin \u00e0 une guerre de 12 jours, d\u00e9clench\u00e9e par une attaque d\u2019une ampleur in\u00e9dite d\u2019Isra\u00ebl contre des sites militaires, nucl\u00e9aires et des zones r\u00e9sidentielles. Ces frappes, auxquelles les \u00c9tats-Unis s\u2019\u00e9taient associ\u00e9s, ont fait plus d\u2019un millier de victimes c\u00f4t\u00e9 iranien, selon les autorit\u00e9s.<\/p>\n<p>\u00ab Cette guerre est pire que celle lanc\u00e9e contre nous par l\u2019Irak \u00bb<\/p>\n<p>Ces bombardements ont mis un coup d\u2019arr\u00eat aux n\u00e9gociations entam\u00e9es en avril entre Washington et T\u00e9h\u00e9ran concernant son programme nucl\u00e9aire. L\u2019Iran reproche par ailleurs \u00e0 la France, au Royaume-Uni et \u00e0 l\u2019Allemagne d\u2019\u00eatre \u00e0 l\u2019initiative du r\u00e9tablissement fin septembre des sanctions onusiennes contre l\u2019Iran en lien avec son programme nucl\u00e9aire.<\/p>\n<p>\u00ab Cette guerre est pire que celle lanc\u00e9e contre nous par l\u2019Irak. \u00c0 bien y regarder, elle est bien plus complexe et difficile \u00bb, a ajout\u00e9 le pr\u00e9sident Pezeshkian, en r\u00e9f\u00e9rence au conflit d\u00e9vastateur (1980-1988) entre ces deux pays voisins qui a fait des centaines de milliers de morts.<\/p>\n<p>Le 22 septembre 1980, l\u2019Irak, alors dirig\u00e9 par Saddam Hussein et soutenu par les puissances occidentales, avait attaqu\u00e9 l\u2019Iran, affaibli militairement apr\u00e8s les soubresauts de la R\u00e9volution islamique de 1979. Depuis son retour en janvier \u00e0 la Maison Blanche, le pr\u00e9sident am\u00e9ricain Donald Trump a relanc\u00e9 sa politique dite de \u00ab pression maximale \u00bb \u00e0 l\u2019encontre de l\u2019Iran, initi\u00e9e lors de son premier mandat.<\/p>\n<p>Elle se traduit par une s\u00e9rie de sanctions suppl\u00e9mentaires pour asphyxier le pays \u00e9conomiquement et tarir ses revenus p\u00e9troliers issus de ventes clandestines sur le march\u00e9 mondial. Cette situation p\u00e8se lourdement sur la monnaie nationale, le rial, en d\u00e9pr\u00e9ciation chronique face au dollar, et entra\u00eene de l\u2019hyperinflation. Le rial a encore atteint, ce samedi, un plus bas historique face au billet vert, selon le taux informel au march\u00e9 noir, \u00e0 pr\u00e8s de 1,4 million de rials pour un dollar, contre environ 800 000 un an plus t\u00f4t.<\/p>\n","protected":false},"excerpt":{"rendered":"Les \u00c9tats-Unis, Isra\u00ebl ainsi que les Europ\u00e9ens m\u00e8nent une \u00ab guerre totale \u00bb contre l\u2019Iran, a estim\u00e9 son&hellip;\n","protected":false},"author":2,"featured_media":626565,"comment_status":"","ping_status":"","sticky":false,"template":"","format":"standard","meta":{"footnotes":""},"categories":[1589],"tags":[11,31122,765,73,1866,674,3019,664,74,12,1864,1865,1863,308],"class_list":{"0":"post-626564","1":"post","2":"type-post","3":"status-publish","4":"format-standard","5":"has-post-thumbnail","7":"category-etats-unis","8":"tag-actualites","9":"tag-conflit-israel-iran","10":"tag-en-continu","11":"tag-etats-unis","12":"tag-etats-unis-damerique","13":"tag-europe","14":"tag-iran","15":"tag-israel","16":"tag-monde","17":"tag-news","18":"tag-united-states","19":"tag-united-states-of-america","20":"tag-us","21":"tag-usa"},"share_on_mastodon":{"url":"https:\/\/pubeurope.com\/@fr\/115795777537679603","error":""},"_links":{"self":[{"href":"https:\/\/www.europesays.com\/fr\/wp-json\/wp\/v2\/posts\/626564","targetHints":{"allow":["GET"]}}],"collection":[{"href":"https:\/\/www.europesays.com\/fr\/wp-json\/wp\/v2\/posts"}],"about":[{"href":"https:\/\/www.europesays.com\/fr\/wp-json\/wp\/v2\/types\/post"}],"author":[{"embeddable":true,"href":"https:\/\/www.europesays.com\/fr\/wp-json\/wp\/v2\/users\/2"}],"replies":[{"embeddable":true,"href":"https:\/\/www.europesays.com\/fr\/wp-json\/wp\/v2\/comments?post=626564"}],"version-history":[{"count":0,"href":"https:\/\/www.europesays.com\/fr\/wp-json\/wp\/v2\/posts\/626564\/revisions"}],"wp:featuredmedia":[{"embeddable":true,"href":"https:\/\/www.europesays.com\/fr\/wp-json\/wp\/v2\/media\/626565"}],"wp:attachment":[{"href":"https:\/\/www.europesays.com\/fr\/wp-json\/wp\/v2\/media?parent=626564"}],"wp:term":[{"taxonomy":"category","embeddable":true,"href":"https:\/\/www.europesays.com\/fr\/wp-json\/wp\/v2\/categories?post=626564"},{"taxonomy":"post_tag","embeddable":true,"href":"https:\/\/www.europesays.com\/fr\/wp-json\/wp\/v2\/tags?post=626564"}],"curies":[{"name":"wp","href":"https:\/\/api.w.org\/{rel}","templated":true}]}}