{"id":626566,"date":"2025-12-28T06:28:10","date_gmt":"2025-12-28T06:28:10","guid":{"rendered":"https:\/\/www.europesays.com\/fr\/626566\/"},"modified":"2025-12-28T06:28:10","modified_gmt":"2025-12-28T06:28:10","slug":"le-royaume-uni-veut-interdire-de-plonger-des-homards-et-autres-crustaces-vivants-dans-leau-bouillante","status":"publish","type":"post","link":"https:\/\/www.europesays.com\/fr\/626566\/","title":{"rendered":"Le Royaume-Uni veut interdire de plonger des homards et autres crustac\u00e9s vivants dans l\u2019eau bouillante"},"content":{"rendered":"<p data-start=\"91\" data-end=\"548\">Le texte, publi\u00e9 par le minist\u00e8re de l\u2019Environnement, de l\u2019Alimentation et des Affaires rurales, encourage des m\u00e9thodes alternatives comme l\u2019\u00e9lectrocution ou l\u2019insensibilisation des crustac\u00e9s dans la glace avant cuisson.<\/p>\n<p data-start=\"550\" data-end=\"914\">Cette initiative est soutenue par des associations de protection animale, qui rappellent que les crustac\u00e9s peuvent ressentir la douleur. Mais elle suscite \u00e9galement des inqui\u00e9tudes dans le secteur de la restauration, o\u00f9 les professionnels estiment que les \u00e9quipements n\u00e9cessaires pour ces nouvelles pratiques sont co\u00fbteux et compliqu\u00e9s \u00e0 mettre en \u0153uvre.<\/p>\n<p data-start=\"916\" data-end=\"1177\" data-is-last-node=\"\" data-is-only-node=\"\">Si la loi est adopt\u00e9e au d\u00e9but de l\u2019ann\u00e9e prochaine, elle pourrait transformer durablement certaines pratiques culinaires.\u00a0<\/p>\n","protected":false},"excerpt":{"rendered":"Le texte, publi\u00e9 par le minist\u00e8re de l\u2019Environnement, de l\u2019Alimentation et des Affaires rurales, encourage des m\u00e9thodes alternatives&hellip;\n","protected":false},"author":2,"featured_media":626567,"comment_status":"","ping_status":"","sticky":false,"template":"","format":"standard","meta":{"footnotes":""},"categories":[1588],"tags":[11,1777,674,12,473,1853,1851,1850,1852],"class_list":{"0":"post-626566","1":"post","2":"type-post","3":"status-publish","4":"format-standard","5":"has-post-thumbnail","7":"category-royaume-uni","8":"tag-actualites","9":"tag-eu","10":"tag-europe","11":"tag-news","12":"tag-royaume-uni","13":"tag-royaume-uni-de-grande-bretagne-et-dirlande-du-nord","14":"tag-uk","15":"tag-united-kingdom","16":"tag-united-kingdom-of-great-britain-and-northern-ireland"},"share_on_mastodon":{"url":"https:\/\/pubeurope.com\/@fr\/115795781458635793","error":""},"_links":{"self":[{"href":"https:\/\/www.europesays.com\/fr\/wp-json\/wp\/v2\/posts\/626566","targetHints":{"allow":["GET"]}}],"collection":[{"href":"https:\/\/www.europesays.com\/fr\/wp-json\/wp\/v2\/posts"}],"about":[{"href":"https:\/\/www.europesays.com\/fr\/wp-json\/wp\/v2\/types\/post"}],"author":[{"embeddable":true,"href":"https:\/\/www.europesays.com\/fr\/wp-json\/wp\/v2\/users\/2"}],"replies":[{"embeddable":true,"href":"https:\/\/www.europesays.com\/fr\/wp-json\/wp\/v2\/comments?post=626566"}],"version-history":[{"count":0,"href":"https:\/\/www.europesays.com\/fr\/wp-json\/wp\/v2\/posts\/626566\/revisions"}],"wp:featuredmedia":[{"embeddable":true,"href":"https:\/\/www.europesays.com\/fr\/wp-json\/wp\/v2\/media\/626567"}],"wp:attachment":[{"href":"https:\/\/www.europesays.com\/fr\/wp-json\/wp\/v2\/media?parent=626566"}],"wp:term":[{"taxonomy":"category","embeddable":true,"href":"https:\/\/www.europesays.com\/fr\/wp-json\/wp\/v2\/categories?post=626566"},{"taxonomy":"post_tag","embeddable":true,"href":"https:\/\/www.europesays.com\/fr\/wp-json\/wp\/v2\/tags?post=626566"}],"curies":[{"name":"wp","href":"https:\/\/api.w.org\/{rel}","templated":true}]}}