{"id":62657,"date":"2025-04-29T20:27:07","date_gmt":"2025-04-29T20:27:07","guid":{"rendered":"https:\/\/www.europesays.com\/fr\/62657\/"},"modified":"2025-04-29T20:27:07","modified_gmt":"2025-04-29T20:27:07","slug":"une-centaine-de-tombes-decouvertes-sous-cette-place-de-bordeaux-que-vont-elles-devenir","status":"publish","type":"post","link":"https:\/\/www.europesays.com\/fr\/62657\/","title":{"rendered":"Une centaine de tombes d\u00e9couvertes sous cette place de Bordeaux : que vont-elles devenir\u00a0?"},"content":{"rendered":"<p>            Par<br \/>\n        <strong><br \/>\n            <a href=\"https:\/\/actu.fr\/auteur\/aurelien-cardot\" title=\"Consulter tous les articles de Aurelien Cardot\" target=\"_blank\" rel=\"noopener\">Aurelien Cardot<\/a><br \/>\n        <\/strong><\/p>\n<p>        Publi\u00e9 le<\/p>\n<p>            29 avr. 2025 \u00e0 17h58        <\/p>\n<p>Sous les pav\u00e9s, des sarcophages. Depuis janvier 2025, les <strong>arch\u00e9ologues<\/strong> de <a href=\"https:\/\/actu.fr\/tag\/bordeaux-metropole\" target=\"_blank\" rel=\"noopener\">Bordeaux M\u00e9tropole<\/a> fouillent la place Pierre Renaudel, dans le quartier Saint-Jean, avant le lancement d\u2019un vaste projet d\u2019am\u00e9nagement urbain. Sur <strong>2 700 m\u00b2<\/strong>, r\u00e9partis en quatre zones, les fouilles pr\u00e9ventives ont d\u00e9j\u00e0 r\u00e9v\u00e9l\u00e9 <strong>49 sarcophages<\/strong> et plus d\u2019une <strong>soixantaine de s\u00e9pultures<\/strong>, datant du Ve si\u00e8cle pour certains.<\/p>\n<p class=\" wall-content\">Ces recherches sont men\u00e9es dans le cadre du plan \u201c1 million d\u2019arbres\u201d port\u00e9 par la ville. Le but : fouiller les sols avant de cr\u00e9er une continuit\u00e9 v\u00e9g\u00e9tale entre les quais et la place Andr\u00e9 Meunier. Un projet qui pr\u00e9voit de planter 70 arbres et d\u2019installer entre autres des assises en pierre et des emplacements de v\u00e9los.<\/p>\n<p>Des vestiges pr\u00e9serv\u00e9s sur place<\/p>\n<p class=\" wall-content\">Malgr\u00e9 les d\u00e9couvertes, le projet d\u2019am\u00e9nagement ne sera pas modifi\u00e9. <strong>Les vestiges ne seront ni d\u00e9plac\u00e9s ni expos\u00e9s<\/strong>. \u00ab On fait de l\u2019arch\u00e9ologie pr\u00e9ventive, uniquement sur les zones o\u00f9 les travaux risquent de d\u00e9truire des \u00e9l\u00e9ments anciens \u00bb, rappelle Camille Vanhove, responsable d\u2019op\u00e9ration des flux arch\u00e9ologiques.<\/p>\n<p class=\" wall-content\">Les structures mises au jour \u2013 murs, s\u00e9pultures, sarcophages en pierre \u2013 seront soigneusement enregistr\u00e9es, puis recouvertes de g\u00e9otextile protecteur et de sable. \u00ab <strong>Elles resteront sous nos pieds<\/strong>, mais prot\u00e9g\u00e9es \u00bb, pr\u00e9cise l\u2019arch\u00e9ologue. \u00c0 l\u2019avenir, leur position sera connue et pourra \u00eatre prise en compte en cas de nouveaux projets.<\/p>\n<p class=\" wall-content\">Certains vestiges sont apparus \u00e0 une <b>cinquantaine de centim\u00e8tres<\/b> de profondeur, directement sous les pav\u00e9s et les couches de sable. Leur fragilit\u00e9 saute aux yeux des arch\u00e9ologues. \u00ab\u00a0On a retrouv\u00e9 des sarcophages juste sous la voirie, et beaucoup on \u00e9t\u00e9 endommag\u00e9s par des installations r\u00e9centes\u00a0\u00bb : c\u00e2bles telecom, fibre, electricit\u00e9\u2026\u00a0Certaines ruines enfouies ont m\u00eame \u00e9t\u00e9 perc\u00e9es pour faire passer des conduites de gaz.\u00a0<\/p>\n<p>La circulation ne sera pas impact\u00e9e<\/p>\n<p class=\" wall-content\">Les fouilles s\u2019\u00e9taleront jusqu\u2019\u00e0 l\u2019\u00e9t\u00e9 2026, en trois phases, afin de <strong>ne pas bloquer la circulation ni l\u2019acc\u00e8s aux secours<\/strong>. L\u2019\u00e9quipe intervient zone par zone, au rythme de l\u2019avancement du chantier\u2026 Mais jamais au-del\u00e0 du p\u00e9rim\u00e8tre d\u2019am\u00e9nagement. D\u2019abord pour des raisons r\u00e9glementaires, ensuite pour ne pas ab\u00eemer inutilement ce qu\u2019il n\u2019est pas n\u00e9cessaire de prot\u00e9ger.<\/p>\n<p class=\" wall-content\">Malgr\u00e9 cette contrainte, les \u00e9quipes savourent : \u00ab Il y a la frustration de ne pas aller plus bas, mais c\u2019est un plaisir de travailler sur un site d\u2019une telle ampleur. \u00bb\u00a0<\/p>\n<p class=\" wall-content\">En l\u2019absence de r\u00e9sultats d\u2019analyses, il est encore trop t\u00f4t pour tirer des enseignements historiques. Mais une chose est s\u00fbre : ces fouilles, bien qu\u2019invisibles \u00e0 terme, auront permis de <strong>pr\u00e9server un pan m\u00e9connu de l\u2019histoire bordelaise<\/strong>.<\/p>\n<p class=\" wall-content\">Suivez toute l\u2019actualit\u00e9 de vos villes et m\u00e9dias favoris en vous inscrivant \u00e0 <a href=\"https:\/\/moncompte.actu.fr\" title=\"D\u00e9couvez Mon Actu\" rel=\"nofollow noopener\" data-trk=\"{&quot;cta&quot;:{&quot;action&quot;:&quot;https:\\\/\\\/moncompte.actu.fr&quot;,&quot;category&quot;:&quot;mon compte&quot;,&quot;from&quot;:&quot;article footer&quot;,&quot;name&quot;:&quot;Mon actu&quot;,&quot;type&quot;:&quot;cta&quot;}}\" target=\"_blank\">Mon Actu<\/a>.<\/p>\n","protected":false},"excerpt":{"rendered":"Par Aurelien Cardot Publi\u00e9 le 29 avr. 2025 \u00e0 17h58 Sous les pav\u00e9s, des sarcophages. Depuis janvier 2025,&hellip;\n","protected":false},"author":2,"featured_media":62658,"comment_status":"","ping_status":"","sticky":false,"template":"","format":"standard","meta":{"footnotes":""},"categories":[2817],"tags":[1111,11,730,1997,2904,1777,674,1011,27,12,2219,25,104,2086],"class_list":{"0":"post-62657","1":"post","2":"type-post","3":"status-publish","4":"format-standard","5":"has-post-thumbnail","7":"category-bordeaux","8":"tag-actu","9":"tag-actualites","10":"tag-archeologie","11":"tag-bordeaux","12":"tag-bordeaux-metropole","13":"tag-eu","14":"tag-europe","15":"tag-fr","16":"tag-france","17":"tag-news","18":"tag-nouvelle-aquitaine","19":"tag-republique-francaise","20":"tag-societe","21":"tag-travaux"},"share_on_mastodon":{"url":"https:\/\/pubeurope.com\/@fr\/114423139106651007","error":""},"_links":{"self":[{"href":"https:\/\/www.europesays.com\/fr\/wp-json\/wp\/v2\/posts\/62657","targetHints":{"allow":["GET"]}}],"collection":[{"href":"https:\/\/www.europesays.com\/fr\/wp-json\/wp\/v2\/posts"}],"about":[{"href":"https:\/\/www.europesays.com\/fr\/wp-json\/wp\/v2\/types\/post"}],"author":[{"embeddable":true,"href":"https:\/\/www.europesays.com\/fr\/wp-json\/wp\/v2\/users\/2"}],"replies":[{"embeddable":true,"href":"https:\/\/www.europesays.com\/fr\/wp-json\/wp\/v2\/comments?post=62657"}],"version-history":[{"count":0,"href":"https:\/\/www.europesays.com\/fr\/wp-json\/wp\/v2\/posts\/62657\/revisions"}],"wp:featuredmedia":[{"embeddable":true,"href":"https:\/\/www.europesays.com\/fr\/wp-json\/wp\/v2\/media\/62658"}],"wp:attachment":[{"href":"https:\/\/www.europesays.com\/fr\/wp-json\/wp\/v2\/media?parent=62657"}],"wp:term":[{"taxonomy":"category","embeddable":true,"href":"https:\/\/www.europesays.com\/fr\/wp-json\/wp\/v2\/categories?post=62657"},{"taxonomy":"post_tag","embeddable":true,"href":"https:\/\/www.europesays.com\/fr\/wp-json\/wp\/v2\/tags?post=62657"}],"curies":[{"name":"wp","href":"https:\/\/api.w.org\/{rel}","templated":true}]}}