{"id":626572,"date":"2025-12-28T06:32:11","date_gmt":"2025-12-28T06:32:11","guid":{"rendered":"https:\/\/www.europesays.com\/fr\/626572\/"},"modified":"2025-12-28T06:32:11","modified_gmt":"2025-12-28T06:32:11","slug":"lue-reagit-a-la-reconnaissance-par-israel","status":"publish","type":"post","link":"https:\/\/www.europesays.com\/fr\/626572\/","title":{"rendered":"l&rsquo;UE r\u00e9agit \u00e0 la reconnaissance par Isra\u00ebl"},"content":{"rendered":"<p>L\u2019Union europ\u00e9enne a r\u00e9agi, ce samedi, \u00e0 la reconnaissance de l\u2019\u00c9tat du Somaliland par Isra\u00ebl. Les \u00c9tats membres appellent au \u00ab\u00a0respect de l\u2019unit\u00e9 et de la souverainet\u00e9 de la R\u00e9publique f\u00e9d\u00e9rale de Somalie\u00a0\u00bb.<\/p>\n<p class=\"c-paragraph paywall\">Annonc\u00e9e la veille par Isra\u00ebl, la reconnaissance du Somaliland n\u2019a pas manqu\u00e9 de faire r\u00e9agir \u00e0 l\u2019international. L\u2019Union europ\u00e9enne a ainsi <a href=\"https:\/\/www.eeas.europa.eu\/eeas\/israelsomalia-statement-spokesperson-territorial-integrity-federal-republic-somalia_en\" target=\"_self\" rel=\"noopener\" title=\"https:\/\/www.eeas.europa.eu\/eeas\/israelsomalia-statement-spokesperson-territorial-integrity-federal-republic-somalia_en\">publi\u00e9 un communiqu\u00e9<\/a>, samedi 27\u00a0d\u00e9cembre, afin de faire conna\u00eetre sa position face \u00e0 cette situation in\u00e9dite, l\u2019\u00c9tat h\u00e9breu \u00e9tant le premier pays au monde \u00e0 reconna\u00eetre officiellement l\u2019\u00c9tat du <a href=\"https:\/\/www.lepoint.fr\/afrique\/accord-ethiopie-somaliland-quelles-consequences-sur-la-corne-de-l-afrique-02-01-2024-2548846_3826.php\" target=\"_self\" rel=\"noopener\" title=\"https:\/\/www.lepoint.fr\/afrique\/accord-ethiopie-somaliland-quelles-consequences-sur-la-corne-de-l-afrique-02-01-2024-2548846_3826.php\">Somaliland<\/a>.<\/p>\n<p class=\"c-paragraph\">\u00ab\u00a0L\u2019Union europ\u00e9enne r\u00e9affirme l\u2019importance du respect de l\u2019unit\u00e9, de la souverainet\u00e9 et de l\u2019int\u00e9grit\u00e9 territoriale de la R\u00e9publique f\u00e9d\u00e9rale de Somalie\u00a0\u00bb, a d\u00e9clar\u00e9 Anouar El Anouni, porte-parole de l\u2019UE pour les Affaires \u00e9trang\u00e8res.<\/p>\n<p class=\"c-paragraph\">Le Somaliland avait proclam\u00e9 lui-m\u00eame son ind\u00e9pendance en 1991, et sa reconnaissance par Isra\u00ebl contrevient, selon l\u2019UE, \u00ab\u00a0aux chartes de l\u2019Union africaine et des Nations unies\u00a0\u00bb. Pour son porte-parole, il est \u00ab\u00a0essentiel\u00a0\u00bb de s\u2019en tenir \u00e0 ces textes \u00ab\u00a0pour la paix et la stabilit\u00e9 de toute la r\u00e9gion de la Corne de l\u2019Afrique\u00a0\u00bb.<\/p>\n<p class=\"c-paragraph\">Il assure par ailleurs la volont\u00e9 des \u00c9tats membres de pr\u00f4ner un \u00ab\u00a0dialogue constructif entre le Somaliland et le gouvernement f\u00e9d\u00e9ral de Somalie\u00a0\u00bb dans le but de \u00ab\u00a0r\u00e9soudre les diff\u00e9rends qui les opposent depuis longtemps\u00a0\u00bb.<\/p>\n<p>\u00ab\u00a0Une attaque d\u00e9lib\u00e9r\u00e9e\u00a0\u00bb contre la souverainet\u00e9 de la Somalie<\/p>\n<p class=\"c-paragraph\">La Somalie, premi\u00e8re concern\u00e9e par cette annonce surprise d\u2019Isra\u00ebl, n\u2019a pas tard\u00e9 \u00e0 la condamner en d\u00e9non\u00e7ant \u00ab\u00a0une attaque d\u00e9lib\u00e9r\u00e9e contre [sa] souverainet\u00e9\u00a0\u00bb, <a href=\"https:\/\/www.lepoint.fr\/monde\/israel-devient-le-premier-pays-a-reconnaitre-letat-du-somaliland-W4E57IQ5FJAGNC6B5VZNXEFYGA\/\" target=\"_self\" rel=\"noopener\" title=\"https:\/\/www.lepoint.fr\/monde\/israel-devient-le-premier-pays-a-reconnaitre-letat-du-somaliland-W4E57IQ5FJAGNC6B5VZNXEFYGA\/\">comme nous l\u2019indiquions vendredi<\/a>. Le Conseil de coop\u00e9ration du Golfe, ainsi que l\u2019Organisation de la coop\u00e9ration islamique et la Turquie se sont rang\u00e9s derri\u00e8re la r\u00e9publique f\u00e9d\u00e9rale de Somalie, peut-on lire sur <a href=\"https:\/\/www.franceinfo.fr\/monde\/afrique\/somalie\/israel-devient-le-premier-pays-du-monde-a-reconnaitre-l-etat-du-somaliland_7703713.html\" target=\"_self\" rel=\"noopener\" title=\"https:\/\/www.franceinfo.fr\/monde\/afrique\/somalie\/israel-devient-le-premier-pays-du-monde-a-reconnaitre-l-etat-du-somaliland_7703713.html\">franceinfo<\/a>.<\/p>\n<p class=\"c-paragraph\">Il en va de m\u00eame pour l\u2019\u00c9gypte, dont le minist\u00e8re des Affaires \u00e9trang\u00e8res a d\u00e9clar\u00e9 dans la foul\u00e9e avoir \u00e9chang\u00e9 avec ses homologues djiboutien, turc et somalien.<\/p>\n<p class=\"c-paragraph\">Depuis 34\u00a0ans, le Somaliland n\u2019\u00e9tait parvenu \u00e0 rallier \u00e0 sa cause aucun pays membre de l\u2019ONU. La reconnaissance de sa souverainet\u00e9 par Isra\u00ebl marque ainsi un tournant pour cette r\u00e9publique autoproclam\u00e9e, dont le territoire se situe dans la partie nord-ouest de la Somalie et jouxte ceux de Djibouti et de l\u2019\u00c9thiopie, respectivement au nord-ouest et \u00e0 l\u2019ouest, note <a href=\"https:\/\/www.theguardian.com\/world\/2025\/dec\/26\/israel-first-country-to-recognise-somaliland-sovereign-state\" target=\"_self\" rel=\"noopener\" title=\"https:\/\/www.theguardian.com\/world\/2025\/dec\/26\/israel-first-country-to-recognise-somaliland-sovereign-state\">The Guardian<\/a>.<\/p>\n","protected":false},"excerpt":{"rendered":"L\u2019Union europ\u00e9enne a r\u00e9agi, ce samedi, \u00e0 la reconnaissance de l\u2019\u00c9tat du Somaliland par Isra\u00ebl. Les \u00c9tats membres&hellip;\n","protected":false},"author":2,"featured_media":626573,"comment_status":"","ping_status":"","sticky":false,"template":"","format":"standard","meta":{"footnotes":""},"categories":[1586],"tags":[11,1777,674,1779,1011,27,73604,12,25,1778,364],"class_list":{"0":"post-626572","1":"post","2":"type-post","3":"status-publish","4":"format-standard","5":"has-post-thumbnail","7":"category-europe","8":"tag-actualites","9":"tag-eu","10":"tag-europe","11":"tag-european-union","12":"tag-fr","13":"tag-france","14":"tag-international-relations","15":"tag-news","16":"tag-republique-francaise","17":"tag-ue","18":"tag-union-europeenne"},"share_on_mastodon":{"url":"https:\/\/pubeurope.com\/@fr\/115795797248286648","error":""},"_links":{"self":[{"href":"https:\/\/www.europesays.com\/fr\/wp-json\/wp\/v2\/posts\/626572","targetHints":{"allow":["GET"]}}],"collection":[{"href":"https:\/\/www.europesays.com\/fr\/wp-json\/wp\/v2\/posts"}],"about":[{"href":"https:\/\/www.europesays.com\/fr\/wp-json\/wp\/v2\/types\/post"}],"author":[{"embeddable":true,"href":"https:\/\/www.europesays.com\/fr\/wp-json\/wp\/v2\/users\/2"}],"replies":[{"embeddable":true,"href":"https:\/\/www.europesays.com\/fr\/wp-json\/wp\/v2\/comments?post=626572"}],"version-history":[{"count":0,"href":"https:\/\/www.europesays.com\/fr\/wp-json\/wp\/v2\/posts\/626572\/revisions"}],"wp:featuredmedia":[{"embeddable":true,"href":"https:\/\/www.europesays.com\/fr\/wp-json\/wp\/v2\/media\/626573"}],"wp:attachment":[{"href":"https:\/\/www.europesays.com\/fr\/wp-json\/wp\/v2\/media?parent=626572"}],"wp:term":[{"taxonomy":"category","embeddable":true,"href":"https:\/\/www.europesays.com\/fr\/wp-json\/wp\/v2\/categories?post=626572"},{"taxonomy":"post_tag","embeddable":true,"href":"https:\/\/www.europesays.com\/fr\/wp-json\/wp\/v2\/tags?post=626572"}],"curies":[{"name":"wp","href":"https:\/\/api.w.org\/{rel}","templated":true}]}}