{"id":626577,"date":"2025-12-28T06:35:11","date_gmt":"2025-12-28T06:35:11","guid":{"rendered":"https:\/\/www.europesays.com\/fr\/626577\/"},"modified":"2025-12-28T06:35:11","modified_gmt":"2025-12-28T06:35:11","slug":"la-justice-donne-raison-au-prefet-de-police","status":"publish","type":"post","link":"https:\/\/www.europesays.com\/fr\/626577\/","title":{"rendered":"la justice donne raison au pr\u00e9fet de Police"},"content":{"rendered":"<p>                    Par<br \/>\n        <strong><br \/>\n            <a href=\"https:\/\/actu.fr\/auteur\/redaction-paris\" title=\"Consulter tous les articles de R\u00e9daction Paris\" target=\"_blank\" rel=\"noopener\">R\u00e9daction Paris<\/a><br \/>\n                    <\/strong><\/p>\n<p>        Publi\u00e9 le<\/p>\n<p>            28 d\u00e9c. 2025 \u00e0 7h18        <\/p>\n<p>L\u2019association <a href=\"https:\/\/annuaire-entreprises.data.gouv.fr\/entreprise\/vigie-liberte-991269614\" target=\"_blank\" rel=\"noopener\">Vigie Libert\u00e9<\/a>, situ\u00e9e dans le 14e arrondissement de <a href=\"https:\/\/actu.fr\/paris\/dernieres-actus\" target=\"_blank\" rel=\"noopener\">Paris<\/a> \u2013 s\u2019est donn\u00e9e pour but, lors de sa cr\u00e9ation il y a bient\u00f4t deux ans, de \u00ab\u2009veiller au respect de la protection des donn\u00e9es personnelles des individus\u2009\u00bb et d\u2019agir \u00ab\u2009en faveur du droit de tout individu de circuler, se r\u00e9unir et de se rassembler dans l\u2019espace public\u2009\u00bb. Elle est pr\u00e9sid\u00e9e par Amine Elbahi, un militant de droite qui <a href=\"https:\/\/www.instagram.com\/p\/DPOjFpxDBed\/\" target=\"_blank\" rel=\"noopener\">se pr\u00e9sente sur les r\u00e9seaux sociaux comme un \u00ab\u2009juriste de droit public\u2009\u00bb<\/a> et qui est connu pour \u00eatre \u00ab\u2009\u00e9ditorialiste sur CNews\u2009\u00bb.<br \/>Son association est ainsi \u00e0 l\u2019origine, ces derniers mois, de dizaines de recours devant les tribunaux administratifs de France. Mais alors qu\u2019elle s\u2019\u00e9tait \u00e9lev\u00e9e contre l\u2019autorisation faite par le<a href=\"https:\/\/actu.fr\/tag\/prefecture-de-police-de-paris\" target=\"_blank\" rel=\"noopener\"> pr\u00e9fet de Police<\/a> aux agents de la s\u00fbret\u00e9 ferroviaire de proc\u00e9der \u00e0 des \u00ab\u2009palpations de s\u00e9curit\u00e9\u2009\u00bb dans les <a href=\"https:\/\/actu.fr\/tag\/transport\" target=\"_blank\" rel=\"noopener\">gares et stations d\u2019\u00cele-de-France<\/a>, elle vient d\u2019essuyer un \u00e9chec devant le juge des r\u00e9f\u00e9r\u00e9s du<a href=\"https:\/\/actu.fr\/tag\/tribunal-administratif-de-paris\" target=\"_blank\" rel=\"noopener\"> tribunal administratif de Paris<\/a>.<\/p>\n<p>\u00ab Un p\u00e9rim\u00e8tre immense \u00bb, s\u2019alarmait Vigie Libert\u00e9<\/p>\n<p class=\" wall-content\">\u00ab\u2009Les sites couverts [\u2026], par l\u2019affluence touristique qu\u2019ils g\u00e9n\u00e8rent, sont [\u2026] particuli\u00e8rement expos\u00e9s au risque<a href=\"https:\/\/actu.fr\/tag\/terrorisme\" target=\"_blank\" rel=\"noopener\"> terroriste<\/a>, qui s\u2019est r\u00e9alis\u00e9 \u00e0 dix reprises depuis 2020, avait justifi\u00e9 le pr\u00e9fet de Police. Compte tenu de son caract\u00e8re prot\u00e9iforme, cette menace peut se mat\u00e9rialiser \u00e0 travers les agissements d\u2019individus seuls et pr\u00e9alablement connus des services de renseignement.\u2009\u00bb Des \u00ab\u2009actions projet\u00e9es depuis un th\u00e9\u00e2tre ext\u00e9rieur\u2009\u00bb ou bien \u00ab\u2009directement activ\u00e9es depuis le territoire national\u2009\u00bb \u00e9taient possibles, mettait-il en garde.<\/p>\n<p class=\" wall-content\">Une \u00ab\u2009vision grand angle\u2009\u00bb avec le survol de drones peut ainsi permettre \u00ab\u2009la mise en place de dispositifs de surveillance dissuasive\u2009\u00bb dans le cadre du plan Vigipirate \u00ab\u2009tout en limitant l\u2019engagement des forces au sol\u2009\u00bb.<\/p>\n<p class=\" wall-content\">C\u2019est donc dans ce contexte-l\u00e0 que le m\u00eame pr\u00e9fet de Police avait autoris\u00e9 le 25 septembre 2025 les \u00ab\u2009agents du service interne de s\u00e9curit\u00e9 de la <a href=\"https:\/\/actu.fr\/tag\/sncf\" target=\"_blank\" rel=\"noopener\">SNCF<\/a>\u2009\u00bb \u00e0 proc\u00e9der \u00e0 des \u00ab\u2009palpations de s\u00e9curit\u00e9\u2009\u00bb dans les gares et stations d\u2019\u00cele-de-France. Un p\u00e9rim\u00e8tre \u00ab\u2009immense\u2009\u00bb, s\u2019alarmait Vigie Libert\u00e9, qui concernait m\u00eame \u00ab\u2009les lignes p\u00e9riph\u00e9riques paisibles\u2009\u00bb de la r\u00e9gion parisienne.<\/p>\n<p class=\" wall-content\">Cette mesure pr\u00e9sentait donc \u00ab\u2009un caract\u00e8re excessif et non proportionn\u00e9\u2009\u00bb, de son point de vue, et devait donc, \u00e0 ce titre, \u00eatre suspendue par la justice. Mais \u00ab\u2009en l\u2019\u00e9tat de l\u2019instruction, aucun des moyens invoqu\u00e9s n\u2019est de nature \u00e0 faire na\u00eetre un doute s\u00e9rieux quant \u00e0 la l\u00e9galit\u00e9 de la d\u00e9cision attaqu\u00e9e\u2009\u00bb, a r\u00e9pondu la juge des r\u00e9f\u00e9r\u00e9s du tribunal administratif de Paris dans<a href=\"https:\/\/www.doctrine.fr\/d\/TA\/Paris\/2025\/TAEF9D4EE8907AD83AE949\" target=\"_blank\" rel=\"noopener\"> une ordonnance<\/a> qui vient d\u2019\u00eatre rendue publique. Les \u00ab\u2009palpations de s\u00e9curit\u00e9\u2009\u00bb de la S\u00fbret\u00e9 ferroviaire peuvent donc se poursuivre.<\/p>\n<p class=\" wall-content\"><strong>\/GF (PressPepper)<\/strong><\/p>\n<p class=\" wall-content\">Personnalisez votre actualit\u00e9 en ajoutant vos villes et m\u00e9dias en favori avec <a href=\"https:\/\/moncompte.actu.fr\" title=\"D\u00e9couvez Mon Actu\" rel=\"nofollow noopener\" data-trk=\"{&quot;cta&quot;:{&quot;action&quot;:&quot;https:\\\/\\\/moncompte.actu.fr&quot;,&quot;category&quot;:&quot;mon compte&quot;,&quot;from&quot;:&quot;article footer&quot;,&quot;name&quot;:&quot;Mon actu&quot;,&quot;type&quot;:&quot;cta&quot;}}\" target=\"_blank\">Mon Actu<\/a>.<\/p>\n<p>                    <script async src=\"\/\/www.instagram.com\/embed.js\"><\/script><\/p>\n","protected":false},"excerpt":{"rendered":"Par R\u00e9daction Paris Publi\u00e9 le 28 d\u00e9c. 2025 \u00e0 7h18 L\u2019association Vigie Libert\u00e9, situ\u00e9e dans le 14e arrondissement&hellip;\n","protected":false},"author":2,"featured_media":626578,"comment_status":"","ping_status":"","sticky":false,"template":"","format":"standard","meta":{"footnotes":""},"categories":[4],"tags":[11,118,1011,27,303,12,25,2215,2803],"class_list":{"0":"post-626577","1":"post","2":"type-post","3":"status-publish","4":"format-standard","5":"has-post-thumbnail","7":"category-france","8":"tag-actualites","9":"tag-faits-divers","10":"tag-fr","11":"tag-france","12":"tag-justice","13":"tag-news","14":"tag-republique-francaise","15":"tag-sncf","16":"tag-transport"},"share_on_mastodon":{"url":"https:\/\/pubeurope.com\/@fr\/115795808948061553","error":""},"_links":{"self":[{"href":"https:\/\/www.europesays.com\/fr\/wp-json\/wp\/v2\/posts\/626577","targetHints":{"allow":["GET"]}}],"collection":[{"href":"https:\/\/www.europesays.com\/fr\/wp-json\/wp\/v2\/posts"}],"about":[{"href":"https:\/\/www.europesays.com\/fr\/wp-json\/wp\/v2\/types\/post"}],"author":[{"embeddable":true,"href":"https:\/\/www.europesays.com\/fr\/wp-json\/wp\/v2\/users\/2"}],"replies":[{"embeddable":true,"href":"https:\/\/www.europesays.com\/fr\/wp-json\/wp\/v2\/comments?post=626577"}],"version-history":[{"count":0,"href":"https:\/\/www.europesays.com\/fr\/wp-json\/wp\/v2\/posts\/626577\/revisions"}],"wp:featuredmedia":[{"embeddable":true,"href":"https:\/\/www.europesays.com\/fr\/wp-json\/wp\/v2\/media\/626578"}],"wp:attachment":[{"href":"https:\/\/www.europesays.com\/fr\/wp-json\/wp\/v2\/media?parent=626577"}],"wp:term":[{"taxonomy":"category","embeddable":true,"href":"https:\/\/www.europesays.com\/fr\/wp-json\/wp\/v2\/categories?post=626577"},{"taxonomy":"post_tag","embeddable":true,"href":"https:\/\/www.europesays.com\/fr\/wp-json\/wp\/v2\/tags?post=626577"}],"curies":[{"name":"wp","href":"https:\/\/api.w.org\/{rel}","templated":true}]}}