{"id":626583,"date":"2025-12-28T06:43:23","date_gmt":"2025-12-28T06:43:23","guid":{"rendered":"https:\/\/www.europesays.com\/fr\/626583\/"},"modified":"2025-12-28T06:43:23","modified_gmt":"2025-12-28T06:43:23","slug":"ac-bisontine-leffectif-juniors-2026-actualite","status":"publish","type":"post","link":"https:\/\/www.europesays.com\/fr\/626583\/","title":{"rendered":"AC Bisontine : L\u2019effectif Juniors 2026 &#8211; Actualit\u00e9"},"content":{"rendered":"<p dir=\"ltr\">Outre son \u00e9quipe N1, l\u2019<strong><a href=\"https:\/\/www.directvelo.com\/equipe\/917\/ac-bisontine-junior\" target=\"_blank\" rel=\"noopener\">AC Bisontine<\/a><\/strong> poss\u00e8de un effectif 2026 de treize Juniors. Pour leur 1\u00e8re ann\u00e9e en U19, trois coureurs arrivent d\u2019Australie. Trois membres de l\u2019AC Bisontine sont \u00e9galement membres de la Groupama-FDJ United U19, \u00e0 savoir Tim\u00e9o Louison, Maxime Mortier et l\u2019Australien Manion Monty. La structure qui postule au nouveau statut F\u00e9d\u00e9ral a termin\u00e9 en 2025 \u00e0 la 20e place du Challenge DirectVelo Juniors.\u00a0<\/p>\n<p dir=\"ltr\"><strong>L\u2019effectif Juniors 2026 de l\u2019AC Bisontine :\u00a0<\/strong><br \/>Gabin Bassaud, J1 <br \/>Quentin David, J2 <br \/>Axel De Vecchi, J1 (P\u00e9dale S\u00e9muroise)<br \/>Simon Gaudreault, J2 (Canada)<br \/>Paul Goux, J2 <br \/>Dylan Locke, J1 (Australie)<br \/>Tim\u00e9o Louison, J2 <br \/>Lucas Loyer, J2 <br \/>Armand Monnier, J1 <br \/>Manion Monty, J1 (Australie)<br \/>Maxime Mortier, J2 <br \/>William Verhoef, J1 (Australie)<br \/>Enzo Zinni, J1<\/p>\n<p>Les principaux d\u00e9parts : Adam Mouhsin (Guidon Chalettois), Paul Perin (ASPTT Nancy Meurthe-et-Moselle) et Nathan Rouhier (AC Bisontine).<\/p>\n","protected":false},"excerpt":{"rendered":"Outre son \u00e9quipe N1, l\u2019AC Bisontine poss\u00e8de un effectif 2026 de treize Juniors. Pour leur 1\u00e8re ann\u00e9e en&hellip;\n","protected":false},"author":2,"featured_media":626584,"comment_status":"","ping_status":"","sticky":false,"template":"","format":"standard","meta":{"footnotes":""},"categories":[1411],"tags":[834,828,836,829,837,827,83,826,824,823,1154,207,814,817,815,816,822,821,832,211,839,1011,27,820,818,819,835,831,830,833,838,60,212,208,825],"class_list":{"0":"post-626583","1":"post","2":"type-post","3":"status-publish","4":"format-standard","5":"has-post-thumbnail","7":"category-cyclisme","8":"tag-attaque","9":"tag-belgique","10":"tag-braquet","11":"tag-bretagne","12":"tag-chute","13":"tag-competition","14":"tag-coupe-de-france","15":"tag-coureur","16":"tag-course-cyclisme","17":"tag-course-cycliste","18":"tag-cycling","19":"tag-cyclisme","20":"tag-direct","21":"tag-direct-velo","22":"tag-directvelo","23":"tag-directvelo-com","24":"tag-epreuve","25":"tag-epreuve-cycliste","26":"tag-federation-francaise-de-cyclisme","27":"tag-ffc","28":"tag-flandres","29":"tag-fr","30":"tag-france","31":"tag-live","32":"tag-live-course","33":"tag-live-epreuve","34":"tag-peloton","35":"tag-radio-peloton","36":"tag-radio-tour","37":"tag-ravitaillement","38":"tag-relance","39":"tag-sports","40":"tag-uci","41":"tag-velo","42":"tag-velos"},"share_on_mastodon":{"url":"https:\/\/pubeurope.com\/@fr\/115795840656467236","error":""},"_links":{"self":[{"href":"https:\/\/www.europesays.com\/fr\/wp-json\/wp\/v2\/posts\/626583","targetHints":{"allow":["GET"]}}],"collection":[{"href":"https:\/\/www.europesays.com\/fr\/wp-json\/wp\/v2\/posts"}],"about":[{"href":"https:\/\/www.europesays.com\/fr\/wp-json\/wp\/v2\/types\/post"}],"author":[{"embeddable":true,"href":"https:\/\/www.europesays.com\/fr\/wp-json\/wp\/v2\/users\/2"}],"replies":[{"embeddable":true,"href":"https:\/\/www.europesays.com\/fr\/wp-json\/wp\/v2\/comments?post=626583"}],"version-history":[{"count":0,"href":"https:\/\/www.europesays.com\/fr\/wp-json\/wp\/v2\/posts\/626583\/revisions"}],"wp:featuredmedia":[{"embeddable":true,"href":"https:\/\/www.europesays.com\/fr\/wp-json\/wp\/v2\/media\/626584"}],"wp:attachment":[{"href":"https:\/\/www.europesays.com\/fr\/wp-json\/wp\/v2\/media?parent=626583"}],"wp:term":[{"taxonomy":"category","embeddable":true,"href":"https:\/\/www.europesays.com\/fr\/wp-json\/wp\/v2\/categories?post=626583"},{"taxonomy":"post_tag","embeddable":true,"href":"https:\/\/www.europesays.com\/fr\/wp-json\/wp\/v2\/tags?post=626583"}],"curies":[{"name":"wp","href":"https:\/\/api.w.org\/{rel}","templated":true}]}}