{"id":626589,"date":"2025-12-28T06:48:19","date_gmt":"2025-12-28T06:48:19","guid":{"rendered":"https:\/\/www.europesays.com\/fr\/626589\/"},"modified":"2025-12-28T06:48:19","modified_gmt":"2025-12-28T06:48:19","slug":"emission-du-samedi-27-decembre-2025-en-replay-quelle-epoque","status":"publish","type":"post","link":"https:\/\/www.europesays.com\/fr\/626589\/","title":{"rendered":"\u00c9mission du samedi 27 d\u00e9cembre 2025 en replay &#8211; Quelle \u00e9poque !"},"content":{"rendered":"<p>Diffus\u00e9 le 27\/12\/2025 \u00e0 23h28 &#8211; Disponible jusqu&rsquo;au 23\/12\/2026<\/p>\n<p>L\u00e9a Salam\u00e9 pr\u00e9sente un talk-show dr\u00f4le et festif, \u00e0 la fois magazine de soci\u00e9t\u00e9 et divertissement, dont l&rsquo;objectif est de raconter et interroger l&rsquo;\u00e9poque. \u00ab\u00a0Quelle \u00e9poque !\u00a0\u00bb est con\u00e7u comme un lieu de rencontres et de d\u00e9bats entre les personnalit\u00e9s qui marquent l&rsquo;actualit\u00e9 culturelle, soci\u00e9tale, politique ou m\u00e9diatique, dans la vie r\u00e9elle comme sur les r\u00e9seaux sociaux. Sur le plateau en forme d&rsquo;ar\u00e8ne, artistes, pol\u00e9mistes, intellectuels, grands sportifs et politiques, mais aussi nouveaux talents et jeunes influenceurs, se croisent et d\u00e9battent.<\/p>\n","protected":false},"excerpt":{"rendered":"Diffus\u00e9 le 27\/12\/2025 \u00e0 23h28 &#8211; Disponible jusqu&rsquo;au 23\/12\/2026 L\u00e9a Salam\u00e9 pr\u00e9sente un talk-show dr\u00f4le et festif, \u00e0&hellip;\n","protected":false},"author":2,"featured_media":626590,"comment_status":"","ping_status":"","sticky":false,"template":"","format":"standard","meta":{"footnotes":""},"categories":[1356],"tags":[58,59,1011,27,252,1364],"class_list":{"0":"post-626589","1":"post","2":"type-post","3":"status-publish","4":"format-standard","5":"has-post-thumbnail","7":"category-television","8":"tag-divertissement","9":"tag-entertainment","10":"tag-fr","11":"tag-france","12":"tag-television","13":"tag-tv"},"share_on_mastodon":{"url":"https:\/\/pubeurope.com\/@fr\/115795860352727198","error":""},"_links":{"self":[{"href":"https:\/\/www.europesays.com\/fr\/wp-json\/wp\/v2\/posts\/626589","targetHints":{"allow":["GET"]}}],"collection":[{"href":"https:\/\/www.europesays.com\/fr\/wp-json\/wp\/v2\/posts"}],"about":[{"href":"https:\/\/www.europesays.com\/fr\/wp-json\/wp\/v2\/types\/post"}],"author":[{"embeddable":true,"href":"https:\/\/www.europesays.com\/fr\/wp-json\/wp\/v2\/users\/2"}],"replies":[{"embeddable":true,"href":"https:\/\/www.europesays.com\/fr\/wp-json\/wp\/v2\/comments?post=626589"}],"version-history":[{"count":0,"href":"https:\/\/www.europesays.com\/fr\/wp-json\/wp\/v2\/posts\/626589\/revisions"}],"wp:featuredmedia":[{"embeddable":true,"href":"https:\/\/www.europesays.com\/fr\/wp-json\/wp\/v2\/media\/626590"}],"wp:attachment":[{"href":"https:\/\/www.europesays.com\/fr\/wp-json\/wp\/v2\/media?parent=626589"}],"wp:term":[{"taxonomy":"category","embeddable":true,"href":"https:\/\/www.europesays.com\/fr\/wp-json\/wp\/v2\/categories?post=626589"},{"taxonomy":"post_tag","embeddable":true,"href":"https:\/\/www.europesays.com\/fr\/wp-json\/wp\/v2\/tags?post=626589"}],"curies":[{"name":"wp","href":"https:\/\/api.w.org\/{rel}","templated":true}]}}