{"id":626591,"date":"2025-12-28T06:49:20","date_gmt":"2025-12-28T06:49:20","guid":{"rendered":"https:\/\/www.europesays.com\/fr\/626591\/"},"modified":"2025-12-28T06:49:20","modified_gmt":"2025-12-28T06:49:20","slug":"jai-vole-a-peu-pres-vingt-minutes-gilbert-montagne-raconte-le-jour-improbable-ou-il-a-pilote-un-avion-quatre-places","status":"publish","type":"post","link":"https:\/\/www.europesays.com\/fr\/626591\/","title":{"rendered":"\u00ab\u00a0J&rsquo;ai vol\u00e9 \u00e0 peu pr\u00e8s vingt minutes\u00a0\u00bb\u00a0: Gilbert Montagn\u00e9 raconte le jour improbable o\u00f9 il a pilot\u00e9 un avion quatre places"},"content":{"rendered":"<p class=\"ap-StoryElement ap-StoryElement--mb ap-StoryText\">Avez-vous d\u00e9j\u00e0 pens\u00e9 aux choses que vous ne pourriez pas faire s&rsquo;il vous manquait la vue ? Lorsque nous ne sommes pas concern\u00e9s, il para\u00eet difficile d&rsquo;imaginer la quantit\u00e9 d&rsquo;activit\u00e9s qui se r\u00e9v\u00e8lent bien plus compliqu\u00e9es \u00e0 accomplir sans pouvoir compter sur nos yeux. Aveugle de naissance, Gilbert Montagn\u00e9 a grandi et vieilli sans ce pr\u00e9cieux sens.<\/p>\n<p class=\"ap-StoryElement ap-StoryElement--mb ap-StoryText\">Loin de se laisser abattre par ce handicap, il a plut\u00f4t choisi d&rsquo;en faire une force et cela ne l&rsquo;a pas emp\u00each\u00e9 de marquer plusieurs g\u00e9n\u00e9rations avec ses chansons entra\u00eenantes. Mais si la vue n&rsquo;est pas indispensable pour devenir chanteur, elle l&rsquo;est en revanche pour exercer d&rsquo;autres m\u00e9tiers, comme celui de pilote d&rsquo;avion. Vraiment ? Au cours d&rsquo;une interview pour le m\u00e9dia LEGEND, l&rsquo;interpr\u00e8te de \u00ab\u00a0On va s&rsquo;aimer\u00a0\u00bb a racont\u00e9 une dr\u00f4le d&rsquo;anecdote \u00e0 ce sujet.<\/p>\n<p><a href=\"https:\/\/www.parismatch.be\/actualites\/people\/2025\/12\/21\/leonor-despagne-la-princesse-top-gun-lheritiere-effectue-son-premier-vol-en-solo-4EBIVM6IURDHHNBK25TITULZ7U\/\" target=\"_self\" class=\"ap-StoryInterstitialLink ap-StoryElement ap-StoryElement--mb\" rel=\"noopener\">Leonor d&rsquo;Espagne, la princesse \u00ab\u00a0Top Gun\u00a0\u00bb : l&rsquo;h\u00e9riti\u00e8re effectue son premier vol en solo (photos)<\/a>Gilbert Montagn\u00e9 aux commandes d&rsquo;un avion : du jamais vu<\/p>\n<p class=\"ap-StoryElement ap-StoryElement--mb ap-StoryText\">Dans la vid\u00e9o publi\u00e9e sur YouTube, Gilbert Montagn\u00e9 est revenu sur son exp\u00e9rience au sein d&rsquo;une \u00e9cole de pilotage, v\u00e9cue dans le cadre d&rsquo;un reportage pour Paris Match. Au d\u00e9part, l&rsquo;instructeur se montrait bien \u00e9videmment r\u00e9ticent \u00e0 l&rsquo;id\u00e9e de faire monter le chanteur derri\u00e8re les manettes. \u00ab\u00a0Le directeur, un mec sympa me dit : &lsquo;\u00c9coutez, votre musique, moi, j&rsquo;aime beaucoup, mais ne croyez pas que je vais vous laisser toucher quoi que ce soit \u00e0 mon avion'\u00a0\u00bb, <a href=\"https:\/\/www.parismatch.be\/actualites\/people\/2024\/07\/09\/gilbert-montagne-miracule-apres-sa-recente-chute-il-evoque-les-consequences-sur-sa-tournee-NWFHBEWGPBED3GRBMILNNIHE2E\/\" target=\"_self\" rel=\"noopener\">se souvient Gilbert Montagn\u00e9<\/a>. \u00ab\u00a0Bon, bah, je dis,&rsquo;c&rsquo;est pas grave&rsquo;. Et je l&rsquo;ai branch\u00e9 sur autre chose. Je commen\u00e7ais \u00e0 lui parler de choses et d&rsquo;autres\u2026 Et tout d&rsquo;un coup, la glace s&rsquo;est bris\u00e9e et il m&rsquo;a dit :&rsquo;OK, on monte \u00e0 bord'\u00a0\u00bb.<\/p>\n<p><a href=\"https:\/\/www.parismatch.be\/actualites\/people\/2025\/11\/26\/devenu-presque-aveugle-elton-john-se-confie-sur-son-quotidien-complique-ces-quinze-derniers-mois-ont-ete-extremement-difficiles-URHVCVP2CFHLJAGQCI353DLJNY\/\" target=\"_self\" class=\"ap-StoryInterstitialLink ap-StoryElement ap-StoryElement--mb\" rel=\"noopener\">Devenu presque aveugle, Elton John se confie sur son quotidien compliqu\u00e9 : \u00ab\u00a0Ces quinze derniers mois ont \u00e9t\u00e9 extr\u00eamement difficiles\u00a0\u00bb<\/a><\/p>\n<p class=\"ap-StoryElement ap-StoryElement--mb ap-StoryText\">Un revirement inattendu qui a donn\u00e9 lieu \u00e0 une aventure impensable pour l&rsquo;artiste, install\u00e9 aux commandes d&rsquo;un petit avion Tobago quatre places. \u00ab\u00a0J&rsquo;ai vol\u00e9 \u00e0 peu pr\u00e8s vingt minutes et sous ses instructions, \u00e9videmment, je me suis pos\u00e9 et j&rsquo;ai red\u00e9coll\u00e9. Et il m&rsquo;a dit que s&rsquo;il ne l&rsquo;avait pas vu, il n&rsquo;aurait pas cru que ce soit possible.\u00a0\u00bb Une nouvelle magnifique preuve de l&rsquo;importance de ne pas se limiter \u00e0 ce \u00e0 quoi la soci\u00e9t\u00e9 nous cantonne.<\/p>\n","protected":false},"excerpt":{"rendered":"Avez-vous d\u00e9j\u00e0 pens\u00e9 aux choses que vous ne pourriez pas faire s&rsquo;il vous manquait la vue ? Lorsque&hellip;\n","protected":false},"author":2,"featured_media":626592,"comment_status":"","ping_status":"","sticky":false,"template":"","format":"standard","meta":{"footnotes":""},"categories":[1355],"tags":[40519,37,58,59,1011,27,73093,1361,873,19438],"class_list":{"0":"post-626591","1":"post","2":"type-post","3":"status-publish","4":"format-standard","5":"has-post-thumbnail","7":"category-musique","8":"tag-aveugle","9":"tag-avion","10":"tag-divertissement","11":"tag-entertainment","12":"tag-fr","13":"tag-france","14":"tag-gilbert-montagne","15":"tag-music","16":"tag-musique","17":"tag-pilote"},"share_on_mastodon":{"url":"https:\/\/pubeurope.com\/@fr\/115795864123401311","error":""},"_links":{"self":[{"href":"https:\/\/www.europesays.com\/fr\/wp-json\/wp\/v2\/posts\/626591","targetHints":{"allow":["GET"]}}],"collection":[{"href":"https:\/\/www.europesays.com\/fr\/wp-json\/wp\/v2\/posts"}],"about":[{"href":"https:\/\/www.europesays.com\/fr\/wp-json\/wp\/v2\/types\/post"}],"author":[{"embeddable":true,"href":"https:\/\/www.europesays.com\/fr\/wp-json\/wp\/v2\/users\/2"}],"replies":[{"embeddable":true,"href":"https:\/\/www.europesays.com\/fr\/wp-json\/wp\/v2\/comments?post=626591"}],"version-history":[{"count":0,"href":"https:\/\/www.europesays.com\/fr\/wp-json\/wp\/v2\/posts\/626591\/revisions"}],"wp:featuredmedia":[{"embeddable":true,"href":"https:\/\/www.europesays.com\/fr\/wp-json\/wp\/v2\/media\/626592"}],"wp:attachment":[{"href":"https:\/\/www.europesays.com\/fr\/wp-json\/wp\/v2\/media?parent=626591"}],"wp:term":[{"taxonomy":"category","embeddable":true,"href":"https:\/\/www.europesays.com\/fr\/wp-json\/wp\/v2\/categories?post=626591"},{"taxonomy":"post_tag","embeddable":true,"href":"https:\/\/www.europesays.com\/fr\/wp-json\/wp\/v2\/tags?post=626591"}],"curies":[{"name":"wp","href":"https:\/\/api.w.org\/{rel}","templated":true}]}}