{"id":626598,"date":"2025-12-28T06:54:34","date_gmt":"2025-12-28T06:54:34","guid":{"rendered":"https:\/\/www.europesays.com\/fr\/626598\/"},"modified":"2025-12-28T06:54:34","modified_gmt":"2025-12-28T06:54:34","slug":"pourquoi-la-hausse-du-prix-de-la-ram-est-une-menace-pour-leconomie-europeenne","status":"publish","type":"post","link":"https:\/\/www.europesays.com\/fr\/626598\/","title":{"rendered":"Pourquoi la hausse du prix de la RAM est une menace pour l&rsquo;\u00e9conomie europ\u00e9enne"},"content":{"rendered":"<p>Les m\u00e9moires vives de type RAM sont des composants essentiels des produits \u00e9lectroniques et informatiques. Leur prix a fortement augment\u00e9 ces derni\u00e8res semaines. Pour certains d\u2019entre-eux, le prix a m\u00eame \u00e9t\u00e9 multipli\u00e9 par quatre ou cinq en quelques semaines. Comment expliquer cette \u00e9volution\u00a0? Quel impact cela pourrait-il avoir sur le prix des ordinateurs, mais aussi sur l\u2019inflation ou sur le d\u00e9veloppement de l\u2019intelligence artificielle\u00a0? Les \u00e9conomies europ\u00e9ennes seront-elles atteintes\u00a0?<\/p>\n<p><strong>The\u00a0Conversation\u00a0: Pourquoi assiste-t-on depuis quelques semaines \u00e0 une forte hausse du prix des m\u00e9moires vives\u00a0?<\/strong><\/p>\n<p><strong>Julien Pillot\u00a0:<\/strong> La hausse des prix concerne <a href=\"https:\/\/www.numerama.com\/tech\/730345-ram-definition.html\" data-popover-target=\"definition\" data-tag=\"Qu\u2019est-ce que la RAM (m\u00e9moire vive) et \u00e0 quoi sert-elle\u00a0?\" data-chapo=\"Que ce soit sur un smartphone, un ordinateur ou une console de jeu, la RAM est partout. Pourtant, c\u2019est un composant dont on parle souvent sans vraiment savoir ce qu\u2019il fait. Mais qu\u2019est-ce que la RAM exactement, et pourquoi traverse-t-elle une crise ?\" data-image=\"https:\/\/c0.lestechnophiles.com\/www.numerama.com\/wp-content\/uploads\/2021\/08\/ram-1024x576.jpg?key=85dbd0d8\" target=\"_blank\" rel=\"noopener\">certains types de m\u00e9moires vives (RAM)<\/a>, qui constituent un ensemble beaucoup plus large. C\u2019est l\u2019\u00e9volution du prix de la DDR5 et la HBM3 qui inqui\u00e8te de nombreux analystes actuellement. Pour comprendre les \u00e9volutions en cours, il faut avoir en t\u00eate que ces formats de m\u00e9moire vive sont essentiels \u00e0 deux usages\u00a0: la DDR5 est utilis\u00e9e pour faire fonctionner l\u2019ensemble de nos \u00e9quipements informatiques et \u00e9lectroniques grand public, \u00e0 des fins notamment de bureautique ou de gaming, quand la HBM est destin\u00e9e aux supercalculateurs, essentiellement \u00e0 des fins d\u2019entra\u00eenement des intelligences artificielles (IA). Or, sur ce dernier point, nous observons une <a href=\"https:\/\/www.ft.com\/content\/f3ee292b-ba56-4e9f-944a-da26d5706583\" target=\"_blank\" rel=\"noreferrer noopener\">acc\u00e9l\u00e9ration sensible de la demande<\/a>, en lien avec le vif engouement pour l\u2019IA depuis deux\u00a0ans et la construction de centres de donn\u00e9es qui va de pair. Cette pression tr\u00e8s forte de la demande explique le ph\u00e9nom\u00e8ne, suivant les canons de l\u2019\u00e9conomie\u00a0: quand la demande augmente et que l\u2019offre ne suit pas, le prix cro\u00eet. C\u2019est d\u2019autant plus vrai que cette croissance ne pouvait \u00eatre que tr\u00e8s imparfaitement anticip\u00e9e, et que le secteur des composants informatiques conna\u00eet tr\u00e8s souvent des <a href=\"https:\/\/s-space.snu.ac.kr\/handle\/10371\/215738\" target=\"_blank\" rel=\"noreferrer noopener\">cycles de surproduction\/sous-production<\/a> plus ou moins courts.<\/p>\n<p>    Pour aller plus loin<\/p>\n<p>                <img decoding=\"async\" width=\"87\" height=\"87\" loading=\"lazy\" alt=\"6\" title=\"6\" class=\"placeholder-default wp-image\" src=\"https:\/\/www.europesays.com\/fr\/wp-content\/uploads\/2025\/12\/6-1-200x200.jpg\" \/>            <\/p>\n<p><strong>Quel impact cela peut-il avoir\u00a0?<\/strong><\/p>\n<p><strong>J.\u00a0P.\u00a0:<\/strong> L\u2019augmentation des co\u00fbts de fourniture est une chose, mais il y a \u00e9galement un risque que les d\u00e9lais de production s\u2019allongent, et que les prix des produits finis augmentent pour le grand public. Pour bien comprendre ce qui se passe, il faut avoir en t\u00eate que la production est principalement le fait de <a href=\"https:\/\/marklapedus.substack.com\/p\/sk-hynix-surpasses-samsung-in-dram\" target=\"_blank\" rel=\"noreferrer noopener\">trois\u00a0entreprises<\/a>\u00a0: les Cor\u00e9ens SK Hynix et Samsung d\u2019une part, et l\u2019Am\u00e9ricain Micron d\u2019autre part. Cet oligopole tr\u00e8s concentr\u00e9 r\u00e9alise pr\u00e8s de <a href=\"https:\/\/www.reuters.com\/world\/china\/ai-frenzy-is-driving-new-global-supply-chain-crisis-2025-12-03\/\" target=\"_blank\" rel=\"noreferrer noopener\">93\u00a0% de la production mondiale<\/a>. Pour faire face \u00e0 la croissance de la demande, ils doivent puiser dans leurs stocks, mais surtout augmenter leur capacit\u00e9 de production, ce qui veut dire tr\u00e8s concr\u00e8tement construire de nouveaux sites ou agrandir les sites existants. Outre que cr\u00e9er de nouvelles unit\u00e9s de production prend du temps, cela repr\u00e9sente aussi un important investissement.<\/p>\n<p><a href=\"https:\/\/www.numerama.com\/wp-content\/uploads\/2021\/08\/ram-illus.jpg\" target=\"_blank\" rel=\"noopener\"><img decoding=\"async\" width=\"1024\" height=\"575\" loading=\"lazy\" alt=\"Des barrettes de RAM dans un ordinateur \/\/ Source : Valentine Tanasovich\" title=\"Des barrettes de RAM dans un ordinateur \/\/ Source : Valentine Tanasovich\" class=\"wp-image-730517 placeholder-default wp-image\" src=\"https:\/\/www.europesays.com\/fr\/wp-content\/uploads\/2025\/12\/ram-illus-1024x575.jpg\" \/><\/a>Des barettes de RAM dans un ordinateur. \/\/ Source : <a href=\"https:\/\/www.pexels.com\/photo\/black-and-gray-computer-motherboard-2588757\/\" target=\"_blank\" rel=\"noopener\">Valentine Tanasovich<\/a><\/p>\n<p>Ces acteurs sont donc plac\u00e9s devant un dilemme\u00a0: la hausse de la demande sera-t-elle suffisamment durable pour justifier ces investissements\u00a0? Rien ne serait pire pour ces acteurs que de se retrouver, \u00e0 terme, avec des surcapacit\u00e9s de production qui, non seulement s\u2019av\u00e8reraient difficiles \u00e0 amortir, mais en outre pourraient cr\u00e9er un choc d\u00e9flationniste sur leur production, <a href=\"https:\/\/www.lemonde.fr\/en\/international\/article\/2023\/02\/07\/semiconductor-giants-face-turmoil_6014785_4.html\" target=\"_blank\" rel=\"noreferrer noopener\">comme cela s\u2019est vu en 2022-2023 avec le ralentissement de la demande<\/a>. C\u2019est un cas classique en \u00e9conomie industrielle qui explique aussi pourquoi les trois\u00a0g\u00e9ants de la m\u00e9moire vive <a href=\"https:\/\/www.trendforce.com\/news\/2025\/12\/02\/news-memory-price-rally-may-run-past-2028-as-samsung-sk-hynix-reportedly-cautious-on-expansion\/\" target=\"_blank\" rel=\"noreferrer noopener\">limitent leurs plans d\u2019expansion<\/a>.<\/p>\n<p><strong>Cet accroissement de la demande n\u2019\u00e9tait-il pas du tout pr\u00e9visible\u00a0?<\/strong><\/p>\n<p><strong>J.\u00a0P.\u00a0:<\/strong> L\u2019acc\u00e9l\u00e9ration exponentielle, depuis 2023-2024, et l\u2019av\u00e8nement de ChatGPT ont surpris beaucoup de monde. Cet \u00ab\u00a0effet blast\u00a0\u00bb a eu pour principale cons\u00e9quence le fl\u00e9chage d\u2019une quantit\u00e9 colossale de fonds vers le d\u00e9veloppement de l\u2019IA et, par cons\u00e9quent, vers les composants critiques des architectures essentielles \u00e0 leur entra\u00eenement. Ce qui explique autant la valorisation record d\u2019une entreprise comme <a href=\"https:\/\/companiesmarketcap.com\/fr\/nvidia\/capitalisation-boursiere\/\" target=\"_blank\" rel=\"noreferrer noopener\">Nvidia<\/a> qui fournit les GPU [processeurs graphiques], que la hausse de la demande, et donc des prix, de la <a href=\"https:\/\/www.ft.com\/content\/57d6d44d-a13f-4b1c-bfa7-78d12bf5988f\" target=\"_blank\" rel=\"noreferrer noopener\">m\u00e9moire vive<\/a>.<\/p>\n<p>Ce mouvement a \u00e9t\u00e9 d\u2019autant plus fort que, dans le m\u00eame temps, les autres v\u00e9hicules d\u2019investissement, comme <a href=\"https:\/\/www.numerama.com\/tech\/1255380-quest-ce-que-la-blockchain.html\" data-popover-target=\"definition\" data-tag=\"Qu\u2019est-ce que la blockchain\u00a0?\" data-chapo=\"La technologie de la blockchain, sorte de livre de comptes libre d&#039;usage et transparent, permet de faire fonctionner les crypto-monnaies. Mais, elle a aussi d&#039;autres applications au quotidien, de plus en plus nombreuses.\" data-image=\"https:\/\/c0.lestechnophiles.com\/www.numerama.com\/wp-content\/uploads\/2023\/02\/sans-titre-12-1024x576.jpg?key=c0cb7bf5\" target=\"_blank\" rel=\"noopener\">la blockchain<\/a> ou le <a href=\"https:\/\/www.numerama.com\/tech\/1083206-quest-ce-que-le-metaverse.html\" data-popover-target=\"definition\" data-tag=\"C\u2019est quoi, le \u00ab\u00a0m\u00e9taverse\u00a0\u00bb\u00a0?\" data-chapo=\"M\u00e9tavers, m\u00e9taverse, m\u00e9ta-univers ou metaverse, on ne parle que de ce terme depuis que Mark Zuckerberg l&#039;a proclam\u00e9 successeur d&#039;Internet. Mais, quelle est sa d\u00e9finition exacte ?\" data-image=\"https:\/\/c0.lestechnophiles.com\/www.numerama.com\/wp-content\/uploads\/2022\/08\/metavers-horizon-1024x576.jpg?key=0e2074b4\" target=\"_blank\" rel=\"noopener\">m\u00e9tavers<\/a>, marquaient une pause, voire s\u2019effondreraient.<\/p>\n<p>Si la situation \u00e0 court terme est favorable aux producteurs de RAM qui b\u00e9n\u00e9ficient \u00e0 plein de <a href=\"https:\/\/biz.chosun.com\/en\/en-it\/2025\/12\/17\/4A6MNTWNJFDVRM7GTC4PR72JGQ\/\" target=\"_blank\" rel=\"noreferrer noopener\">l\u2019effet-prix<\/a> qui r\u00e9sulte de l\u2019acc\u00e9l\u00e9ration de la demande (<a href=\"https:\/\/www.ft.com\/content\/64e7dfb0-b32c-417e-b411-efc9098e1e3a\" target=\"_blank\" rel=\"noreferrer noopener\">SK Hynix, le fournisseur de Nvidia, aurait m\u00eame d\u00e9j\u00e0 \u00e9coul\u00e9 la totalit\u00e9 de sa production pr\u00e9vue pour 2026<\/a>), elle n\u00e9cessite n\u00e9anmoins de pouvoir offrir au march\u00e9 ce qu\u2019il demande, car une p\u00e9nurie durable ne profite \u00e0 personne. Raison pour laquelle ils ont r\u00e9agi.<\/p>\n<p><strong>De quelle fa\u00e7on\u00a0?<\/strong><\/p>\n<p><strong>J.\u00a0P.\u00a0:<\/strong> En adaptant leur outil de production. Ils se sont focalis\u00e9s sur la production des m\u00e9moires vives les plus demand\u00e9es, quitte \u00e0 en d\u00e9laisser d\u2019autres. Mais \u00e0 un moment, on arrive au bout des capacit\u00e9s d\u2019adaptation des acteurs, ce qui explique les goulets d\u2019\u00e9tranglement, par exemple sur les DDR5, les producteurs favorisant les m\u00e9moires HBM qui offrent de meilleures marges. Mais, retour de b\u00e2ton, le goulet d\u2019\u00e9tranglement sur la DDR5 est tel que les producteurs <a href=\"https:\/\/www.tweaktown.com\/news\/109259\/samsung-shifts-focus-from-hbm-to-ddr5-modules-ddr5-ram-results-in-far-more-profits-than-hbm\/index.html\" target=\"_blank\" rel=\"noreferrer noopener\">envisagent d\u00e9sormais de la privil\u00e9gier<\/a>. Il faut dire que les perspectives de profits sont tr\u00e8s all\u00e9chantes.<\/p>\n<p><strong>Cela veut-il dire que les biens \u00e9lectroniques et informatiques vont voir leur prix s\u2019envoler \u00e0 court terme\u00a0?<\/strong><\/p>\n<p><strong>J.\u00a0P.\u00a0:<\/strong> C\u2019est tr\u00e8s tr\u00e8s difficile \u00e0 dire, car r\u00e9pondre \u00e0 cette question revient \u00e0 poser un probl\u00e8me avec beaucoup d\u2019inconnues. <a href=\"https:\/\/www.reuters.com\/world\/china\/ai-frenzy-is-driving-new-global-supply-chain-crisis-2025-12-03\/\" target=\"_blank\" rel=\"noreferrer noopener\">Certains analystes tablent sur une augmentation de 20\u00a0% du prix des smartphones<\/a>, mais ces conclusions me paraissent pr\u00e9matur\u00e9es. Les facteurs d\u2019incertitude sont bien trop nombreux pour \u00eatre si cat\u00e9gorique.<\/p>\n<p>L\u2019impact va, en effet, d\u00e9pendre des d\u00e9cisions prises par les entreprises, et des marges de man\u0153uvre dont elles disposent\u2026 Nous avons d\u00e9j\u00e0 \u00e9voqu\u00e9 le dilemme qui concerne les producteurs de RAM. Leurs arbitrages \u00e0 court terme seront d\u00e9terminants dans les m\u00e9canismes de fixation des prix pour les diff\u00e9rents types de RAM. Les autres inconnues concernent la demande, notamment celle qui \u00e9mane des acteurs de l\u2019\u00e9lectronique grand public.<\/p>\n<p>\u00c0 court terme, et \u00e0 p\u00e9rim\u00e8tre constant (stabilit\u00e9 de la demande et des prix des autres composants), la hausse du prix des m\u00e9moires vives augmente leurs co\u00fbts de production. Quant aux goulets d\u2019\u00e9tranglement, ils peuvent ralentir les cadences de livraison des composants, et donc allonger les d\u00e9lais de production et\/ou r\u00e9duire les quantit\u00e9s de produits finis produites. Avec des r\u00e9percussions \u00e9videntes sur leur tr\u00e9sorerie.<\/p>\n<p><a href=\"https:\/\/www.numerama.com\/wp-content\/uploads\/2021\/08\/rtx-5070.jpg\" target=\"_blank\" rel=\"noopener\"><img decoding=\"async\" width=\"1024\" height=\"576\" loading=\"lazy\" alt=\"Les RTX 5070 et RTX 5080 sont \u00e9quip\u00e9es de VRAM en GDDR7 \/\/ Source : Chlo\u00e9 Pertuis pour Frandroid\" title=\"Les RTX 5070 et RTX 5080 sont \u00e9quip\u00e9es de VRAM en GDDR7 \/\/ Source : Chlo\u00e9 Pertuis pour Frandroid\" class=\"wp-image-2146255 placeholder-default wp-image\" src=\"https:\/\/www.europesays.com\/fr\/wp-content\/uploads\/2025\/12\/rtx-5070-1024x576.jpg\" \/><\/a>Les RTX 5070 et RTX 5080 sont \u00e9quip\u00e9es de VRAM en GDDR7 \/\/ Source : Chlo\u00e9 Pertuis pour Frandroid<\/p>\n<p>Pour savoir l\u2019impact sur le consommateur final, tout va d\u00e9pendre de la capacit\u00e9 autant que la volont\u00e9 des entreprises \u00e0 r\u00e9percuter ou non cette hausse sur leurs clients. Chaque entreprise va prendre sa d\u00e9cision en fonction de sa situation concurrentielle et financi\u00e8re propre, en arbitrant entre sa tr\u00e9sorerie et le risque de perdre des parts de march\u00e9. Une entreprise en position de force peut d\u00e9cider de r\u00e9percuter la hausse. Une autre confront\u00e9e \u00e0 une forte concurrence sera tent\u00e9e de maintenir les prix actuels aussi longtemps que possible, et donc de rogner ses marges.<\/p>\n<p>Autre facteur qui va jouer\u00a0: l\u2019\u00e9volution des prix des autres composants. Les produits \u00e9lectroniques sont complexes. Ils sont l\u2019assemblage d\u2019un tas de composants dont les prix varient ind\u00e9pendamment les uns des autres. Il est possible que, tandis que le prix de la RAM augmente, celui d\u2019autres \u00e9l\u00e9ments baisse, ce qui peut permettre \u00e0 un assembleur de faire une p\u00e9r\u00e9quation.<\/p>\n<p>Enfin, la hauteur de gamme des produits finis va \u00e9galement jouer un r\u00f4le tr\u00e8s important dans les arbitrages des producteurs. Sur les produits bas de gamme, il est probable que les producteurs soient peu incit\u00e9s \u00e0 r\u00e9percuter la hausse des co\u00fbts, car le consommateur est tr\u00e8s sensible au prix. \u00c0 l\u2019inverse, pour du haut de gamme, l\u2019entreprise retrouve des marges de man\u0153uvre, car le prix n\u2019est pas le crit\u00e8re de choix d\u00e9terminant. Une entreprise, comme Samsung, qui couvre toutes les gammes de produits peut \u00e9galement jouer une p\u00e9r\u00e9quation en acceptant de r\u00e9duire ses marges sur les produits d\u2019entr\u00e9e de gamme, et de \u00ab\u00a0se rattraper\u00a0\u00bb \u2013\u00a0au moins en partie\u00a0\u2013 sur les produits haut de gamme.<\/p>\n<p>Sans m\u00eame \u00e9voquer les impacts imputables aux d\u00e9cisions de politique commerciale, ou d\u2019\u00e9ventuels <a href=\"https:\/\/www.cnetfrance.fr\/news\/crise-du-disques-dur-seagate-a-multiplie-ses-benefices-39776264.htm\" target=\"_blank\" rel=\"noreferrer noopener\">chocs exog\u00e8nes tels que celui qui avait frapp\u00e9 la production de disques durs en 2011-2012<\/a>, tous ces \u00e9l\u00e9ments mis bout \u00e0 bout font qu\u2019il est d\u00e9j\u00e0 tr\u00e8s difficile d\u2019avoir une vue d\u2019ensemble des r\u00e9percussions macro-\u00e9conomiques de la hausse du prix, tant l\u2019impact global d\u00e9pend d\u2019une infinit\u00e9 de d\u00e9cisions micro locales.<\/p>\n<p><strong>Ces m\u00e9moires vives sont utilis\u00e9es pour les mod\u00e8les d\u2019IA. Faut-il craindre, d\u00e8s lors, que cela p\u00e8se sur les entreprises du secteur alors que de nombreuses personnes \u00e9voquent une bulle financi\u00e8re\u00a0? En rench\u00e9rissant les co\u00fbts de production de l\u2019IA, la hausse du prix des m\u00e9moires vives ne va-t-elle pas d\u00e9stabiliser l\u2019\u00e9quilibre financier des entreprises les plus fragiles du secteur\u00a0?<\/strong><\/p>\n<p><strong>J.\u00a0P.\u00a0:<\/strong> Tout va d\u00e9pendre des arbitrages des acteurs, et notamment des producteurs de m\u00e9moire vive. Vont-ils continuer ou non \u00e0 favoriser la production des m\u00e9moires vives pour l\u2019IA, les fameuses HBM\u00a0? Il pourrait aussi y avoir une bascule \u00e0 moyen terme qui aboutirait \u00e0 un ralentissement du rythme de d\u00e9veloppement de l\u2019IA, le <a href=\"https:\/\/www.delloro.com\/news\/data-center-capex-to-grow-at-21-percent-cagr-through-2029\/\" target=\"_blank\" rel=\"noreferrer noopener\">temps de dig\u00e9rer les investissements colossaux r\u00e9alis\u00e9s jusqu\u2019ici<\/a>. Pour quelles raisons\u00a0? Des pressions venant de la soci\u00e9t\u00e9 ou des actionnaires. Ces derniers voient bien que la croissance de l\u2019IA <a href=\"https:\/\/www.liberation.fr\/economie\/economie-numerique\/openai-et-si-la-machine-a-bruler-des-milliards-de-dollars-explosait-en-vol-20251107_COI5T3K2IVHI5BEQOQJ557WAIU\/\" target=\"_blank\" rel=\"noreferrer noopener\">consomme beaucoup de cash<\/a>, et s\u2019inqui\u00e8tent de perspectives de mon\u00e9tisation qui sont soit plus lointaines, soit moins importantes que celles promises par les acteurs de la tech.<\/p>\n<\/p>\n<p>            Ce contenu est bloqu\u00e9 car vous n\u2019avez pas accept\u00e9 les cookies et autres traceurs. Ce contenu est fourni par YouTube.<br \/>Pour pouvoir le visualiser, vous devez accepter l\u2019usage \u00e9tant op\u00e9r\u00e9 par YouTube avec vos donn\u00e9es qui pourront \u00eatre utilis\u00e9es pour les finalit\u00e9s suivantes : vous permettre de visualiser et de partager des contenus avec des m\u00e9dias sociaux, favoriser le d\u00e9veloppement et l\u2019am\u00e9lioration des produits d\u2019Humanoid et de ses partenaires, vous afficher des publicit\u00e9s personnalis\u00e9es par rapport \u00e0 votre profil et activit\u00e9, vous d\u00e9finir un profil publicitaire personnalis\u00e9, mesurer la performance des publicit\u00e9s et du contenu de ce site et mesurer l\u2019audience de ce site <a href=\"#\" class=\"js-privacy\" target=\"_blank\">(en savoir plus)<\/a>        <\/p>\n<p>            En cliquant sur \u00ab J\u2019accepte tout \u00bb, vous consentez aux finalit\u00e9s susmentionn\u00e9es pour l\u2019ensemble des cookies et autres traceurs d\u00e9pos\u00e9s par Humanoid et <a class=\"embed-consent-overlay-vendors-link\" href=\"#preferences-vendeurs\">ses partenaires<\/a>.        <\/p>\n<p>            Vous gardez la possibilit\u00e9 de retirer votre consentement \u00e0 tout moment. Pour plus d\u2019informations, nous vous invitons \u00e0 prendre connaissance de notre <a href=\"https:\/\/www.numerama.com\/politique-cookies\" target=\"_blank\" rel=\"noopener\">Politique cookies<\/a>.        <\/p>\n<p>        J\u2019accepte tout    <\/p>\n<p class=\"embed-consent-overlay-manage-choices\">        <a href=\"#preferences-publicitaires\">G\u00e9rer mes choix<\/a>    <\/p>\n<p>Certains investisseurs pourraient bien \u00eatre tent\u00e9s de pousser les entreprises \u00e0 se r\u00e9orienter vers des projets moins gourmands en capacit\u00e9 de calcul, qui n\u00e9cessitent moins d\u2019\u00e9nergie et de cash. <a href=\"https:\/\/www.pymnts.com\/artificial-intelligence-2\/2025\/small-models-big-shift-how-ai-is-moving-beyond-model-size\/\" target=\"_blank\" rel=\"noreferrer noopener\">\u00c0 moins que ce ne soit les dirigeants d\u2019entreprise eux-m\u00eames qui fassent ce choix<\/a> par volont\u00e9 \u00e0 la fois de pr\u00e9server leur tr\u00e9sorerie et de trouver des mod\u00e8les peut-\u00eatre plus frugaux, plus sp\u00e9cialis\u00e9s et mieux adapt\u00e9s aux besoins r\u00e9els des acteurs du march\u00e9. Dans un cas comme dans l\u2019autre, cela aurait un effet sur la demande de RAM. Cela ne reste qu\u2019un sc\u00e9nario. En revanche, il me semble raisonnable d\u2019estimer que t\u00f4t ou tard les gros argentiers de l\u2019IA vont r\u00e9clamer des \u00e9l\u00e9ments de preuve d\u2019un possible retour sur investissement, ce qui poussera les entreprises sp\u00e9cialis\u00e9es \u00e0 chercher \u00e0 r\u00e9duire leurs co\u00fbts.<\/p>\n<p><strong>Deux Cor\u00e9ens, un \u00c9tats-unien, quel impact pourrait avoir l\u2019absence de l\u2019Europe dans cette technologie\u00a0?<\/strong><\/p>\n<p><strong>J.\u00a0P.\u00a0:<\/strong> Les Europ\u00e9ens se retrouvent <a href=\"https:\/\/theconversation.com\/les-etats-europeens-se-sont-laisse-vassaliser-par-les-geants-nord-americains-de-la-tech-249051\" target=\"_blank\" rel=\"noreferrer noopener\">encore une fois<\/a> dans une extr\u00eame d\u00e9pendance pour des biens d\u2019une importance cruciale, strat\u00e9gique et m\u00eame vitale. Nous ne sommes pas compl\u00e8tement absents de l\u2019industrie des semi-conducteurs \u2013\u00a0l\u2019Europe compte m\u00eame deux champions, avec ASML pour la fabrication d\u2019\u00e9quipements, et STMicroelectronics pour la fabrication de puces\u00a0\u2013, mais pour ce qui concerne la m\u00e9moire vive, nos entreprises sont totalement d\u00e9pendantes des exportations de la Cor\u00e9e du Sud ou des \u00c9tats-Unis, deux pays avec lesquels il vaut mieux avoir de bonnes relations. Le d\u00e9ficit commercial europ\u00e9en pour les semi-conducteurs atteint <a href=\"https:\/\/www.eca.europa.eu\/fr\/publications\/sr-2025-12\" target=\"_blank\" rel=\"noreferrer noopener\">10\u00a0milliards \u00e0 20\u00a0milliards de dollars (entre 8,5\u00a0milliards et 17\u00a0milliards d\u2019euros) par an<\/a>\u00a0!<\/p>\n<p>Nous commen\u00e7ons \u00e0 prendre conscience de nos d\u00e9pendances multiples. <a href=\"https:\/\/digital-strategy.ec.europa.eu\/en\/policies\/european-chips-act\" target=\"_blank\" rel=\"noreferrer noopener\">L\u2019European Chips Act (ECA)<\/a> a \u00e9t\u00e9 une premi\u00e8re r\u00e9action qui vise \u00e0 couvrir 20\u00a0% de la production mondiale de semi-conducteurs. Une entreprise comme STMicroelectronics est bien plac\u00e9e, mais elle est absente du segment des m\u00e9moires vives. Il faudrait maintenant \u00e9largir le champ de l\u2019ECA \u00e0 ces composantes vitales de l\u2019\u00e9conomie num\u00e9rique. Le plus vite sera le mieux, car, vous l\u2019aurez compris, ces composants \u00e9lectroniques ont acquis une dimension critique pour l\u2019ensemble de l\u2019\u00e9conomie qui se num\u00e9rise \u00e0 marche acc\u00e9l\u00e9r\u00e9e.<\/p>\n<p>Propos recueillis par Christophe Bys.<\/p>\n<p><a href=\"https:\/\/www.numerama.com\/wp-content\/uploads\/2021\/12\/the-conversation-logo.jpg\" target=\"_blank\" rel=\"noopener\"><img decoding=\"async\" width=\"350\" height=\"40\" loading=\"lazy\" alt=\"The conversation logo\" title=\"The conversation logo\" class=\"wp-image-785861 placeholder-default wp-image\" src=\"https:\/\/www.europesays.com\/fr\/wp-content\/uploads\/2025\/12\/the-conversation-logo.jpg\" \/><\/a><\/p>\n<p><a href=\"https:\/\/theconversation.com\/profiles\/julien-pillot-193241\" target=\"_blank\" rel=\"noreferrer noopener\">Julien Pillot<\/a>, Enseignant-Chercheur en Economie, <a href=\"https:\/\/theconversation.com\/institutions\/inseec-grande-ecole-2275\" target=\"_blank\" rel=\"noreferrer noopener\">INSEEC Grande \u00c9cole<\/a><\/p>\n<p>Cet article est republi\u00e9 \u00e0 partir de <a href=\"https:\/\/theconversation.com\" target=\"_blank\" rel=\"noreferrer noopener\">The Conversation<\/a> sous licence Creative Commons. Lire l\u2019<a href=\"https:\/\/theconversation.com\/pourquoi-la-hausse-du-prix-des-memoires-vives-informatiques-est-une-menace-pour-leconomie-europeenne-272389\" target=\"_blank\" rel=\"noreferrer noopener\">article original<\/a>.<\/p>\n<p>            <img decoding=\"async\" src=\"https:\/\/www.europesays.com\/fr\/wp-content\/uploads\/2025\/12\/iPhone-16-pro-vDJtn9o4_vzSsPIGCFDc5.png\" alt=\"Toute l'actu tech en un clien d'oeil\"\/><\/p>\n<p class=\"card-install-pwa__title\">Toute l&rsquo;actu tech en un clin d&rsquo;\u0153il<\/p>\n<p class=\"card-install-pwa__description\">Ajoutez Numerama \u00e0 votre \u00e9cran d&rsquo;accueil et restez connect\u00e9s au futur !<\/p>\n<p>            <img decoding=\"async\" src=\"https:\/\/www.numerama.com\/wp-content\/themes\/numerama-next\/dist\/images\/premium\/logo-card-pwa-coupe-vCvPQ_Q_ysBNfqKp6w7gG.svg\" alt=\"Logo PWA\"\/><\/p>\n<p>       Installer Numerama<\/p>\n","protected":false},"excerpt":{"rendered":"Les m\u00e9moires vives de type RAM sont des composants essentiels des produits \u00e9lectroniques et informatiques. Leur prix a&hellip;\n","protected":false},"author":2,"featured_media":626599,"comment_status":"","ping_status":"","sticky":false,"template":"","format":"standard","meta":{"footnotes":""},"categories":[7],"tags":[1011,27,43,40,41,39,42,44],"class_list":{"0":"post-626598","1":"post","2":"type-post","3":"status-publish","4":"format-standard","5":"has-post-thumbnail","7":"category-sciences-et-technologies","8":"tag-fr","9":"tag-france","10":"tag-science","11":"tag-science-and-technology","12":"tag-sciences","13":"tag-sciences-et-technologies","14":"tag-technologies","15":"tag-technology"},"share_on_mastodon":{"url":"https:\/\/pubeurope.com\/@fr\/115795884873593423","error":""},"_links":{"self":[{"href":"https:\/\/www.europesays.com\/fr\/wp-json\/wp\/v2\/posts\/626598","targetHints":{"allow":["GET"]}}],"collection":[{"href":"https:\/\/www.europesays.com\/fr\/wp-json\/wp\/v2\/posts"}],"about":[{"href":"https:\/\/www.europesays.com\/fr\/wp-json\/wp\/v2\/types\/post"}],"author":[{"embeddable":true,"href":"https:\/\/www.europesays.com\/fr\/wp-json\/wp\/v2\/users\/2"}],"replies":[{"embeddable":true,"href":"https:\/\/www.europesays.com\/fr\/wp-json\/wp\/v2\/comments?post=626598"}],"version-history":[{"count":0,"href":"https:\/\/www.europesays.com\/fr\/wp-json\/wp\/v2\/posts\/626598\/revisions"}],"wp:featuredmedia":[{"embeddable":true,"href":"https:\/\/www.europesays.com\/fr\/wp-json\/wp\/v2\/media\/626599"}],"wp:attachment":[{"href":"https:\/\/www.europesays.com\/fr\/wp-json\/wp\/v2\/media?parent=626598"}],"wp:term":[{"taxonomy":"category","embeddable":true,"href":"https:\/\/www.europesays.com\/fr\/wp-json\/wp\/v2\/categories?post=626598"},{"taxonomy":"post_tag","embeddable":true,"href":"https:\/\/www.europesays.com\/fr\/wp-json\/wp\/v2\/tags?post=626598"}],"curies":[{"name":"wp","href":"https:\/\/api.w.org\/{rel}","templated":true}]}}