{"id":626600,"date":"2025-12-28T06:55:15","date_gmt":"2025-12-28T06:55:15","guid":{"rendered":"https:\/\/www.europesays.com\/fr\/626600\/"},"modified":"2025-12-28T06:55:15","modified_gmt":"2025-12-28T06:55:15","slug":"mon-leasing-auto-est-en-train-de-me-rendre-dingue-un-client-de-peugeot-stellantis-saisit-la-justice","status":"publish","type":"post","link":"https:\/\/www.europesays.com\/fr\/626600\/","title":{"rendered":"\u00ab\u00a0Mon leasing auto est en train de me rendre dingue\u00a0\u00bb\u00a0: un client de Peugeot Stellantis saisit la justice"},"content":{"rendered":"<p>\n                                                                    l&rsquo;essentiel<br \/>\n                                                                Depuis qu\u2019il a acquis sa Peugeot 208 hybride dans le cadre d\u2019une location avec option d\u2019achat (LOA), Marc Paumier s\u2019est vu siphonner ses comptes bancaires et se retrouve harcel\u00e9 par des mises en demeure de la concession Stellantis de Montaudran pour un impay\u00e9 qu\u2019il conteste. Ce Toulousain de 77 ans vit un enfer, mais il ne compte pas se laisser faire.\n                            <\/p>\n<p>La vie \u00e0 cr\u00e9dit n\u2019est pas toujours un long fleuve tranquille. Quand un grain de sable vient se glisser dans le plan de financement, tout peut vite basculer dans le cauchemar. Celui que Marc Paumier traverse depuis quelques mois apr\u00e8s l\u2019acquisition en location avec option d\u2019achat (LOA) d\u2019une Peugeot 208 hybride. \u00ab\u00a0En 2024, j\u2019ai d\u00e9cid\u00e9 de remplacer ma DS3 \u00e0 la concession Stellantis de Toulouse Montaudran, explique-t-il. Le contrat de leasing arrivait \u00e0 terme et j\u2019en ai donc conclu un nouveau\u00a0\u00bb.<\/p>\n<p>        <img decoding=\"async\" class=\"std-img__img responsive-img\" src=\"https:\/\/www.europesays.com\/fr\/wp-content\/uploads\/2025\/12\/1766904915_890_image.jpg\" alt=\"Marc Paumier, mis en demeure de payer 2\u00a0646\u00a0euros \u00e0 Stellantis Montaudran, a d\u00e9cid\u00e9 de porter plainte.\"\/><\/p>\n<p>                Marc Paumier, mis en demeure de payer 2\u00a0646\u00a0euros \u00e0 Stellantis Montaudran, a d\u00e9cid\u00e9 de porter plainte.<\/p>\n<p>Ce syst\u00e8me, qui permet \u00e0 l\u2019usager de rouler au volant d\u2019un v\u00e9hicule toujours en parfait \u00e9tat et pay\u00e9 progressivement, se d\u00e9veloppe de plus en plus dans le milieu automobile. Sauf que parfois, entre les int\u00e9r\u00eats des organismes de cr\u00e9dit et des concessions, le montage financier peut d\u00e9railler. \u00ab\u00a0Pendant un an, les d\u00e9bits mensuels de l\u2019organisme Cr\u00e9dipar s\u2019effectuaient r\u00e9guli\u00e8rement sans aucun probl\u00e8me, raconte Marc Paumier. Jusqu\u2019au jour o\u00f9 cette soci\u00e9t\u00e9 de cr\u00e9dit m\u2019a ponctionn\u00e9 sans pr\u00e9venir 18\u00a0886,84\u00a0\u20ac mettant ainsi tous mes comptes bancaires \u00e0 d\u00e9couvert\u00a0\u00bb.<\/p>\n<p>Mic-mac en coulisses<\/p>\n<p>Le septuag\u00e9naire d\u00e9cide imm\u00e9diatement de faire opposition aupr\u00e8s de sa banque. \u00ab\u00a0J\u2019ai appel\u00e9 Cr\u00e9dipar pour avoir des explications sur ce d\u00e9bit sauvage qui correspondait, selon eux, \u00e0 la reprise de ma DS3 qui n\u2019avait pas \u00e9t\u00e9 r\u00e9gularis\u00e9e par la concession Montaudran aupr\u00e8s de leurs services financiers\u00a0\u00bb. Le sang de Marc ne fait qu\u2019un tour. Il prend rendez-vous le 21\u00a0octobre dernier avec son vendeur et exige un courrier, selon lequel la concession s\u2019engage \u00e0 rembourser Cr\u00e9dipar. \u00c0 ce moment-l\u00e0, l\u2019affaire semble d\u00e9finitivement r\u00e9gl\u00e9e. Le remboursement de l\u2019organisme de cr\u00e9dit est effectu\u00e9 par Stellantis Montaudran. Sauf que la concession n\u2019a pas voulu signer un solde de tout compte. Trois jours plus tard, Marc Paumier re\u00e7oit une premi\u00e8re lettre recommand\u00e9e de la concession, qui l\u2019informe d\u2019une \u00ab\u00a0mise en contentieux\u00a0\u00bb lui r\u00e9clamant cette fois un compl\u00e9ment de 2\u00a0646,84\u00a0\u20ac\u2026 Pour lui, ce montant doit correspondre aux 2\u00a0569\u00a0\u20ac qu\u2019il a pourtant r\u00e9gl\u00e9s sur place le jour de la r\u00e9ception de sa Peugeot 208, son nouveau v\u00e9hicule, comme en atteste un \u00e9change de mails de l\u2019\u00e9poque.<\/p>\n<p>Le tribunal judiciaire saisi<\/p>\n<p>Marc a alors adress\u00e9 deux courriers avec accus\u00e9s de r\u00e9ception au directeur de Stellantis de la concession de l\u2019avenue des \u00c9tats-Unis, responsable aussi de celle de Montaudran ainsi qu\u2019une copie au service clients-France pour demander de nouvelles explications. Mais en guise de r\u00e9ponse, il vient de recevoir un deuxi\u00e8me avis contentieux\u00a0! \u00ab\u00a0C\u2019est infernal, s\u2019agace-t-il. Je ne supporte plus cette situation. J\u2019ai \u00e9t\u00e9 harcel\u00e9 par les organismes de recouvrement Cr\u00e9dipar et maintenant je dois encaisser les deux derni\u00e8res injonctions \u00e0 payer de Stellantis\u00a0\u00bb.<\/p>\n<p>\u00c0 bout de patience, sur les conseils du service juridique de son assurance, Marc a finalement d\u00e9cid\u00e9 de saisir le juge du tribunal judiciaire de Toulouse pour solder cette affaire et en finir une fois pour toutes avec ces soucis. Du c\u00f4t\u00e9 de la concession de Montaudran, dont nous avons tent\u00e9 de joindre les responsables, c\u2019est silence radio. Ils doivent pourtant quelques \u00e9gards \u00e0 leur client.<\/p>\n","protected":false},"excerpt":{"rendered":"l&rsquo;essentiel Depuis qu\u2019il a acquis sa Peugeot 208 hybride dans le cadre d\u2019une location avec option d\u2019achat (LOA),&hellip;\n","protected":false},"author":2,"featured_media":626601,"comment_status":"","ping_status":"","sticky":false,"template":"","format":"standard","meta":{"footnotes":""},"categories":[6],"tags":[646,35,33,34,1011,27,2722,2312],"class_list":{"0":"post-626600","1":"post","2":"type-post","3":"status-publish","4":"format-standard","5":"has-post-thumbnail","7":"category-economie","8":"tag-automobile","9":"tag-business","10":"tag-economie","11":"tag-economy","12":"tag-fr","13":"tag-france","14":"tag-haute-garonne","15":"tag-toulouse"},"share_on_mastodon":{"url":"","error":""},"_links":{"self":[{"href":"https:\/\/www.europesays.com\/fr\/wp-json\/wp\/v2\/posts\/626600","targetHints":{"allow":["GET"]}}],"collection":[{"href":"https:\/\/www.europesays.com\/fr\/wp-json\/wp\/v2\/posts"}],"about":[{"href":"https:\/\/www.europesays.com\/fr\/wp-json\/wp\/v2\/types\/post"}],"author":[{"embeddable":true,"href":"https:\/\/www.europesays.com\/fr\/wp-json\/wp\/v2\/users\/2"}],"replies":[{"embeddable":true,"href":"https:\/\/www.europesays.com\/fr\/wp-json\/wp\/v2\/comments?post=626600"}],"version-history":[{"count":0,"href":"https:\/\/www.europesays.com\/fr\/wp-json\/wp\/v2\/posts\/626600\/revisions"}],"wp:featuredmedia":[{"embeddable":true,"href":"https:\/\/www.europesays.com\/fr\/wp-json\/wp\/v2\/media\/626601"}],"wp:attachment":[{"href":"https:\/\/www.europesays.com\/fr\/wp-json\/wp\/v2\/media?parent=626600"}],"wp:term":[{"taxonomy":"category","embeddable":true,"href":"https:\/\/www.europesays.com\/fr\/wp-json\/wp\/v2\/categories?post=626600"},{"taxonomy":"post_tag","embeddable":true,"href":"https:\/\/www.europesays.com\/fr\/wp-json\/wp\/v2\/tags?post=626600"}],"curies":[{"name":"wp","href":"https:\/\/api.w.org\/{rel}","templated":true}]}}