{"id":626602,"date":"2025-12-28T06:56:19","date_gmt":"2025-12-28T06:56:19","guid":{"rendered":"https:\/\/www.europesays.com\/fr\/626602\/"},"modified":"2025-12-28T06:56:19","modified_gmt":"2025-12-28T06:56:19","slug":"le-president-iranien-accuse-les-etats-unis-israel-et-les-europeens-de-mener-une-guerre-totale-contre-son-pays","status":"publish","type":"post","link":"https:\/\/www.europesays.com\/fr\/626602\/","title":{"rendered":"Le pr\u00e9sident iranien accuse les Etats-Unis, Isra\u00ebl et les Europ\u00e9ens de mener une \u00ab\u00a0guerre totale\u00a0\u00bb contre son pays"},"content":{"rendered":"<p>Les mots sont \u00e0 la hauteur des tensions. Le pr\u00e9sident iranien Massoud Pezeshkian a estim\u00e9, dans un entretien publi\u00e9 ce samedi, que les <a href=\"https:\/\/www.20minutes.fr\/monde\/etats-unis\/\" class=\"c-link c-link--is-underlined\" target=\"_blank\" rel=\"noopener\">Etats-Unis<\/a>, <a href=\"https:\/\/www.20minutes.fr\/monde\/israel\/\" class=\"c-link c-link--is-underlined\" target=\"_blank\" rel=\"noopener\">Isra\u00ebl <\/a>ainsi que les <a href=\"https:\/\/www.20minutes.fr\/dossier\/europe\" class=\"c-link c-link--is-underlined\" target=\"_blank\" rel=\"noopener\">Europ\u00e9ens <\/a>menaient une \u00ab\u00a0guerre totale\u00a0\u00bb contre son pays, qu\u2019ils \u00ab\u00a0veulent mettre \u00e0 terre\u00a0\u00bb. Cette d\u00e9claration intervient plus de six mois apr\u00e8s des frappes isra\u00e9lo-am\u00e9ricaines contre le territoire iranien.<\/p>\n<\/p>\n<p><a href=\"https:\/\/www.20minutes.fr\/monde\/iran\/\" class=\"c-link c-link--is-underlined\" target=\"_blank\" rel=\"noopener\">Iran <\/a>et Isra\u00ebl, ennemis jur\u00e9s depuis l\u2019av\u00e8nement de la R\u00e9publique islamique, se sont livr\u00e9s en juin \u00e0 une guerre de douze jours, d\u00e9clench\u00e9e par une attaque d\u2019une ampleur in\u00e9dite d\u2019Isra\u00ebl contre des sites militaires, nucl\u00e9aires et des zones r\u00e9sidentielles. Ces frappes, auxquelles les Etats-Unis s\u2019\u00e9taient associ\u00e9s, ont fait plus d\u2019un millier de victimes c\u00f4t\u00e9 iranien, selon les autorit\u00e9s. Ces bombardements ont mis un coup d\u2019arr\u00eat aux n\u00e9gociations entam\u00e9es en avril entre Washington et T\u00e9h\u00e9ran concernant son programme <a href=\"https:\/\/www.20minutes.fr\/monde\/nucleaire_iranien\/\" class=\"c-link c-link--is-underlined\" target=\"_blank\" rel=\"noopener\">nucl\u00e9aire<\/a>.<\/p>\n<p>Les sanctions de l\u2019ONU au c\u0153ur des tensions<\/p>\n<p>L\u2019Iran reproche par ailleurs \u00e0 la <a href=\"https:\/\/www.20minutes.fr\/france\/\" class=\"c-link c-link--is-underlined\" target=\"_blank\" rel=\"noopener\">France<\/a>, au <a href=\"https:\/\/www.20minutes.fr\/monde\/royaume-uni\/\" class=\"c-link c-link--is-underlined\" target=\"_blank\" rel=\"noopener\">Royaume-Uni<\/a> et \u00e0 l\u2019<a href=\"https:\/\/www.20minutes.fr\/dossier\/allemagne\" class=\"c-link c-link--is-underlined\" target=\"_blank\" rel=\"noopener\">Allemagne<\/a> d\u2019\u00eatre \u00e0 l\u2019initiative du <a href=\"https:\/\/www.20minutes.fr\/monde\/4175717-20250928-nucleaire-retour-injustifiable-appels-diplomatie-reactions-apres-retour-sanctions-contre-iran\" class=\"c-link c-link--is-underlined\" target=\"_blank\" rel=\"noopener\">r\u00e9tablissement, fin septembre, des sanctions<\/a> onusiennes contre l\u2019Iran en lien avec son programme nucl\u00e9aire. \u00ab\u00a0Cette guerre est pire que celle lanc\u00e9e contre nous par l\u2019<a href=\"https:\/\/www.20minutes.fr\/monde\/irak\/\" class=\"c-link c-link--is-underlined\" target=\"_blank\" rel=\"noopener\">Irak<\/a>. A bien y regarder, elle est bien plus complexe et difficile\u00a0\u00bb, a ajout\u00e9 le pr\u00e9sident Pezeshkian, en r\u00e9f\u00e9rence au conflit d\u00e9vastateur (1980-1988) entre ces deux pays voisins qui a fait des centaines de milliers de morts.<\/p>\n<p>Depuis son retour en janvier \u00e0 la <a href=\"https:\/\/www.20minutes.fr\/dossier\/maison_blanche\" class=\"c-link c-link--is-underlined\" target=\"_blank\" rel=\"noopener\">Maison-Blanche<\/a>, le pr\u00e9sident am\u00e9ricain <a href=\"https:\/\/www.20minutes.fr\/dossier\/donald_trump\" class=\"c-link c-link--is-underlined\" target=\"_blank\" rel=\"noopener\">Donald Trump<\/a> a relanc\u00e9 sa politique dite de \u00ab\u00a0pression maximale\u00a0\u00bb \u00e0 l\u2019encontre de l\u2019Iran, initi\u00e9e lors de son premier mandat. Elle se traduit par une s\u00e9rie de <a href=\"https:\/\/www.20minutes.fr\/dossier\/sanction\" class=\"c-link c-link--is-underlined\" target=\"_blank\" rel=\"noopener\">sanctions <\/a>suppl\u00e9mentaires pour asphyxier le pays \u00e9conomiquement et tarir ses revenus p\u00e9troliers issus de ventes clandestines sur le march\u00e9 mondial. Cette situation p\u00e8se lourdement sur la monnaie nationale, le rial, en d\u00e9pr\u00e9ciation chronique face au dollar, et entra\u00eene de l\u2019hyperinflation.<\/p>\n","protected":false},"excerpt":{"rendered":"Les mots sont \u00e0 la hauteur des tensions. Le pr\u00e9sident iranien Massoud Pezeshkian a estim\u00e9, dans un entretien&hellip;\n","protected":false},"author":2,"featured_media":626603,"comment_status":"","ping_status":"","sticky":false,"template":"","format":"standard","meta":{"footnotes":""},"categories":[5],"tags":[47,11,75,73,674,1011,27,1146,14,3019,664,74,12,3020,10378,28],"class_list":{"0":"post-626602","1":"post","2":"type-post","3":"status-publish","4":"format-standard","5":"has-post-thumbnail","7":"category-international","8":"tag-actualite","9":"tag-actualites","10":"tag-donald-trump","11":"tag-etats-unis","12":"tag-europe","13":"tag-fr","14":"tag-france","15":"tag-guerre","16":"tag-international","17":"tag-iran","18":"tag-israel","19":"tag-monde","20":"tag-news","21":"tag-nucleaire-iranien","22":"tag-sanction","23":"tag-world"},"share_on_mastodon":{"url":"https:\/\/pubeurope.com\/@fr\/115795891588463910","error":""},"_links":{"self":[{"href":"https:\/\/www.europesays.com\/fr\/wp-json\/wp\/v2\/posts\/626602","targetHints":{"allow":["GET"]}}],"collection":[{"href":"https:\/\/www.europesays.com\/fr\/wp-json\/wp\/v2\/posts"}],"about":[{"href":"https:\/\/www.europesays.com\/fr\/wp-json\/wp\/v2\/types\/post"}],"author":[{"embeddable":true,"href":"https:\/\/www.europesays.com\/fr\/wp-json\/wp\/v2\/users\/2"}],"replies":[{"embeddable":true,"href":"https:\/\/www.europesays.com\/fr\/wp-json\/wp\/v2\/comments?post=626602"}],"version-history":[{"count":0,"href":"https:\/\/www.europesays.com\/fr\/wp-json\/wp\/v2\/posts\/626602\/revisions"}],"wp:featuredmedia":[{"embeddable":true,"href":"https:\/\/www.europesays.com\/fr\/wp-json\/wp\/v2\/media\/626603"}],"wp:attachment":[{"href":"https:\/\/www.europesays.com\/fr\/wp-json\/wp\/v2\/media?parent=626602"}],"wp:term":[{"taxonomy":"category","embeddable":true,"href":"https:\/\/www.europesays.com\/fr\/wp-json\/wp\/v2\/categories?post=626602"},{"taxonomy":"post_tag","embeddable":true,"href":"https:\/\/www.europesays.com\/fr\/wp-json\/wp\/v2\/tags?post=626602"}],"curies":[{"name":"wp","href":"https:\/\/api.w.org\/{rel}","templated":true}]}}