{"id":626609,"date":"2025-12-28T07:06:19","date_gmt":"2025-12-28T07:06:19","guid":{"rendered":"https:\/\/www.europesays.com\/fr\/626609\/"},"modified":"2025-12-28T07:06:19","modified_gmt":"2025-12-28T07:06:19","slug":"beaucoup-de-monde-a-la-collecte-de-sang-organisee-par-lefs-a-nancy-samedi-27-decembre","status":"publish","type":"post","link":"https:\/\/www.europesays.com\/fr\/626609\/","title":{"rendered":"\u00ab\u00a0Beaucoup de monde\u00a0\u00bb \u00e0 la collecte de sang organis\u00e9e par l&rsquo;EFS \u00e0 Nancy, samedi 27 d\u00e9cembre"},"content":{"rendered":"<p>Pour compenser les baisses de dons du sang pendant les f\u00eates, une collecte \u00e9tait organis\u00e9e samedi 27 d\u00e9cembre \u00e0 Nancy. 72 personnes ont particip\u00e9 \u00e0 l&rsquo;op\u00e9ration.<\/p>\n<p><strong>72 personnes ont particip\u00e9 \u00e0 la collecte de sang organis\u00e9e samedi 27 d\u00e9cembre \u00e0 Nancy.<\/strong> Elle avait lieu toute la matin\u00e9e, pour la premi\u00e8re fois \u00e0 Nancy thermal.\u00a0L&rsquo;op\u00e9ration permet de compenser les <strong>baisses de dons pendant les f\u00eates, alors que les besoins restent importants.<\/strong>\u00a0Les b\u00e9n\u00e9voles et m\u00e9decins du don du sang ont d\u00fb encha\u00eener les prises de sang, face aux nombreux donneurs motiv\u00e9s apr\u00e8s les f\u00eates.<\/p>\n<p>Beaucoup de volontaires<\/p>\n<p>Dans le couloir, devant la salle d&rsquo;eau dont la file s&rsquo;allonge. Il y a <strong>plus de 20 minutes d&rsquo;attente pour pouvoir donner son sang<\/strong>. D\u00e8s qu&rsquo;un fauteuil de pr\u00e9l\u00e8vement se lib\u00e8re, il est imm\u00e9diatement rempli. Les b\u00e9n\u00e9voles de l&rsquo;EFS ont d\u00fb rajouter des chaises pour \u00e9viter que tout le monde attende debout. \u00ab\u00a0Je m&rsquo;attendais \u00e0 quelque chose de tr\u00e8s calme, comme on est pas en centre-ville\u00a0\u00bb admet R\u00e9gis, un encadrant b\u00e9n\u00e9vole, <strong>\u00ab\u00a0il y a beaucoup, beaucoup de monde et tant mieux\u00a0!\u00a0\u00bb.<\/strong><\/p>\n<p>Ana\u00efs installe les donneurs, surveille leur \u00e9tat physique et r\u00e9cup\u00e8re les poches de sang. \u00ab\u00a0<strong>C&rsquo;est rythm\u00e9, donc \u00e7a motive et on est content de voir du monde le samedi matin entre No\u00ebl et Nouvel An\u00a0\u00bb<\/strong> sourit l&rsquo;infirmi\u00e8re. Elle travaille chaque ann\u00e9e \u00e0 cette p\u00e9riode. L&rsquo;affluence la surprend agr\u00e9ablement.\u00a0\u00c0 la collation apr\u00e8s, donc toutes les places sont prises. Laetitia s&rsquo;installe dans le dernier si\u00e8ge vide. \u00ab\u00a0La p\u00e9riode de No\u00ebl, \u00e7a donne quand m\u00eame un \u00e9lan de g\u00e9n\u00e9rosit\u00e9 et se met dans une pr\u00e9disposition psychologique pour donner\u00a0\u00bb\u00a0analyse la donneuse.<\/p>\n<p>Des besoins importants en cette p\u00e9riode<\/p>\n<p>Au moment des f\u00eates, les donneurs sont \u00ab\u00a0souvent moins nombreux\u00a0\u00bb constate Olivier Durat, charg\u00e9 de communication \u00e0 l&rsquo;EFS de Nancy \u00ab\u00a0mais <strong>il faut qu&rsquo;on maintienne quand m\u00eame un niveau de stock suffisant. On a besoin de un 500 par jour pour soigner les malades.\u00a0\u00bb<\/strong>\u00a0Un tiers du sang r\u00e9colt\u00e9 est utilis\u00e9 dans les h\u00f4pitaux, pour soigner les malades du cancer. L&rsquo;EFS invite les donneurs volontaires \u00e0 contacter la maison du don la plus proche de chez eux. Les dons de sang O n\u00e9gatifs ou de plasma sont particuli\u00e8rement recherch\u00e9s.<\/p>\n","protected":false},"excerpt":{"rendered":"Pour compenser les baisses de dons du sang pendant les f\u00eates, une collecte \u00e9tait organis\u00e9e samedi 27 d\u00e9cembre&hellip;\n","protected":false},"author":2,"featured_media":626610,"comment_status":"","ping_status":"","sticky":false,"template":"","format":"standard","meta":{"footnotes":""},"categories":[9635],"tags":[1111,11,1777,674,1011,27,775,1702,12,25],"class_list":{"0":"post-626609","1":"post","2":"type-post","3":"status-publish","4":"format-standard","5":"has-post-thumbnail","7":"category-nancy","8":"tag-actu","9":"tag-actualites","10":"tag-eu","11":"tag-europe","12":"tag-fr","13":"tag-france","14":"tag-grand-est","15":"tag-nancy","16":"tag-news","17":"tag-republique-francaise"},"share_on_mastodon":{"url":"https:\/\/pubeurope.com\/@fr\/115795930907603390","error":""},"_links":{"self":[{"href":"https:\/\/www.europesays.com\/fr\/wp-json\/wp\/v2\/posts\/626609","targetHints":{"allow":["GET"]}}],"collection":[{"href":"https:\/\/www.europesays.com\/fr\/wp-json\/wp\/v2\/posts"}],"about":[{"href":"https:\/\/www.europesays.com\/fr\/wp-json\/wp\/v2\/types\/post"}],"author":[{"embeddable":true,"href":"https:\/\/www.europesays.com\/fr\/wp-json\/wp\/v2\/users\/2"}],"replies":[{"embeddable":true,"href":"https:\/\/www.europesays.com\/fr\/wp-json\/wp\/v2\/comments?post=626609"}],"version-history":[{"count":0,"href":"https:\/\/www.europesays.com\/fr\/wp-json\/wp\/v2\/posts\/626609\/revisions"}],"wp:featuredmedia":[{"embeddable":true,"href":"https:\/\/www.europesays.com\/fr\/wp-json\/wp\/v2\/media\/626610"}],"wp:attachment":[{"href":"https:\/\/www.europesays.com\/fr\/wp-json\/wp\/v2\/media?parent=626609"}],"wp:term":[{"taxonomy":"category","embeddable":true,"href":"https:\/\/www.europesays.com\/fr\/wp-json\/wp\/v2\/categories?post=626609"},{"taxonomy":"post_tag","embeddable":true,"href":"https:\/\/www.europesays.com\/fr\/wp-json\/wp\/v2\/tags?post=626609"}],"curies":[{"name":"wp","href":"https:\/\/api.w.org\/{rel}","templated":true}]}}