{"id":62661,"date":"2025-04-29T20:29:13","date_gmt":"2025-04-29T20:29:13","guid":{"rendered":"https:\/\/www.europesays.com\/fr\/62661\/"},"modified":"2025-04-29T20:29:13","modified_gmt":"2025-04-29T20:29:13","slug":"plusieurs-kilometres-de-bouchon-en-cours","status":"publish","type":"post","link":"https:\/\/www.europesays.com\/fr\/62661\/","title":{"rendered":"plusieurs kilom\u00e8tres de bouchon en cours"},"content":{"rendered":"<p>            Par<br \/>\n        <strong><br \/>\n            <a href=\"https:\/\/actu.fr\/auteur\/david-saint-sernin\" title=\"Consulter tous les articles de David Saint-Sernin\" target=\"_blank\" rel=\"noopener\">David Saint-Sernin<\/a><br \/>\n        <\/strong><\/p>\n<p>        Publi\u00e9 le<\/p>\n<p>            29 avr. 2025 \u00e0 17h07        <\/p>\n<p>Mise \u00e0 jour 18h20. Fin de l\u2019accident. Les v\u00e9hicules accident\u00e9s ont \u00e9t\u00e9 enlev\u00e9s au niveau de l\u2019\u00e9changeur de Rangueil. Les difficult\u00e9s de circulation tendent \u00e0 diminuer, mais le trafic reste dense.<\/p>\n<p class=\" wall-content\">Apr\u00e8s-midi compliqu\u00e9e sur le<a href=\"https:\/\/actu.fr\/tag\/peripherique-de-toulouse\" target=\"_blank\" rel=\"noopener\"> p\u00e9riph\u00e9rique de Toulouse<\/a>, mardi 29\u00a0avril 2025. Alors que l\u2019heure de pointe d\u00e9marrait tout juste, un <strong>accident entre trois v\u00e9hicules<\/strong> s\u2019est produit au niveau de Rangueil dans le sens Bordeaux-Montpellier. C\u2019est donc le p\u00e9riph\u00e9rique ext\u00e9rieur qui est concern\u00e9.<\/p>\n<p class=\" wall-content\">L\u2019accident a eu lieu sur la voie de gauche qui est ferm\u00e9e \u00e0 la circulation.<\/p>\n<p>L\u2019ouest de Toulouse voit rouge<\/p>\n<p class=\" wall-content\">Un gros bouchon s\u2019est imm\u00e9diatement form\u00e9. Vers 16h40, il remontait d\u00e9j\u00e0 sur plus de 5 kilom\u00e8tres, jusqu\u2019\u00e0 l\u2019entr\u00e9e de l\u2019A 624, en provenance de Colomiers.<\/p>\n<p>      <img   decoding=\"async\" loading=\"lazy\" src=\"https:\/\/www.europesays.com\/fr\/wp-content\/uploads\/2025\/04\/capture-decran-2025-04-29-170438-960x640.png\" alt=\"Plusieurs kilom\u00e8tres de bouchon sont en cours mardi 29 avril 2025 \u00e0 Toulouse, suite \u00e0 un accident.\" width=\"960\" height=\"640\"\/><br \/>\n    Plusieurs kilom\u00e8tres de bouchon sont en cours mardi 29\u00a0avril 2025 \u00e0 Toulouse, suite \u00e0 un accident. (\u00a9Bison Fut\u00e9)Bouchon depuis l\u2019A 64<\/p>\n<p class=\" wall-content\">Des cons\u00e9quences de l\u2019accident sont \u00e9galement observ\u00e9es sur l\u2019A 64 o\u00f9 quasiment 3 kilom\u00e8tres de bouchon sont enregistr\u00e9s en arrivant sur Toulouse.<\/p>\n<p class=\" wall-content\">Globalement, c\u2019est l\u2019ensemble de l\u2019ouest de la Ville rose qui voit <strong>les blocages se multiplier<\/strong> au niveau de la circulation.<\/p>\n<p>Vid\u00e9os : en ce moment sur Actu<\/p>\n<p class=\" wall-content\">Suivez toute l\u2019actualit\u00e9 de vos villes et m\u00e9dias favoris en vous inscrivant \u00e0 <a href=\"https:\/\/moncompte.actu.fr\" title=\"D\u00e9couvez Mon Actu\" rel=\"nofollow noopener\" data-trk=\"{&quot;cta&quot;:{&quot;action&quot;:&quot;https:\\\/\\\/moncompte.actu.fr&quot;,&quot;category&quot;:&quot;mon compte&quot;,&quot;from&quot;:&quot;article footer&quot;,&quot;name&quot;:&quot;Mon actu&quot;,&quot;type&quot;:&quot;cta&quot;}}\" target=\"_blank\">Mon Actu<\/a>.<\/p>\n","protected":false},"excerpt":{"rendered":"Par David Saint-Sernin Publi\u00e9 le 29 avr. 2025 \u00e0 17h07 Mise \u00e0 jour 18h20. Fin de l\u2019accident. Les&hellip;\n","protected":false},"author":2,"featured_media":62662,"comment_status":"","ping_status":"","sticky":false,"template":"","format":"standard","meta":{"footnotes":""},"categories":[2816],"tags":[119,1111,11,3542,1777,674,1011,27,12,2680,4800,25,104,2312],"class_list":{"0":"post-62661","1":"post","2":"type-post","3":"status-publish","4":"format-standard","5":"has-post-thumbnail","7":"category-toulouse","8":"tag-accident","9":"tag-actu","10":"tag-actualites","11":"tag-circulation","12":"tag-eu","13":"tag-europe","14":"tag-fr","15":"tag-france","16":"tag-news","17":"tag-occitanie","18":"tag-peripherique-de-toulouse","19":"tag-republique-francaise","20":"tag-societe","21":"tag-toulouse"},"share_on_mastodon":{"url":"https:\/\/pubeurope.com\/@fr\/114423146916850597","error":""},"_links":{"self":[{"href":"https:\/\/www.europesays.com\/fr\/wp-json\/wp\/v2\/posts\/62661","targetHints":{"allow":["GET"]}}],"collection":[{"href":"https:\/\/www.europesays.com\/fr\/wp-json\/wp\/v2\/posts"}],"about":[{"href":"https:\/\/www.europesays.com\/fr\/wp-json\/wp\/v2\/types\/post"}],"author":[{"embeddable":true,"href":"https:\/\/www.europesays.com\/fr\/wp-json\/wp\/v2\/users\/2"}],"replies":[{"embeddable":true,"href":"https:\/\/www.europesays.com\/fr\/wp-json\/wp\/v2\/comments?post=62661"}],"version-history":[{"count":0,"href":"https:\/\/www.europesays.com\/fr\/wp-json\/wp\/v2\/posts\/62661\/revisions"}],"wp:featuredmedia":[{"embeddable":true,"href":"https:\/\/www.europesays.com\/fr\/wp-json\/wp\/v2\/media\/62662"}],"wp:attachment":[{"href":"https:\/\/www.europesays.com\/fr\/wp-json\/wp\/v2\/media?parent=62661"}],"wp:term":[{"taxonomy":"category","embeddable":true,"href":"https:\/\/www.europesays.com\/fr\/wp-json\/wp\/v2\/categories?post=62661"},{"taxonomy":"post_tag","embeddable":true,"href":"https:\/\/www.europesays.com\/fr\/wp-json\/wp\/v2\/tags?post=62661"}],"curies":[{"name":"wp","href":"https:\/\/api.w.org\/{rel}","templated":true}]}}