{"id":626613,"date":"2025-12-28T07:10:14","date_gmt":"2025-12-28T07:10:14","guid":{"rendered":"https:\/\/www.europesays.com\/fr\/626613\/"},"modified":"2025-12-28T07:10:14","modified_gmt":"2025-12-28T07:10:14","slug":"elle-avait-cache-une-coque-de-portable-sous-son-legging-une-voleuse-connue-aux-galeries-lafayette-interpellee-a-la-sortie-de-la-fnac-a-montpellier","status":"publish","type":"post","link":"https:\/\/www.europesays.com\/fr\/626613\/","title":{"rendered":"Elle avait cach\u00e9 une coque de portable sous son legging\u00a0: une voleuse connue aux Galeries Lafayette, interpell\u00e9e \u00e0 la sortie de la Fnac \u00e0 Montpellier"},"content":{"rendered":"<p>\n                                                                Apr\u00e8s avoir d\u00e9rob\u00e9 un sac et un gilet de marques les jours pr\u00e9c\u00e9dents, aux Galeries Lafayette, la quadrag\u00e9naire a \u00e9t\u00e9 appr\u00e9hend\u00e9e apr\u00e8s un vol \u00e0 la Fnac.\n                            <\/p>\n<p>Une femme de 47 ans, connue pour des vols r\u00e9cents aux Galeries Lafayette, au Polygone \u00e0 Montpellier, a \u00e9t\u00e9 interpell\u00e9e mercredi 24\u00a0d\u00e9cembre \u00e0 la sortie de la Fnac, o\u00f9 elle venait de commettre un nouveau larcin.<\/p>\n<p>Pinces coupantes et ciseaux<\/p>\n<p>Il est 15\u00a0h quand les agents de s\u00e9curit\u00e9 la voient sortir du magasin et d\u00e9cident de la contr\u00f4ler. Dans son sac, deux pinces coupantes et deux paires de ciseaux. La police nationale, alert\u00e9e, va d\u00e9couvrir que la quadrag\u00e9naire a dissimul\u00e9 sous son legging une coque de portable.<\/p>\n<p>Articles de luxe<\/p>\n<p>La veille, elle avait vol\u00e9 un sac en cuir de grande marque, orn\u00e9 de porte-cl\u00e9s, d\u2019une valeur de 745\u00a0\u20ac, qu\u2019elle avait cach\u00e9 sous son \u00e9charpe. Le 12\u00a0d\u00e9cembre dernier, c\u2019est un gilet de luxe \u00e9galement, affich\u00e9 275\u00a0\u20ac, qu\u2019elle avait tent\u00e9 de subtiliser.<\/p>\n<p>Les Galeries Lafayette et la Fnac ont d\u00e9pos\u00e9 plainte. L\u2019auteure des faits est convoqu\u00e9e le 17\u00a0mars prochain devant le tribunal correctionnel.<\/p>\n","protected":false},"excerpt":{"rendered":"Apr\u00e8s avoir d\u00e9rob\u00e9 un sac et un gilet de marques les jours pr\u00e9c\u00e9dents, aux Galeries Lafayette, la quadrag\u00e9naire&hellip;\n","protected":false},"author":2,"featured_media":626614,"comment_status":"","ping_status":"","sticky":false,"template":"","format":"standard","meta":{"footnotes":""},"categories":[9599],"tags":[1111,11,1777,674,118,1011,27,7089,2208,12,2680,25],"class_list":{"0":"post-626613","1":"post","2":"type-post","3":"status-publish","4":"format-standard","5":"has-post-thumbnail","7":"category-montpellier","8":"tag-actu","9":"tag-actualites","10":"tag-eu","11":"tag-europe","12":"tag-faits-divers","13":"tag-fr","14":"tag-france","15":"tag-herault","16":"tag-montpellier","17":"tag-news","18":"tag-occitanie","19":"tag-republique-francaise"},"share_on_mastodon":{"url":"https:\/\/pubeurope.com\/@fr\/115795946673521346","error":""},"_links":{"self":[{"href":"https:\/\/www.europesays.com\/fr\/wp-json\/wp\/v2\/posts\/626613","targetHints":{"allow":["GET"]}}],"collection":[{"href":"https:\/\/www.europesays.com\/fr\/wp-json\/wp\/v2\/posts"}],"about":[{"href":"https:\/\/www.europesays.com\/fr\/wp-json\/wp\/v2\/types\/post"}],"author":[{"embeddable":true,"href":"https:\/\/www.europesays.com\/fr\/wp-json\/wp\/v2\/users\/2"}],"replies":[{"embeddable":true,"href":"https:\/\/www.europesays.com\/fr\/wp-json\/wp\/v2\/comments?post=626613"}],"version-history":[{"count":0,"href":"https:\/\/www.europesays.com\/fr\/wp-json\/wp\/v2\/posts\/626613\/revisions"}],"wp:featuredmedia":[{"embeddable":true,"href":"https:\/\/www.europesays.com\/fr\/wp-json\/wp\/v2\/media\/626614"}],"wp:attachment":[{"href":"https:\/\/www.europesays.com\/fr\/wp-json\/wp\/v2\/media?parent=626613"}],"wp:term":[{"taxonomy":"category","embeddable":true,"href":"https:\/\/www.europesays.com\/fr\/wp-json\/wp\/v2\/categories?post=626613"},{"taxonomy":"post_tag","embeddable":true,"href":"https:\/\/www.europesays.com\/fr\/wp-json\/wp\/v2\/tags?post=626613"}],"curies":[{"name":"wp","href":"https:\/\/api.w.org\/{rel}","templated":true}]}}