{"id":626615,"date":"2025-12-28T07:11:19","date_gmt":"2025-12-28T07:11:19","guid":{"rendered":"https:\/\/www.europesays.com\/fr\/626615\/"},"modified":"2025-12-28T07:11:19","modified_gmt":"2025-12-28T07:11:19","slug":"pau-mhr-montpellier-defie-un-pau-de-fer-leader-du-championnat-pour-tenter-de-conserver-sa-place-dans-le-top-6","status":"publish","type":"post","link":"https:\/\/www.europesays.com\/fr\/626615\/","title":{"rendered":"Pau \u2013 MHR\u00a0: Montpellier d\u00e9fie un Pau de fer, leader du championnat pour tenter de conserver sa place dans le top 6"},"content":{"rendered":"<p>\n                                                                Ce dimanche 28\u00a0d\u00e9cembre (16\u00a0h), Le MHR se d\u00e9place sur le terrain d\u2019un leader palois invaincu \u00e0 domicile en championnat.\n                            <\/p>\n<p>C\u2019est d\u00e9sormais une tradition bien install\u00e9e, le boxing day du Top 14 qui offre une vitrine au rugby fran\u00e7ais pendant les f\u00eates de fin d\u2019ann\u00e9e. Cette ann\u00e9e, la ligue n\u2019a pas fait de cadeau au MHR, puisque les H\u00e9raultais vont d\u00e9fier le leader palois. \u00ab\u00a0Ils ne sont pas premiers par hasard. Ils n\u2019ont pas qu\u2019un jeu offensif bien huil\u00e9 comme l\u2019ann\u00e9e derni\u00e8re, avec beaucoup de force derri\u00e8re et un peu moins devant. Aujourd\u2019hui, ils marquent et d\u00e9fendent sur ballons port\u00e9s\u00a0\u00bb, analyse Joan Caudullo le manager montpelli\u00e9rain.<\/p>\n<p>Montpellier, de son c\u00f4t\u00e9, reste cette \u00e9quipe capable de fulgurances et de trous d\u2019air. Le match contre Castres en est le parfait exemple. \u00ab\u00a0C\u2019est une v\u00e9ritable \u00e9preuve face \u00e0 une \u00e9quipe qui marche sur l\u2019eau en ce moment. Le point positif contre Castres c\u2019est d\u2019avoir su r\u00e9gir, le point n\u00e9gatif c\u2019est de ne pas avoir su tuer ce match. C\u2019est encore notre probl\u00e9matique\u00a0\u00bb, poursuit Caudullo.<\/p>\n<p>\u00ab\u00a0C\u2019est le genre de match, qu\u2019on aurait perdu l\u2019ann\u00e9e derni\u00e8re, sur la derni\u00e8re action. L\u00e0, \u00e7a a tourn\u00e9 en notre faveur, on a pu r\u00e9cup\u00e9rer cette derni\u00e8re p\u00e9nalit\u00e9 sur une m\u00eal\u00e9e, \u00e7a montre que l\u2019\u00e9quipe \u00e9volue aussi et que notre force de caract\u00e8re grandit\u00a0\u00bb, positive le capitaine Lenni Nouchi.<\/p>\n<p>\u00ab\u00a0On a un beau d\u00e9fi qui nous attend\u00a0\u00bb, abonde-t-il encore. Apr\u00e8s avoir v\u00e9cu une semaine hach\u00e9e, f\u00eates de No\u00ebl oblige, les Montpelli\u00e9rains ont donc retrouv\u00e9 l\u2019entra\u00eenement vendredi, puis samedi matin, pour un dernier test avant de rejoindre le B\u00e9arn en bus.<br \/>\u00ab\u00a0On a tr\u00e8s rapidement annonc\u00e9 individuellement les joueurs qui pouvaient jouer et ceux qui ne jouaient pas, pour qu\u2019ils se sentent concern\u00e9s et qu\u2019ils fassent attention pendant les f\u00eates, explique Caudullo. Et reprendre vendredi, m\u00eame si on sait que c\u2019est toujours difficile.\u00a0\u00bb<\/p>\n<p>\u00ab\u00a0Rester dans le top 6 jusqu\u2019\u00e0 la fin de saison\u00a0\u00bb<\/p>\n<p>D\u2019autant que le MHR d\u00e9fendra une place dans le top6, son objectif affich\u00e9 en d\u00e9but de saison. \u00ab\u00a0Maintenant qu\u2019on y est, le but c\u2019est de performer pour y rester et jusqu\u2019\u00e0 la fin de saison, glisse le troisi\u00e8me ligne. Forc\u00e9ment, c\u2019est un peu diff\u00e9rent, en plus on joue dimanche, on n\u2019a pas l\u2019habitude\u2026 Il faut adapter la semaine, mais je pense que \u00e7a nous a surtout fait du bien de pouvoir couper trois jours pour profiter avec la famille. C\u2019\u00e9tait une bonne chose pour tout le monde.\u00a0\u00bb<\/p>\n<p>Apr\u00e8s avoir remport\u00e9 son premier succ\u00e8s \u00e0 l\u2019ext\u00e9rieur face \u00e0 l\u2019Usap (0-28) et fait tomber des gros \u00e0 domicile (Toulouse, La\u00a0Rochelle, Bordeaux-B\u00e8gles), Montpellier voudrait profiter de ce boxing day pour faire coup double en s\u2019imposant hors de ses bases, face au leader. \u00ab\u00a0On sait que c\u2019est une semaine particuli\u00e8re, mais cela nous a r\u00e9ussi l\u2019ann\u00e9e derni\u00e8re (le MHR s\u2019\u00e9tait impos\u00e9 \u00e0 Clermont 18-22), rappelle Caudullo. J\u2019esp\u00e8re que ce sera la m\u00eame chose dimanche et qu\u2019on pourra cr\u00e9er ce bras de fer contre Pau.\u00a0\u00bb<\/p>\n<p>Face \u00e0 un Pau de fer, Montpellier ne compte pas se laisser faire.<\/p>\n","protected":false},"excerpt":{"rendered":"Ce dimanche 28\u00a0d\u00e9cembre (16\u00a0h), Le MHR se d\u00e9place sur le terrain d\u2019un leader palois invaincu \u00e0 domicile en&hellip;\n","protected":false},"author":2,"featured_media":626616,"comment_status":"","ping_status":"","sticky":false,"template":"","format":"standard","meta":{"footnotes":""},"categories":[9599],"tags":[1111,11,1777,674,1011,27,7089,2208,12,2680,25,65087,517],"class_list":{"0":"post-626615","1":"post","2":"type-post","3":"status-publish","4":"format-standard","5":"has-post-thumbnail","7":"category-montpellier","8":"tag-actu","9":"tag-actualites","10":"tag-eu","11":"tag-europe","12":"tag-fr","13":"tag-france","14":"tag-herault","15":"tag-montpellier","16":"tag-news","17":"tag-occitanie","18":"tag-republique-francaise","19":"tag-rugby-xv","20":"tag-sport"},"share_on_mastodon":{"url":"https:\/\/pubeurope.com\/@fr\/115795950499159391","error":""},"_links":{"self":[{"href":"https:\/\/www.europesays.com\/fr\/wp-json\/wp\/v2\/posts\/626615","targetHints":{"allow":["GET"]}}],"collection":[{"href":"https:\/\/www.europesays.com\/fr\/wp-json\/wp\/v2\/posts"}],"about":[{"href":"https:\/\/www.europesays.com\/fr\/wp-json\/wp\/v2\/types\/post"}],"author":[{"embeddable":true,"href":"https:\/\/www.europesays.com\/fr\/wp-json\/wp\/v2\/users\/2"}],"replies":[{"embeddable":true,"href":"https:\/\/www.europesays.com\/fr\/wp-json\/wp\/v2\/comments?post=626615"}],"version-history":[{"count":0,"href":"https:\/\/www.europesays.com\/fr\/wp-json\/wp\/v2\/posts\/626615\/revisions"}],"wp:featuredmedia":[{"embeddable":true,"href":"https:\/\/www.europesays.com\/fr\/wp-json\/wp\/v2\/media\/626616"}],"wp:attachment":[{"href":"https:\/\/www.europesays.com\/fr\/wp-json\/wp\/v2\/media?parent=626615"}],"wp:term":[{"taxonomy":"category","embeddable":true,"href":"https:\/\/www.europesays.com\/fr\/wp-json\/wp\/v2\/categories?post=626615"},{"taxonomy":"post_tag","embeddable":true,"href":"https:\/\/www.europesays.com\/fr\/wp-json\/wp\/v2\/tags?post=626615"}],"curies":[{"name":"wp","href":"https:\/\/api.w.org\/{rel}","templated":true}]}}