{"id":626623,"date":"2025-12-28T07:16:17","date_gmt":"2025-12-28T07:16:17","guid":{"rendered":"https:\/\/www.europesays.com\/fr\/626623\/"},"modified":"2025-12-28T07:16:17","modified_gmt":"2025-12-28T07:16:17","slug":"verglas-en-bretagne-des-routes-glissantes-dans-les-cotes-darmor-et-au-nord-de-rennes","status":"publish","type":"post","link":"https:\/\/www.europesays.com\/fr\/626623\/","title":{"rendered":"Verglas en Bretagne\u00a0: des routes glissantes dans les C\u00f4tes-d\u2019Armor et au nord de Rennes"},"content":{"rendered":"<p><strong>Finist\u00e8re : conditions de circulation normales<\/strong><\/p>\n<p><strong>C\u00f4tes-d\u2019Armor : des routes glissantes sur tout le d\u00e9partement<\/strong><\/p>\n<p>[7 h] \ufeffLa circulation est d\u00e9licate sur tout le d\u00e9partement, o\u00f9 l\u2019on observe des temp\u00e9ratures n\u00e9gatives et la formation de plaques de verglas ponctuelles sur le r\u00e9seau routier qui rendent les chauss\u00e9es localement glissantes. Au lever du jour, ce ph\u00e9nom\u00e8ne pourrait s\u2019accentuer.<\/p>\n<p>\u00ab Des op\u00e9rations de salage du r\u00e9seau routier principal ont \u00e9t\u00e9 d\u00e9clench\u00e9es \u00e0 5 h, ce matin. Elles se poursuivent actuellement sur les secteurs concern\u00e9s. Les usagers sont appel\u00e9s \u00e0 la plus grande vigilance \u00bb, pr\u00e9vient le conseil d\u00e9partemental.<\/p>\n<p><strong>Morbihan : conditions de circulation normales<\/strong><\/p>\n<p>[7 h] Les conditions de conduite localement sont normales.<\/p>\n<p><strong>Ille-et-Vilaine : circulation compliqu\u00e9e au nord de Rennes<\/strong><\/p>\n<p>[7 h] Les conditions de conduite localement sont compliqu\u00e9es sur la RD62 entre Pleumeleuc et Goven et au nord de Rennes, autour de Combourg, Dol de Bretagne, Dinard et Saint-Malo.<\/p>\n","protected":false},"excerpt":{"rendered":"Finist\u00e8re : conditions de circulation normales C\u00f4tes-d\u2019Armor : des routes glissantes sur tout le d\u00e9partement [7 h] \ufeffLa&hellip;\n","protected":false},"author":2,"featured_media":626624,"comment_status":"","ping_status":"","sticky":false,"template":"","format":"standard","meta":{"footnotes":""},"categories":[2821],"tags":[1111,11,829,3542,2171,3472,765,1777,674,1011,27,4044,848,2170,2487,12,7762,584,25,4937,66452],"class_list":{"0":"post-626623","1":"post","2":"type-post","3":"status-publish","4":"format-standard","5":"has-post-thumbnail","7":"category-rennes","8":"tag-actu","9":"tag-actualites","10":"tag-bretagne","11":"tag-circulation","12":"tag-cotes-darmor","13":"tag-dinan","14":"tag-en-continu","15":"tag-eu","16":"tag-europe","17":"tag-fr","18":"tag-france","19":"tag-guingamp","20":"tag-ille-et-vilaine","21":"tag-lamballe-armor","22":"tag-meteo","23":"tag-news","24":"tag-paimpol","25":"tag-rennes","26":"tag-republique-francaise","27":"tag-saint-brieuc","28":"tag-verglas-en-bretagne"},"share_on_mastodon":{"url":"https:\/\/pubeurope.com\/@fr\/115795970220802984","error":""},"_links":{"self":[{"href":"https:\/\/www.europesays.com\/fr\/wp-json\/wp\/v2\/posts\/626623","targetHints":{"allow":["GET"]}}],"collection":[{"href":"https:\/\/www.europesays.com\/fr\/wp-json\/wp\/v2\/posts"}],"about":[{"href":"https:\/\/www.europesays.com\/fr\/wp-json\/wp\/v2\/types\/post"}],"author":[{"embeddable":true,"href":"https:\/\/www.europesays.com\/fr\/wp-json\/wp\/v2\/users\/2"}],"replies":[{"embeddable":true,"href":"https:\/\/www.europesays.com\/fr\/wp-json\/wp\/v2\/comments?post=626623"}],"version-history":[{"count":0,"href":"https:\/\/www.europesays.com\/fr\/wp-json\/wp\/v2\/posts\/626623\/revisions"}],"wp:featuredmedia":[{"embeddable":true,"href":"https:\/\/www.europesays.com\/fr\/wp-json\/wp\/v2\/media\/626624"}],"wp:attachment":[{"href":"https:\/\/www.europesays.com\/fr\/wp-json\/wp\/v2\/media?parent=626623"}],"wp:term":[{"taxonomy":"category","embeddable":true,"href":"https:\/\/www.europesays.com\/fr\/wp-json\/wp\/v2\/categories?post=626623"},{"taxonomy":"post_tag","embeddable":true,"href":"https:\/\/www.europesays.com\/fr\/wp-json\/wp\/v2\/tags?post=626623"}],"curies":[{"name":"wp","href":"https:\/\/api.w.org\/{rel}","templated":true}]}}