{"id":626627,"date":"2025-12-28T07:19:17","date_gmt":"2025-12-28T07:19:17","guid":{"rendered":"https:\/\/www.europesays.com\/fr\/626627\/"},"modified":"2025-12-28T07:19:17","modified_gmt":"2025-12-28T07:19:17","slug":"eurometropole-de-strasbourg-une-seule-commune-a-perdu-des-habitants-entre-2017-et-2023-voici-laquelle","status":"publish","type":"post","link":"https:\/\/www.europesays.com\/fr\/626627\/","title":{"rendered":"Eurom\u00e9tropole de Strasbourg. Une seule commune a perdu des habitants entre 2017 et 2023, voici laquelle"},"content":{"rendered":"<p>                    Par<br \/>\n        <strong><br \/>\n            <a href=\"https:\/\/actu.fr\/auteur\/thomas-blanc\" title=\"Consulter tous les articles de Thomas Blanc\" target=\"_blank\" rel=\"noopener\">Thomas Blanc<\/a><br \/>\n                    <\/strong><\/p>\n<p>        Publi\u00e9 le<\/p>\n<p>            28 d\u00e9c. 2025 \u00e0 7h02        <\/p>\n<p><strong>L\u2019Institut national de la statistique et des \u00e9tudes \u00e9conomiques (Insee)<\/strong> a publi\u00e9 mi d\u00e9cembre <a href=\"https:\/\/www.insee.fr\/fr\/statistiques\/8681011\" target=\"_blank\" rel=\"noopener\">les chiffres du recensement<\/a> de la <strong>population fran\u00e7aise<\/strong>. Voici ce qu\u2019il en ressort pour les<strong> 33\u00a0communes<\/strong> de l\u2019<a href=\"https:\/\/actu.fr\/tag\/eurometropole-de-strasbourg\" target=\"_blank\" rel=\"noopener\">Eurom\u00e9tropole de Strasbourg<\/a>, <strong>une seule a perdu des habitants<\/strong> entre le 1er\u00a0janvier 2017 et le 1er\u00a0janvier 2023.<\/p>\n<p>Combien d\u2019habitants ont gagn\u00e9 les communes de l\u2019Eurom\u00e9tropole de Strasbourg<\/p>\n<p class=\" wall-content\">La population totale de l\u2019Eurom\u00e9tropole de Strasbourg<strong> atteint 522\u2009596 habitants\u00a0<\/strong>au 1er janvier 2023, 28\u2009507 de plus qu\u2019en 2017. Voici les communes qui la composent, <strong>class\u00e9es du plus gros au plus petit gain d\u2019habitants<\/strong> en pourcentage entre\u00a02017 et\u00a02023\u2009:<\/p>\n<ul class=\" wall-content\">\n<li><strong>Achenheim\u2009<\/strong>: 24,2\u2009% d\u2019augmentation, +\u00a0514\u00a0habitants,<\/li>\n<li><strong>Hangenbieten<\/strong>\u2009: 17,2\u2009% d\u2019augmentation, +\u00a0268\u00a0habitants,<\/li>\n<li><strong>Lingolsheim<\/strong>\u2009: 13,6\u2009% d\u2019augmentation, +\u00a02\u2009502\u00a0habitants,<\/li>\n<li><strong>Oberschaeffolsheim<\/strong>\u2009: 12,9\u2009% d\u2019augmentation, +\u00a0296\u00a0habitants,<\/li>\n<li><strong>Mundolsheim<\/strong>\u2009: 12,5\u2009% d\u2019augmentation, +\u00a0591\u00a0habitants,<\/li>\n<li><strong>Blaesheim<\/strong>\u2009: 11\u2009% d\u2019augmentation, +\u00a0145\u00a0habitants,<\/li>\n<li><strong>Eschau<\/strong>\u2009: 10,8\u2009% d\u2019augmentation, +\u00a0575\u00a0habitants<\/li>\n<li><strong>Ostwald<\/strong>\u2009: 10,6\u2009% d\u2019augmentation, +\u00a01\u2009342\u00a0habitants,<\/li>\n<li><strong>Mittelhausbergen<\/strong>\u2009: 10,2\u2009% d\u2019augmentation, +\u00a0204\u00a0habitants,<\/li>\n<li><strong>Bischheim\u2009<\/strong>: 8,8\u2009% d\u2019augmentation, +\u00a01\u2009465\u00a0habitants,<\/li>\n<li><strong>Oberhausbergen<\/strong>\u2009: 8,8\u2009% d\u2019augmentation, +\u00a0476\u00a0habitants,<\/li>\n<li><strong>Schiltigheim<\/strong>\u2009: 8,8\u2009% d\u2019augmentation, +\u00a02\u2009814\u00a0habitants,<\/li>\n<li><strong>Vendenheim<\/strong>\u2009: 8,3\u2009% d\u2019augmentation, +\u00a0473\u00a0habitants,<\/li>\n<li><strong>Niederhausbergen<\/strong>\u2009: 8,2\u2009% d\u2019augmentation, +\u00a0131\u00a0habitants,<\/li>\n<li><strong>Kolbsheim<\/strong>\u2009: 7,8\u2009% d\u2019augmentation, +\u00a074\u00a0habitants,<\/li>\n<li><strong>Breuschwickersheim\u2009<\/strong>: 7,2\u2009% d\u2019augmentation, +\u00a091\u00a0habitants,<\/li>\n<li><strong>Reichstett<\/strong>\u2009: 7,1\u2009% d\u2019augmentation, +\u00a0314\u00a0habitants,<\/li>\n<li><strong>Eckwersheim<\/strong>\u2009: 6,8\u2009% d\u2019augmentation, +\u00a091\u00a0habitants,<\/li>\n<li><strong>Entzheim<\/strong>\u2009: 6,4\u2009% d\u2019augmentation, +\u00a0154\u00a0habitants,<\/li>\n<li><strong>Lampertheim<\/strong>\u2009: 5,6\u2009% d\u2019augmentation, +\u00a0185\u00a0habitants,<\/li>\n<li><strong>Holtzheim<\/strong>\u2009: 5,3\u2009% d\u2019augmentation, +\u00a0194\u00a0habitants,<\/li>\n<li><strong>Geispolsheim<\/strong>\u2009: 5\u2009% d\u2019augmentation, +\u00a0373\u00a0habitants<\/li>\n<li><strong>H\u0153nheim<\/strong>\u2009: 4,7\u2009% d\u2019augmentation, +\u00a0527\u00a0habitants,<\/li>\n<li><strong>Strasbourg<\/strong>\u2009: 4,6\u2009% d\u2019augmentation, +\u00a012\u2009805\u00a0habitants,<\/li>\n<li><strong>Eckbolsheim\u2009<\/strong>: 4,3\u2009% d\u2019augmentation, +\u00a0300\u00a0habitants,<\/li>\n<li><strong>Illkirch-Graffenstaden<\/strong>\u2009: 4\u2009% d\u2019augmentation, +\u00a01\u2009092\u00a0habitants,<\/li>\n<li><strong>Souffelweyersheim<\/strong>\u2009: 3\u2009% d\u2019augmentation, +\u00a0238\u00a0habitants,<\/li>\n<li><strong>Lipsheim<\/strong>\u2009: 3,9\u2009% d\u2019augmentation, +\u00a0102\u00a0habitants,<\/li>\n<li><strong>Wolfisheim<\/strong>\u2009: 1,4\u2009% d\u2019augmentation, +\u00a060\u00a0habitants,<\/li>\n<li><strong>Plobsheim<\/strong>\u2009: 1,1\u2009% d\u2019augmentation, +\u00a049\u00a0habitants,<\/li>\n<li><strong>Fegersheim\u2009<\/strong>: 0,7\u2009% d\u2019augmentation, +\u00a043\u00a0habitants<\/li>\n<li><strong>La Wantzenau\u2009<\/strong>: 0,4\u2009% d\u2019augmentation, +\u00a023\u00a0habitants,<\/li>\n<\/ul>\n<p>Une commune a baiss\u00e9 sa population<\/p>\n<p class=\" wall-content\">Une seule commune a perdu des habitants.<\/p>\n<p class=\" wall-content\">Il s\u2019agit d\u2019<strong>Osthoffen<\/strong> avec 1,2\u2009% de baisse et -10\u00a0habitants sur la p\u00e9riode.<\/p>\n<p class=\" wall-content\">Personnalisez votre actualit\u00e9 en ajoutant vos villes et m\u00e9dias en favori avec <a href=\"https:\/\/moncompte.actu.fr\" title=\"D\u00e9couvez Mon Actu\" rel=\"nofollow noopener\" data-trk=\"{&quot;cta&quot;:{&quot;action&quot;:&quot;https:\\\/\\\/moncompte.actu.fr&quot;,&quot;category&quot;:&quot;mon compte&quot;,&quot;from&quot;:&quot;article footer&quot;,&quot;name&quot;:&quot;Mon actu&quot;,&quot;type&quot;:&quot;cta&quot;}}\" target=\"_blank\">Mon Actu<\/a>.<\/p>\n","protected":false},"excerpt":{"rendered":"Par Thomas Blanc Publi\u00e9 le 28 d\u00e9c. 2025 \u00e0 7h02 L\u2019Institut national de la statistique et des \u00e9tudes&hellip;\n","protected":false},"author":2,"featured_media":626628,"comment_status":"","ping_status":"","sticky":false,"template":"","format":"standard","meta":{"footnotes":""},"categories":[2820],"tags":[1111,11,6969,1777,5342,674,1011,27,775,12,25,104,640],"class_list":{"0":"post-626627","1":"post","2":"type-post","3":"status-publish","4":"format-standard","5":"has-post-thumbnail","7":"category-strasbourg","8":"tag-actu","9":"tag-actualites","10":"tag-demographie","11":"tag-eu","12":"tag-eurometropole-de-strasbourg","13":"tag-europe","14":"tag-fr","15":"tag-france","16":"tag-grand-est","17":"tag-news","18":"tag-republique-francaise","19":"tag-societe","20":"tag-strasbourg"},"share_on_mastodon":{"url":"https:\/\/pubeurope.com\/@fr\/115795981967562745","error":""},"_links":{"self":[{"href":"https:\/\/www.europesays.com\/fr\/wp-json\/wp\/v2\/posts\/626627","targetHints":{"allow":["GET"]}}],"collection":[{"href":"https:\/\/www.europesays.com\/fr\/wp-json\/wp\/v2\/posts"}],"about":[{"href":"https:\/\/www.europesays.com\/fr\/wp-json\/wp\/v2\/types\/post"}],"author":[{"embeddable":true,"href":"https:\/\/www.europesays.com\/fr\/wp-json\/wp\/v2\/users\/2"}],"replies":[{"embeddable":true,"href":"https:\/\/www.europesays.com\/fr\/wp-json\/wp\/v2\/comments?post=626627"}],"version-history":[{"count":0,"href":"https:\/\/www.europesays.com\/fr\/wp-json\/wp\/v2\/posts\/626627\/revisions"}],"wp:featuredmedia":[{"embeddable":true,"href":"https:\/\/www.europesays.com\/fr\/wp-json\/wp\/v2\/media\/626628"}],"wp:attachment":[{"href":"https:\/\/www.europesays.com\/fr\/wp-json\/wp\/v2\/media?parent=626627"}],"wp:term":[{"taxonomy":"category","embeddable":true,"href":"https:\/\/www.europesays.com\/fr\/wp-json\/wp\/v2\/categories?post=626627"},{"taxonomy":"post_tag","embeddable":true,"href":"https:\/\/www.europesays.com\/fr\/wp-json\/wp\/v2\/tags?post=626627"}],"curies":[{"name":"wp","href":"https:\/\/api.w.org\/{rel}","templated":true}]}}