{"id":626629,"date":"2025-12-28T07:21:23","date_gmt":"2025-12-28T07:21:23","guid":{"rendered":"https:\/\/www.europesays.com\/fr\/626629\/"},"modified":"2025-12-28T07:21:23","modified_gmt":"2025-12-28T07:21:23","slug":"on-ferme-le-marche-de-noel-le-24-ou-pas","status":"publish","type":"post","link":"https:\/\/www.europesays.com\/fr\/626629\/","title":{"rendered":"on ferme le march\u00e9 de No\u00ebl le 24, ou pas \u00a0?"},"content":{"rendered":"<p>Impossible de passer \u00e0 c\u00f4t\u00e9 du petit vent de pol\u00e9mique qui soufflait cette ann\u00e9e dans les rangs de certains forains du march\u00e9 de No\u00ebl de Strasbourg. La fin de l&rsquo;\u00e9v\u00e9nement cal\u00e9e au 24 d\u00e9cembre n&rsquo;a de loin pas fait l&rsquo;unanimit\u00e9, et lanc\u00e9 une discussion avec la municipalit\u00e9 qui devrait assur\u00e9ment rebondir d\u00e8s le lancement des pr\u00e9paratifs de l&rsquo;\u00e9dition 2026. En attendant, la grogne des professionnels n&rsquo;a pas \u00e9chapp\u00e9 \u00e0 notre illustrateur Yannick Lefran\u00e7ois, qui s&rsquo;amuse comme il se doit \u00e0 souffler sur les braises de la controverse&#8230;<\/p>\n","protected":false},"excerpt":{"rendered":"Impossible de passer \u00e0 c\u00f4t\u00e9 du petit vent de pol\u00e9mique qui soufflait cette ann\u00e9e dans les rangs de&hellip;\n","protected":false},"author":2,"featured_media":626630,"comment_status":"","ping_status":"","sticky":false,"template":"","format":"standard","meta":{"footnotes":""},"categories":[2820],"tags":[1111,11,1687,2880,1777,674,107,1011,27,775,12,15830,25,273,104,640,2879,602],"class_list":{"0":"post-626629","1":"post","2":"type-post","3":"status-publish","4":"format-standard","5":"has-post-thumbnail","7":"category-strasbourg","8":"tag-actu","9":"tag-actualites","10":"tag-culture-loisirs","11":"tag-edition-strasbourg","12":"tag-eu","13":"tag-europe","14":"tag-fil-info","15":"tag-fr","16":"tag-france","17":"tag-grand-est","18":"tag-news","19":"tag-noel","20":"tag-republique-francaise","21":"tag-selection-de-la-redaction","22":"tag-societe","23":"tag-strasbourg","24":"tag-strasbourg-ville","25":"tag-tourisme"},"share_on_mastodon":{"url":"https:\/\/pubeurope.com\/@fr\/115795989835876608","error":""},"_links":{"self":[{"href":"https:\/\/www.europesays.com\/fr\/wp-json\/wp\/v2\/posts\/626629","targetHints":{"allow":["GET"]}}],"collection":[{"href":"https:\/\/www.europesays.com\/fr\/wp-json\/wp\/v2\/posts"}],"about":[{"href":"https:\/\/www.europesays.com\/fr\/wp-json\/wp\/v2\/types\/post"}],"author":[{"embeddable":true,"href":"https:\/\/www.europesays.com\/fr\/wp-json\/wp\/v2\/users\/2"}],"replies":[{"embeddable":true,"href":"https:\/\/www.europesays.com\/fr\/wp-json\/wp\/v2\/comments?post=626629"}],"version-history":[{"count":0,"href":"https:\/\/www.europesays.com\/fr\/wp-json\/wp\/v2\/posts\/626629\/revisions"}],"wp:featuredmedia":[{"embeddable":true,"href":"https:\/\/www.europesays.com\/fr\/wp-json\/wp\/v2\/media\/626630"}],"wp:attachment":[{"href":"https:\/\/www.europesays.com\/fr\/wp-json\/wp\/v2\/media?parent=626629"}],"wp:term":[{"taxonomy":"category","embeddable":true,"href":"https:\/\/www.europesays.com\/fr\/wp-json\/wp\/v2\/categories?post=626629"},{"taxonomy":"post_tag","embeddable":true,"href":"https:\/\/www.europesays.com\/fr\/wp-json\/wp\/v2\/tags?post=626629"}],"curies":[{"name":"wp","href":"https:\/\/api.w.org\/{rel}","templated":true}]}}