{"id":626647,"date":"2025-12-28T07:36:17","date_gmt":"2025-12-28T07:36:17","guid":{"rendered":"https:\/\/www.europesays.com\/fr\/626647\/"},"modified":"2025-12-28T07:36:17","modified_gmt":"2025-12-28T07:36:17","slug":"lille-apres-le-titanic-plongez-bientot-au-coeur-dune-arene-antique-avec-lexperience-immersive-colisee","status":"publish","type":"post","link":"https:\/\/www.europesays.com\/fr\/626647\/","title":{"rendered":"Lille. Apr\u00e8s le Titanic, plongez bient\u00f4t au c\u0153ur d&rsquo;une ar\u00e8ne antique, avec l\u2019exp\u00e9rience immersive \u00ab Colis\u00e9e \u00bb"},"content":{"rendered":"<p>                    Par<br \/>\n        <strong><br \/>\n            <a href=\"https:\/\/actu.fr\/auteur\/amandine-vachez\" title=\"Consulter tous les articles de Amandine Vachez\" target=\"_blank\" rel=\"noopener\">Amandine Vachez<\/a><br \/>\n                    <\/strong><\/p>\n<p>        Publi\u00e9 le<\/p>\n<p>            28 d\u00e9c. 2025 \u00e0 7h54        <\/p>\n<p>Les <b>reconstitutions historiques<\/b> \u00e0 vivre d\u2019une mani\u00e8re in\u00e9dite gr\u00e2ce \u00e0 la<b> r\u00e9alit\u00e9 virtuelle<\/b> ont la cote, en ce moment. Alors que <a href=\"https:\/\/actu.fr\/hauts-de-france\/lille_59350\/a-lille-une-experience-immersive-en-realite-virtuelle-fait-revivre-lepopee-de-napoleon_63593579.html\" target=\"_blank\" rel=\"noopener\">\u00ab\u2009L\u2019\u00e9pop\u00e9e immersive de Napol\u00e9on\u2009\u00bb de Sandora<\/a> est tout juste install\u00e9e au Follow park, Eclipso annonce sa <b>prochaine proposition <\/b>pour <a href=\"https:\/\/actu.fr\/hauts-de-france\/lille_59350\" target=\"_blank\" rel=\"noopener\">Lille<\/a><b> <\/b>(Nord), r\u00e9alis\u00e9e avec la soci\u00e9t\u00e9 de production Small Creative. Apr\u00e8s <a href=\"https:\/\/actu.fr\/hauts-de-france\/lille_59350\/a-lille-explorez-le-titanic-dans-une-experience-de-realite-virtuelle-inedite_63201188.html\" target=\"_blank\" rel=\"noopener\">\u00ab\u2009Le r\u00eave englouti\u2009\u00bb, vous emmenant dans le Titanic<\/a> et qui rencontre un franc succ\u00e8s, l\u2019exp\u00e9rience immersive \u00ab<b>\u2009Colis\u00e9e, l\u2019Ar\u00e8ne de L\u00e9gende\u2009\u00bb<\/b> permettra aux participants de <b>remonter au d\u00e9but du II\u1d49 si\u00e8cle pour vivre la Rome antique de l\u2019int\u00e9rieur<\/b>\u2026<\/p>\n<p>D\u00e9ambuler dans les rues anim\u00e9es de la cit\u00e9 \u00e9ternelle<\/p>\n<p class=\" wall-content\"><b>Casque de VR sur la t\u00eate<\/b>, les participants \u00e0 cette exp\u00e9rience singuli\u00e8re se retrouveront \u00e0 \u00ab\u2009d\u00e9ambuler dans les rues anim\u00e9es de la cit\u00e9 \u00e9ternelle, traversant ses march\u00e9s, rencontrant ses habitants\u2026 avant d\u2019<b>entrer dans le mythique Colis\u00e9e, au milieu de la foule et de l\u2019ar\u00e8ne<\/b>\u2009\u00bb, d\u00e9crivent les cr\u00e9ateurs de cette exp\u00e9rience.<\/p>\n<p class=\" wall-content\">On y suit Caius et on croise le destin de Flamma, l\u2019un des plus grands noms des jeux du Colis\u00e9e. En effet\u2009: il a combattu 34\u00a0fois, remport\u00e9 21 victoires, obtenu 9 combats nuls et a \u00e9t\u00e9 graci\u00e9 \u00e0 quatre reprises par l\u2019empereur. Malgr\u00e9 ces propositions de libert\u00e9, il les a toutes refus\u00e9es, devenant une v\u00e9ritable l\u00e9gende populaire\u2026<\/p>\n<p>Une Rome antique \u00ab\u2009cr\u00e9dible, vivante et bouleversante d\u2019authenticit\u00e9\u2009\u00bb<\/p>\n<p class=\" wall-content\">\u00ab\u2009Ce projet a n\u00e9cessit\u00e9 <b>plus de deux ans de travail passionn\u00e9, de recherches approfondies<\/b> et de collaboration \u00e9troite avec des experts historiques\u2009\u00bb, pr\u00e9cise <b>Vincent Guttman<\/b>, Producteur et Directeur du studio Small Creative. \u00ab\u2009C\u2019est une v\u00e9ritable prouesse technique et narrative, et nous sommes fiers d\u2019avoir recr\u00e9\u00e9 une Rome antique cr\u00e9dible, vivante, et bouleversante d\u2019authenticit\u00e9.\u2009\u00bb<\/p>\n<p class=\" wall-content\">Eclipso a \u00e0 c\u0153ur de proposer \u00ab\u2009une aventure immersive et \u00e9motionnelle en free roaming, o\u00f9 l\u2019on ressent la tension des combats, la ferveur du public et la grandeur de l\u2019Empire romain.\u2009\u00bb<\/p>\n<p class=\" wall-content\">Elle est accessible <b>d\u00e8s 8\u00a0ans<\/b> et <b>dure environ 40\u00a0minutes<\/b>,<b> <\/b>s\u2019adressant aussi bien aux familles qu\u2019aux amateurs d\u2019histoire ou aux curieux en qu\u00eate d\u2019une sortie originale.<\/p>\n<p>\u00ab\u2009Vivre l\u2019Histoire de l\u2019int\u00e9rieur\u2009\u00bb<\/p>\n<p class=\" wall-content\">\u00ab\u2009Avec Colis\u00e9e, l\u2019Ar\u00e8ne de L\u00e9gende, nous franchissons une nouvelle \u00e9tape dans la mani\u00e8re de transmettre la culture. Gr\u00e2ce \u00e0 la r\u00e9alit\u00e9 virtuelle, nous permettons au public de <b>vivre l\u2019Histoire de l\u2019int\u00e9rieur<\/b>, de <b>ressentir l\u2019\u00e9motion d\u2019un combat dans l\u2019ar\u00e8ne<\/b> ou l\u2019effervescence des rues de la Rome antique. C\u2019est toute la puissance immersive de la VR mise au service du savoir\u2009\u00bb, consid\u00e8re<b> <\/b>Antoine Lieutaud, P-DG d\u2019Eclipso.<\/p>\n<p>Votre r\u00e9gion, votre actu !<\/p>\n<p>Recevez chaque jour les infos qui comptent pour vous.<\/p>\n<p>\t<a href=\"https:\/\/actu.fr\/newsletter\" class=\"ac-btn ac-btn--corner ac-btn--medium ac-btn--blue800\" target=\"_blank\" rel=\"noopener\">S&rsquo;incrire<\/a><\/p>\n<p class=\" wall-content\">Tout cela en t\u00eate, il n\u2019y a plus qu\u2019\u00e0 tester. Vivement\u2009!<\/p>\n<p class=\" wall-content\">Personnalisez votre actualit\u00e9 en ajoutant vos villes et m\u00e9dias en favori avec <a href=\"https:\/\/moncompte.actu.fr\" title=\"D\u00e9couvez Mon Actu\" rel=\"nofollow noopener\" data-trk=\"{&quot;cta&quot;:{&quot;action&quot;:&quot;https:\\\/\\\/moncompte.actu.fr&quot;,&quot;category&quot;:&quot;mon compte&quot;,&quot;from&quot;:&quot;article footer&quot;,&quot;name&quot;:&quot;Mon actu&quot;,&quot;type&quot;:&quot;cta&quot;}}\" target=\"_blank\">Mon Actu<\/a>.<\/p>\n","protected":false},"excerpt":{"rendered":"Par Amandine Vachez Publi\u00e9 le 28 d\u00e9c. 2025 \u00e0 7h54 Les reconstitutions historiques \u00e0 vivre d\u2019une mani\u00e8re in\u00e9dite&hellip;\n","protected":false},"author":2,"featured_media":626648,"comment_status":"","ping_status":"","sticky":false,"template":"","format":"standard","meta":{"footnotes":""},"categories":[2815],"tags":[1111,11,1777,674,1011,27,811,937,1307,1652,12,25],"class_list":{"0":"post-626647","1":"post","2":"type-post","3":"status-publish","4":"format-standard","5":"has-post-thumbnail","7":"category-lille","8":"tag-actu","9":"tag-actualites","10":"tag-eu","11":"tag-europe","12":"tag-fr","13":"tag-france","14":"tag-hauts-de-france","15":"tag-histoire","16":"tag-lille","17":"tag-loisirs-culture","18":"tag-news","19":"tag-republique-francaise"},"share_on_mastodon":{"url":"https:\/\/pubeurope.com\/@fr\/115796048786130355","error":""},"_links":{"self":[{"href":"https:\/\/www.europesays.com\/fr\/wp-json\/wp\/v2\/posts\/626647","targetHints":{"allow":["GET"]}}],"collection":[{"href":"https:\/\/www.europesays.com\/fr\/wp-json\/wp\/v2\/posts"}],"about":[{"href":"https:\/\/www.europesays.com\/fr\/wp-json\/wp\/v2\/types\/post"}],"author":[{"embeddable":true,"href":"https:\/\/www.europesays.com\/fr\/wp-json\/wp\/v2\/users\/2"}],"replies":[{"embeddable":true,"href":"https:\/\/www.europesays.com\/fr\/wp-json\/wp\/v2\/comments?post=626647"}],"version-history":[{"count":0,"href":"https:\/\/www.europesays.com\/fr\/wp-json\/wp\/v2\/posts\/626647\/revisions"}],"wp:featuredmedia":[{"embeddable":true,"href":"https:\/\/www.europesays.com\/fr\/wp-json\/wp\/v2\/media\/626648"}],"wp:attachment":[{"href":"https:\/\/www.europesays.com\/fr\/wp-json\/wp\/v2\/media?parent=626647"}],"wp:term":[{"taxonomy":"category","embeddable":true,"href":"https:\/\/www.europesays.com\/fr\/wp-json\/wp\/v2\/categories?post=626647"},{"taxonomy":"post_tag","embeddable":true,"href":"https:\/\/www.europesays.com\/fr\/wp-json\/wp\/v2\/tags?post=626647"}],"curies":[{"name":"wp","href":"https:\/\/api.w.org\/{rel}","templated":true}]}}