{"id":626649,"date":"2025-12-28T07:38:19","date_gmt":"2025-12-28T07:38:19","guid":{"rendered":"https:\/\/www.europesays.com\/fr\/626649\/"},"modified":"2025-12-28T07:38:19","modified_gmt":"2025-12-28T07:38:19","slug":"marseille-en-grand-le-social-grand-oublie-du-plan","status":"publish","type":"post","link":"https:\/\/www.europesays.com\/fr\/626649\/","title":{"rendered":"\u00ab\u00a0Marseille en Grand\u00a0\u00bb : le social, grand oubli\u00e9 du plan"},"content":{"rendered":"<p>Alors que <a href=\"https:\/\/www.laprovence.com\/article\/politique\/5278720075616314\/plan-marseille-en-grand-ecole-transports-logement-lelysee-lance-un-site-qui-recense-les-avancees\" target=\"_blank\" rel=\"noopener\">\u00ab\u00a0Marseille en Grand\u00a0\u00bb se d\u00e9ploie<\/a> depuis plus de 4\u00a0ans avec des moyens financiers in\u00e9dits, un constat s&rsquo;impose\u00a0: aucune ambition en termes d&rsquo;am\u00e9nagement urbain ne suffira si elle n&rsquo;est pas adoss\u00e9e \u00e0 une strat\u00e9gie de coh\u00e9sion sociale assum\u00e9e. L&rsquo;investissement dans les \u00e9coles, les transports, la s\u00e9curit\u00e9 ou le logement est indispensable. Mais il n&rsquo;a de sens qu&rsquo;en am\u00e9liorant significativement la vie des Marseillaises et Marseillais qui cumulent les vuln\u00e9rabilit\u00e9s sociales, \u00e9conomiques et territoriales.<\/p>\n<p>L&rsquo;humain doit \u00eatre pleinement r\u00e9int\u00e9gr\u00e9 au c\u0153ur des priorit\u00e9s du plan \u00ab\u00a0Marseille en Grand\u00a0\u00bb.<\/p>\n<p>\u00c0 Marseille, pr\u00e8s d&rsquo;<a href=\"https:\/\/www.laprovence.com\/article\/region\/1392368552023315\/des-aygalades-a-la-castellane-dans-les-quartiers-prioritaires-a-marseille-plus-d1-habitant-sur-2-est-pauvre\" target=\"_blank\" rel=\"noopener\">un habitant sur trois vit dans un quartier prioritaire<\/a> de la politique de la ville, o\u00f9 ils sont surexpos\u00e9s \u00e0 la pauvret\u00e9, au ch\u00f4mage, au d\u00e9crochage scolaire, \u00e0 l&rsquo;habitat d\u00e9grad\u00e9 ou indigne, au manque de services publics&#8230; Bref, \u00e0 toutes les dimensions de la rel\u00e9gation sociale.<\/p>\n<p>Ces r\u00e9alit\u00e9s ne se corrigent pas par des chantiers juxtapos\u00e9s. Elles exigent une action globale, coordonn\u00e9e et lisible, capable de r\u00e9duire durablement les fractures sociales et territoriales. Dans ce contexte, les acteurs de la solidarit\u00e9 de proximit\u00e9 jouent un r\u00f4le d\u00e9terminant. Marseille compte &#8230;<\/p>\n","protected":false},"excerpt":{"rendered":"Alors que \u00ab\u00a0Marseille en Grand\u00a0\u00bb se d\u00e9ploie depuis plus de 4\u00a0ans avec des moyens financiers in\u00e9dits, un constat&hellip;\n","protected":false},"author":2,"featured_media":626650,"comment_status":"","ping_status":"","sticky":false,"template":"","format":"standard","meta":{"footnotes":""},"categories":[2814],"tags":[17,1111,11,1777,674,1011,27,2515,12347,884,12,34593,5355,882,25,801,5030],"class_list":{"0":"post-626649","1":"post","2":"type-post","3":"status-publish","4":"format-standard","5":"has-post-thumbnail","7":"category-marseille","8":"tag-17","9":"tag-actu","10":"tag-actualites","11":"tag-eu","12":"tag-europe","13":"tag-fr","14":"tag-france","15":"tag-grand","16":"tag-idees-et-opinions","17":"tag-marseille","18":"tag-news","19":"tag-oublie","20":"tag-plan","21":"tag-provence-alpes-cote-dazur","22":"tag-republique-francaise","23":"tag-social","24":"tag-tribune"},"share_on_mastodon":{"url":"https:\/\/pubeurope.com\/@fr\/115796056640518180","error":""},"_links":{"self":[{"href":"https:\/\/www.europesays.com\/fr\/wp-json\/wp\/v2\/posts\/626649","targetHints":{"allow":["GET"]}}],"collection":[{"href":"https:\/\/www.europesays.com\/fr\/wp-json\/wp\/v2\/posts"}],"about":[{"href":"https:\/\/www.europesays.com\/fr\/wp-json\/wp\/v2\/types\/post"}],"author":[{"embeddable":true,"href":"https:\/\/www.europesays.com\/fr\/wp-json\/wp\/v2\/users\/2"}],"replies":[{"embeddable":true,"href":"https:\/\/www.europesays.com\/fr\/wp-json\/wp\/v2\/comments?post=626649"}],"version-history":[{"count":0,"href":"https:\/\/www.europesays.com\/fr\/wp-json\/wp\/v2\/posts\/626649\/revisions"}],"wp:featuredmedia":[{"embeddable":true,"href":"https:\/\/www.europesays.com\/fr\/wp-json\/wp\/v2\/media\/626650"}],"wp:attachment":[{"href":"https:\/\/www.europesays.com\/fr\/wp-json\/wp\/v2\/media?parent=626649"}],"wp:term":[{"taxonomy":"category","embeddable":true,"href":"https:\/\/www.europesays.com\/fr\/wp-json\/wp\/v2\/categories?post=626649"},{"taxonomy":"post_tag","embeddable":true,"href":"https:\/\/www.europesays.com\/fr\/wp-json\/wp\/v2\/tags?post=626649"}],"curies":[{"name":"wp","href":"https:\/\/api.w.org\/{rel}","templated":true}]}}