{"id":626651,"date":"2025-12-28T07:40:26","date_gmt":"2025-12-28T07:40:26","guid":{"rendered":"https:\/\/www.europesays.com\/fr\/626651\/"},"modified":"2025-12-28T07:40:26","modified_gmt":"2025-12-28T07:40:26","slug":"retour-sur-2025-apres-le-trafic-de-drogue-les-habitants-de-bel-ombre-luttent-contre-la-mise-en-peril-de-leur-residence","status":"publish","type":"post","link":"https:\/\/www.europesays.com\/fr\/626651\/","title":{"rendered":"Retour sur 2025- Apr\u00e8s le trafic de drogue, les habitants de Bel Ombre luttent contre la mise en p\u00e9ril de leur r\u00e9sidence"},"content":{"rendered":"<p>Cet \u00e9t\u00e9 2025, ICI Provence avait suivi les habitants de la r\u00e9sidence Bel Ombre \u00e0 Marseille (11e arrondissement) lors de l&rsquo;une de leurs rondes pour faire fuir les dealers qui tentaient de s&rsquo;installer. Mi-d\u00e9cembre, la situation de la r\u00e9sidence s&rsquo;est d\u00e9grad\u00e9e, elle est sous menace d&rsquo;une mise en p\u00e9ril.<\/p>\n<p>\u00ab\u00a0Bel Ombre abandonn\u00e9, habitants d\u00e9termin\u00e9s\u00a0\u00bb ou encore \u00ab\u00a0<strong>Non \u00e0 la mise en p\u00e9ril<\/strong>\u00ab\u00a0. Des messages griffonn\u00e9s au marqueur noir que l&rsquo;on peut lire sur des pancartes de ces Marseillais, qui manifestent devant l&rsquo;h\u00f4tel de ville ce 18 d\u00e9cembre 2025.<\/p>\n<p><strong>Les habitants<\/strong>\u00a0avaient pourtant r\u00e9ussi \u00e0 se <strong>d<\/strong>\u00e9barrasser des\u00a0<a class=\"IciLink ici-link IciArticleLink g-ici-body-regular-1 underline brand svelte-1chfe2s\" href=\"https:\/\/www.francebleu.fr\/infos\/societe\/les-reglements-de-compte-on-n-en-veut-pas-ici-a-marseille-des-habitants-veulent-empecher-des-dealers-de-s-installer-3881457\" target=\"_blank\" rel=\"noopener\"><strong>dealers qui ont tent\u00e9 de s&rsquo;installer chez eux l&rsquo;\u00e9t\u00e9 pass\u00e9<\/strong><\/a>, en \u00ab\u00a0occupant le terrain\u00a0\u00bb et gr\u00e2ce au \u00ab\u00a0soutien des autorit\u00e9s\u00a0\u00bb : la pr\u00e9f\u00e8te de police des Bouches-du-Rh\u00f4ne a fait deux rencontres avec ces r\u00e9sidents pour am\u00e9liorer la s\u00e9curit\u00e9. Mais le portail qui facilitait leur installation n&rsquo;est toujours pas r\u00e9par\u00e9.<\/p>\n<p>Mi-d\u00e9cembre, ICI Provence retrouve des <strong>habitants tr\u00e8s remont\u00e9s<\/strong> devant l&rsquo;h\u00f4tel de ville de Marseille (m\u00eame si la municipalit\u00e9 n&rsquo;est pourtant pas comp\u00e9tente dans la gestion de la copropri\u00e9t\u00e9). La r\u00e9sidence s&rsquo;est tellement d\u00e9grad\u00e9e qu&rsquo;elle a <strong>failli \u00eatre mise en p\u00e9ril<\/strong>.<\/p>\n<p>\u00ab\u00a016 \u00e9tages \u00e0 pied, \u00e7a use\u00a0\u00bb<\/p>\n<p>Le sursis a \u00e9t\u00e9 report\u00e9 de quelques mois, notamment avec l&rsquo;aide de la municipalit\u00e9. De nombreuses pancartes \u00e9trillent <strong>la mauvaise gestion d&rsquo;AJAssoci\u00e9s<\/strong>, un administrateur judiciaire qui fait office de syndic, nomm\u00e9 pour redresser les comptes d\u00e9ficitaires de la copropri\u00e9t\u00e9. Les habitants craignent une mise en p\u00e9ril du <strong>b\u00e2timent qui tombe en d\u00e9su\u00e9tude progressivement<\/strong>. Selon eux, depuis qu&rsquo;un administrateur judiciaire a repris le dossier, la situation a empir\u00e9\u00a0: <strong>sept<\/strong>\u00a0<strong>ascenseurs sur huit en panne<\/strong> pour montrer 16 \u00e9tages, \u00ab\u00a0\u00e7a use, \u00e7a use\u00a0\u00bb peut-on lire ironiquement sur l&rsquo;un des messages tenu par un manifestant.<\/p>\n<p> <img decoding=\"async\" src=\"https:\/\/www.europesays.com\/fr\/wp-content\/uploads\/2025\/12\/1766907624_343_1280\" alt=\"illustration agrandir l'image\" style=\"--_image-preview:url('data:image\/jpeg;base64,\/9j\/2wBDACgcHiMeGSgjISMtKygwPGRBPDc3PHtYXUlkkYCZlo+AjIqgtObDoKrarYqMyP\/L2u71\/\/\/\/m8H\/\/\/\/6\/+b9\/\/j\/2wBDASstLTw1PHZBQXb4pYyl+Pj4+Pj4+Pj4+Pj4+Pj4+Pj4+Pj4+Pj4+Pj4+Pj4+Pj4+Pj4+Pj4+Pj4+Pj4+Pj4+Pj\/wAARCAAfACoDASIAAhEBAxEB\/8QAFwABAQEBAAAAAAAAAAAAAAAAAgEAA\/\/EABgQAQEBAQEAAAAAAAAAAAAAAAABEQIS\/8QAFwEBAQEBAAAAAAAAAAAAAAAAAQIAA\/\/EABYRAQEBAAAAAAAAAAAAAAAAAAABEf\/aAAwDAQACEQMRAD8A62jaF6S9OlqcK0LUvQ3pFUWpoa2hl9NoKoLqM2As2FOS8hn\/2Q==');\" loading=\"lazy\" fetchpriority=\"low\" class=\"svelte-1cksh76 rounded\" onload=\"this.__e=event\" onerror=\"this.__e=event\"\/> Plusieurs pancartes des habitants \u00e9trillent la gestion de leur administrateur judiciaire, AJAssoci\u00e9s, qui remplit le r\u00f4le de syndic \u00a9 Radio France &#8211; Maryline Ottmann  <\/p>\n<p>\u00ab\u00a0On paye les loyers tous les mois, on paie les charges tous les mois. On a d\u00e9cid\u00e9 de faire ce mouvement parce qu&rsquo;\u00e0 un moment donn\u00e9, on ne se sent plus \u00e9cout\u00e9\u00a0\u00bb peste Sofiane devant la mairie. \u00ab\u00a0Des gens \u00e2g\u00e9s ne peuvent plus monter chez eux, ils sont enferm\u00e9s dans leur appartement\u00a0\u00bb peut-on entendre depuis un m\u00e9gaphone tenu par un autre habitant. Il d\u00e9nonce des <strong>devis aux prix exorbitants<\/strong> propos\u00e9s par AJAssoci\u00e9s pour les r\u00e9parer. D&rsquo;autres\u00a0<a class=\"IciLink ici-link IciArticleLink g-ici-body-regular-1 underline brand svelte-1chfe2s\" href=\"https:\/\/www.francebleu.fr\/infos\/societe\/la-fronde-des-habitants-du-parc-bel-ombre-dans-le-11-prives-d-ascenseurs-depuis-des-mois-7354363\" target=\"_blank\" rel=\"noopener\">probl\u00e8mes de salubrit\u00e9 ont\u00a0 empir\u00e9<\/a>.<\/p>\n<p>Un plan de sauvegarde de la r\u00e9sidence \u00e0 l&rsquo;\u00e9tude\u00a0?<\/p>\n<p>Sous ses fen\u00eatres, ces Marseillais essayent d&rsquo;interpeller leur maire. \u00ab\u00a0Au moins de nous recevoir\u00a0\u00bb crie un habitant. Des \u00e9lus de la mairie les ont rencontr\u00e9 plusieurs fois. Beno\u00eet Payan participe au conseil municipal, alors en cours ce jour-l\u00e0. C&rsquo;est son adjoint au logement qui r\u00e9pond \u00e0 ICI Provence. \u00ab\u00a0<strong>La ville n&rsquo;a aucun pouvoir vis \u00e0 vis directement de d&rsquo;AJAssoci\u00e9s<\/strong>\u00ab\u00a0. Patrick Amico dit faire son maximum pour r\u00e9tablir le dialogue avec l&rsquo;administrateur judiciaire.<\/p>\n<p>\u00ab\u00a0J&rsquo;ai fait la mise en relation. J&rsquo;ai \u00e9crit r\u00e9cemment \u00e0 la pr\u00e9f\u00e8te d\u00e9l\u00e9gu\u00e9e \u00e0 l&rsquo;\u00e9galit\u00e9 des chances pour lui rappeler quand m\u00eame <strong>l&rsquo;urgence de l&rsquo;\u00e9tude d&rsquo;un plan de sauvegarde<\/strong> de la r\u00e9sidence. Nous ne sommes pas les services de l&rsquo;\u00c9tat, nous avons des limites. Par contre, nous sommes garants de la s\u00e9curit\u00e9 des personnes et \u00e0 ce titre l\u00e0, on ne <strong>l\u00e2chera rien sur la s\u00e9curit\u00e9 des personnes<\/strong>, \u00e7a c&rsquo;est clair\u00a0\u00bb pr\u00e9vient l&rsquo;adjoint.<\/p>\n<p>D&rsquo;autres copropri\u00e9t\u00e9s d\u00e9noncent la mauvaise gestion d&rsquo;AJAssoci\u00e9s<\/p>\n<p>Pas de quoi convaincre Mohamed qui vient juste de reposer son m\u00e9gaphone. \u00ab\u00a0On n&rsquo;est pas en train de demander des piscines pour se baigner, on est en train de demander le minimum vital\u00a0\u00bb.\u00a0Il est entour\u00e9 par des habitants <strong>d&rsquo;autres copropri\u00e9t\u00e9s \u00e0 Marseille, elles aussi g\u00e9r\u00e9es par le m\u00eame administrateur judiciaire<\/strong>\u00a0: <a class=\"IciLink ici-link IciArticleLink g-ici-body-regular-1 underline brand svelte-1chfe2s\" href=\"https:\/\/www.francebleu.fr\/infos\/societe\/marseille-quel-avenir-pour-la-tour-bel-horizon-et-ses-habitants-9469929\" target=\"_blank\" rel=\"noopener\">Bel Horizon<\/a>, Benza, et d&rsquo;autres r\u00e9sidences plus petites du centre-ville. \u00ab\u00a0Pourquoi la mairie voit se d\u00e9rouler tout \u00e7a devant elle, c&rsquo;est \u00e0 dire des copropri\u00e9t\u00e9s qui se d\u00e9gradent, avec toujours ce m\u00eame administrateur judiciaire, et ne fait rien\u00a0? Elle est interpell\u00e9e \u00e0 plusieurs reprises par plusieurs copropri\u00e9t\u00e9s et elle n&rsquo;agit pas\u00a0!\u00a0\u00a0\u00bb se d\u00e9sole Mohamed, le regard tourn\u00e9 vers la mairie, ne sachant plus vers qui se tourner. \u00ab\u00a0Peut-\u00eatre le Minist\u00e8re du logement, de l&rsquo;int\u00e9rieur\u00a0? De la justice?\u00a0\u00a0\u00bb Celui qui a nomm\u00e9 AJAssoci\u00e9s dans son r\u00f4le de gestionnaire de crise.<\/p>\n<p>\u00c0 lire aussi   <img decoding=\"async\" src=\"https:\/\/www.europesays.com\/fr\/wp-content\/uploads\/2025\/12\/1766907626_277_400x400\" alt=\"\" style=\"--_image-preview:url('data:image\/jpeg;base64,\/9j\/2wBDACgcHiMeGSgjISMtKygwPGRBPDc3PHtYXUlkkYCZlo+AjIqgtObDoKrarYqMyP\/L2u71\/\/\/\/m8H\/\/\/\/6\/+b9\/\/j\/2wBDASstLTw1PHZBQXb4pYyl+Pj4+Pj4+Pj4+Pj4+Pj4+Pj4+Pj4+Pj4+Pj4+Pj4+Pj4+Pj4+Pj4+Pj4+Pj4+Pj4+Pj\/wAARCAAXACoDASIAAhEBAxEB\/8QAFwABAQEBAAAAAAAAAAAAAAAAAAIDAf\/EABgQAQEBAQEAAAAAAAAAAAAAAAABAhES\/8QAFgEBAQEAAAAAAAAAAAAAAAAAAAEC\/8QAFBEBAAAAAAAAAAAAAAAAAAAAAP\/aAAwDAQACEQMRAD8ArNa5rGVUrKtvRdMvR1RdrjnXQYxQCB0AVFAo\/9k=');\" loading=\"lazy\" fetchpriority=\"low\" aria-hidden=\"true\" class=\"svelte-1cksh76 rounded\" onload=\"this.__e=event\" onerror=\"this.__e=event\"\/><\/p>\n","protected":false},"excerpt":{"rendered":"Cet \u00e9t\u00e9 2025, ICI Provence avait suivi les habitants de la r\u00e9sidence Bel Ombre \u00e0 Marseille (11e arrondissement)&hellip;\n","protected":false},"author":2,"featured_media":626652,"comment_status":"","ping_status":"","sticky":false,"template":"","format":"standard","meta":{"footnotes":""},"categories":[2814],"tags":[1111,11,1777,674,1011,27,884,12,882,25],"class_list":{"0":"post-626651","1":"post","2":"type-post","3":"status-publish","4":"format-standard","5":"has-post-thumbnail","7":"category-marseille","8":"tag-actu","9":"tag-actualites","10":"tag-eu","11":"tag-europe","12":"tag-fr","13":"tag-france","14":"tag-marseille","15":"tag-news","16":"tag-provence-alpes-cote-dazur","17":"tag-republique-francaise"},"share_on_mastodon":{"url":"https:\/\/pubeurope.com\/@fr\/115796065539441029","error":""},"_links":{"self":[{"href":"https:\/\/www.europesays.com\/fr\/wp-json\/wp\/v2\/posts\/626651","targetHints":{"allow":["GET"]}}],"collection":[{"href":"https:\/\/www.europesays.com\/fr\/wp-json\/wp\/v2\/posts"}],"about":[{"href":"https:\/\/www.europesays.com\/fr\/wp-json\/wp\/v2\/types\/post"}],"author":[{"embeddable":true,"href":"https:\/\/www.europesays.com\/fr\/wp-json\/wp\/v2\/users\/2"}],"replies":[{"embeddable":true,"href":"https:\/\/www.europesays.com\/fr\/wp-json\/wp\/v2\/comments?post=626651"}],"version-history":[{"count":0,"href":"https:\/\/www.europesays.com\/fr\/wp-json\/wp\/v2\/posts\/626651\/revisions"}],"wp:featuredmedia":[{"embeddable":true,"href":"https:\/\/www.europesays.com\/fr\/wp-json\/wp\/v2\/media\/626652"}],"wp:attachment":[{"href":"https:\/\/www.europesays.com\/fr\/wp-json\/wp\/v2\/media?parent=626651"}],"wp:term":[{"taxonomy":"category","embeddable":true,"href":"https:\/\/www.europesays.com\/fr\/wp-json\/wp\/v2\/categories?post=626651"},{"taxonomy":"post_tag","embeddable":true,"href":"https:\/\/www.europesays.com\/fr\/wp-json\/wp\/v2\/tags?post=626651"}],"curies":[{"name":"wp","href":"https:\/\/api.w.org\/{rel}","templated":true}]}}