{"id":626653,"date":"2025-12-28T07:41:13","date_gmt":"2025-12-28T07:41:13","guid":{"rendered":"https:\/\/www.europesays.com\/fr\/626653\/"},"modified":"2025-12-28T07:41:13","modified_gmt":"2025-12-28T07:41:13","slug":"metropole-de-lyon-avant-le-t10-la-ligne-12-reliait-deja-saint-fons-a-venissieux","status":"publish","type":"post","link":"https:\/\/www.europesays.com\/fr\/626653\/","title":{"rendered":"M\u00e9tropole de Lyon. Avant le T10, la ligne 12 reliait d\u00e9j\u00e0 Saint-Fons \u00e0 V\u00e9nissieux"},"content":{"rendered":"<p>\u00c9dit\u00e9 par \u2018Histoire et Patrimoine de Saint-Fons\u2019 (1) et r\u00e9alis\u00e9 gr\u00e2ce aux recherches de Cl\u00e9ment Barrioz, membre de l\u2019association, un livret tr\u00e8s document\u00e9 raconte l\u2019histoire d\u2019un moyen de transport sans cesse r\u00e9invent\u00e9, pour lequel sont entrepris, chaque fois, des travaux pharaoniques qui bouleversent la vie de la commune. \u00c0 l\u2019origine fut la traction hippomobile. L\u2019auteur indique qu\u2019elle fut l\u2019anc\u00eatre de la ligne 12, d\u00e8s le 22\u00a0juillet\u00a01849 lorsqu\u2019un entrepreneur obtint un bail de neuf ans pour sa soci\u00e9t\u00e9 de transports entre Lyon et V\u00e9nissieux.<\/p>\n<p>Trois fois par jour, via&#8230;<\/p>\n","protected":false},"excerpt":{"rendered":"\u00c9dit\u00e9 par \u2018Histoire et Patrimoine de Saint-Fons\u2019 (1) et r\u00e9alis\u00e9 gr\u00e2ce aux recherches de Cl\u00e9ment Barrioz, membre de&hellip;\n","protected":false},"author":2,"featured_media":626654,"comment_status":"","ping_status":"","sticky":false,"template":"","format":"standard","meta":{"footnotes":""},"categories":[1889],"tags":[1111,11,2430,3152,1777,674,1011,27,937,2428,12,25,2429,12592,104,4407],"class_list":{"0":"post-626653","1":"post","2":"type-post","3":"status-publish","4":"format-standard","5":"has-post-thumbnail","7":"category-lyon","8":"tag-actu","9":"tag-actualites","10":"tag-auvergne-rhone-alpes","11":"tag-edition-est-lyonnais","12":"tag-eu","13":"tag-europe","14":"tag-fr","15":"tag-france","16":"tag-histoire","17":"tag-lyon","18":"tag-news","19":"tag-republique-francaise","20":"tag-rhone","21":"tag-saint-fons","22":"tag-societe","23":"tag-venissieux-bassin"},"share_on_mastodon":{"url":"https:\/\/pubeurope.com\/@fr\/115796068580128301","error":""},"_links":{"self":[{"href":"https:\/\/www.europesays.com\/fr\/wp-json\/wp\/v2\/posts\/626653","targetHints":{"allow":["GET"]}}],"collection":[{"href":"https:\/\/www.europesays.com\/fr\/wp-json\/wp\/v2\/posts"}],"about":[{"href":"https:\/\/www.europesays.com\/fr\/wp-json\/wp\/v2\/types\/post"}],"author":[{"embeddable":true,"href":"https:\/\/www.europesays.com\/fr\/wp-json\/wp\/v2\/users\/2"}],"replies":[{"embeddable":true,"href":"https:\/\/www.europesays.com\/fr\/wp-json\/wp\/v2\/comments?post=626653"}],"version-history":[{"count":0,"href":"https:\/\/www.europesays.com\/fr\/wp-json\/wp\/v2\/posts\/626653\/revisions"}],"wp:featuredmedia":[{"embeddable":true,"href":"https:\/\/www.europesays.com\/fr\/wp-json\/wp\/v2\/media\/626654"}],"wp:attachment":[{"href":"https:\/\/www.europesays.com\/fr\/wp-json\/wp\/v2\/media?parent=626653"}],"wp:term":[{"taxonomy":"category","embeddable":true,"href":"https:\/\/www.europesays.com\/fr\/wp-json\/wp\/v2\/categories?post=626653"},{"taxonomy":"post_tag","embeddable":true,"href":"https:\/\/www.europesays.com\/fr\/wp-json\/wp\/v2\/tags?post=626653"}],"curies":[{"name":"wp","href":"https:\/\/api.w.org\/{rel}","templated":true}]}}