{"id":626655,"date":"2025-12-28T07:42:13","date_gmt":"2025-12-28T07:42:13","guid":{"rendered":"https:\/\/www.europesays.com\/fr\/626655\/"},"modified":"2025-12-28T07:42:13","modified_gmt":"2025-12-28T07:42:13","slug":"cette-personnalite-de-lyon-incarnee-par-une-star-au-cinema-un-film-inedit-va-sortir","status":"publish","type":"post","link":"https:\/\/www.europesays.com\/fr\/626655\/","title":{"rendered":"Cette personnalit\u00e9 de Lyon incarn\u00e9e par une star au cin\u00e9ma, un film in\u00e9dit va sortir"},"content":{"rendered":"<p>                    Par<br \/>\n        <strong><br \/>\n            <a href=\"https:\/\/actu.fr\/auteur\/theo-zuili\" title=\"Consulter tous les articles de Th\u00e9o Zuili\" target=\"_blank\" rel=\"noopener\">Th\u00e9o Zuili<\/a><br \/>\n                    <\/strong><\/p>\n<p>        Publi\u00e9 le<\/p>\n<p>            28 d\u00e9c. 2025 \u00e0 7h42        <\/p>\n<p>H\u00e9ros de la R\u00e9sistance et c\u00e9l\u00e9brit\u00e9 de <a href=\"https:\/\/actu.fr\/auvergne-rhone-alpes\/lyon_69123\" target=\"_blank\" rel=\"noopener\">Lyon<\/a>, <strong>Jean Moulin<\/strong> sera incarn\u00e9 pour la premi\u00e8re fois au cin\u00e9ma dans un long-m\u00e9trage intitul\u00e9 \u00ab\u00a0Moulin\u00a0\u00bb, dont la sortie est <strong>pr\u00e9vue en octobre 2026<\/strong>. Interpr\u00e9t\u00e9 par Gilles Lellouche, <a href=\"https:\/\/actu.fr\/auvergne-rhone-alpes\/lyon_69123\/lyon-les-objets-personnels-de-jean-moulin-reunis-dans-une-exposition-emouvante_60390444.html\" target=\"_blank\" rel=\"noopener\">le r\u00e9sistant mort en 1943<\/a> sera au c\u0153ur d\u2019un film qui se concentre sur ses derniers mois de vie, lors de la Seconde Guerre mondiale.<\/p>\n<p>\u00ab\u00a0Un film sur le plus grand h\u00e9ros du XX\u1d49 si\u00e8cle\u00a0\u00bb<\/p>\n<p class=\" wall-content\">R\u00e9alis\u00e9 par le Hongrois L\u00e1szl\u00f3 Nemes, d\u00e9j\u00e0 prim\u00e9 pour \u00ab\u00a0Le Fils de Saul\u00a0\u00bb et port\u00e9 par le producteur de \u00ab\u00a0La M\u00f4me\u00a0\u00bb, \u00ab\u00a0La French\u00a0\u00bb ou \u00ab\u00a0J\u2019accuse\u00a0\u00bb (Alain Goldman), le film voit sa sortie en salle pr\u00e9vue pour le 27 octobre prochain.<\/p>\n<p class=\" wall-content\"><a href=\"https:\/\/actu.fr\/tag\/gilles-lellouche\" target=\"_blank\" rel=\"noopener\">Gilles Lellouche<\/a> (\u00ab\u00a0Chien 51\u00a0\u00bb, \u00ab\u00a0L\u2019Amour ouf\u00a0\u00bb, \u00ab\u00a0Le Grand Bain\u00a0\u00bb, \u00ab\u00a0Les Petits Mouchoirs\u00a0\u00bb) portera le c\u00e9l\u00e8bre chapeau du pr\u00e9fet envoy\u00e9 \u00e0 Lyon par le g\u00e9n\u00e9ral de Gaulle, tandis que le \u00ab\u00a0boucher de Lyon\u00a0\u00bb <strong>Klaus Barbie<\/strong> aura les traits de l\u2019acteur allemand Lars Eidinger (Les Le\u00e7ons persanes).<\/p>\n<p class=\" wall-content\">Selon <a href=\"https:\/\/www.leparisien.fr\/culture-loisirs\/cinema\/gilles-lellouche-dans-la-peau-de-jean-moulin-au-cinema-dans-une-carriere-ce-nest-pas-si-frequent-de-vibrer-autant-17-12-2025-RQ42XN2S3RBQDPL2RA32UFMXJQ.php\" target=\"_blank\" rel=\"noopener\">Le Parisien<\/a>, le tournage de ce biopic angl\u00e9 \u00ab\u00a0sur l\u2019id\u00e9e de la r\u00e9sistance au sens large\u00a0\u00bb s\u2019est d\u00e9roul\u00e9 en Hongrie et s\u2019est achev\u00e9 d\u00e9but d\u00e9cembre pour un budget \u00ab\u00a0inf\u00e9rieur \u00e0 15 millions d\u2019euros\u00a0\u00bb.<\/p>\n<p class=\" wall-content\">\u00ab\u00a0On avait envie de donner \u00e0 la France un film sur le plus grand h\u00e9ros du XX\u1d49 si\u00e8cle\u00a0\u00bb, explique aupr\u00e8s de nos confr\u00e8res Alain Goldman, coproducteur du film avec les studios TF1.<\/p>\n<p class=\" wall-content\">Personnalisez votre actualit\u00e9 en ajoutant vos villes et m\u00e9dias en favori avec <a href=\"https:\/\/moncompte.actu.fr\" title=\"D\u00e9couvez Mon Actu\" rel=\"nofollow noopener\" data-trk=\"{&quot;cta&quot;:{&quot;action&quot;:&quot;https:\\\/\\\/moncompte.actu.fr&quot;,&quot;category&quot;:&quot;mon compte&quot;,&quot;from&quot;:&quot;article footer&quot;,&quot;name&quot;:&quot;Mon actu&quot;,&quot;type&quot;:&quot;cta&quot;}}\" target=\"_blank\">Mon Actu<\/a>.<\/p>\n","protected":false},"excerpt":{"rendered":"Par Th\u00e9o Zuili Publi\u00e9 le 28 d\u00e9c. 2025 \u00e0 7h42 H\u00e9ros de la R\u00e9sistance et c\u00e9l\u00e9brit\u00e9 de Lyon,&hellip;\n","protected":false},"author":2,"featured_media":626656,"comment_status":"","ping_status":"","sticky":false,"template":"","format":"standard","meta":{"footnotes":""},"categories":[1889],"tags":[61588,1111,11,2430,650,1777,674,1011,27,5684,937,2428,12,25],"class_list":{"0":"post-626655","1":"post","2":"type-post","3":"status-publish","4":"format-standard","5":"has-post-thumbnail","7":"category-lyon","8":"tag-a-voir-au-cinema","9":"tag-actu","10":"tag-actualites","11":"tag-auvergne-rhone-alpes","12":"tag-cinema","13":"tag-eu","14":"tag-europe","15":"tag-fr","16":"tag-france","17":"tag-gilles-lellouche","18":"tag-histoire","19":"tag-lyon","20":"tag-news","21":"tag-republique-francaise"},"share_on_mastodon":{"url":"https:\/\/pubeurope.com\/@fr\/115796072409919044","error":""},"_links":{"self":[{"href":"https:\/\/www.europesays.com\/fr\/wp-json\/wp\/v2\/posts\/626655","targetHints":{"allow":["GET"]}}],"collection":[{"href":"https:\/\/www.europesays.com\/fr\/wp-json\/wp\/v2\/posts"}],"about":[{"href":"https:\/\/www.europesays.com\/fr\/wp-json\/wp\/v2\/types\/post"}],"author":[{"embeddable":true,"href":"https:\/\/www.europesays.com\/fr\/wp-json\/wp\/v2\/users\/2"}],"replies":[{"embeddable":true,"href":"https:\/\/www.europesays.com\/fr\/wp-json\/wp\/v2\/comments?post=626655"}],"version-history":[{"count":0,"href":"https:\/\/www.europesays.com\/fr\/wp-json\/wp\/v2\/posts\/626655\/revisions"}],"wp:featuredmedia":[{"embeddable":true,"href":"https:\/\/www.europesays.com\/fr\/wp-json\/wp\/v2\/media\/626656"}],"wp:attachment":[{"href":"https:\/\/www.europesays.com\/fr\/wp-json\/wp\/v2\/media?parent=626655"}],"wp:term":[{"taxonomy":"category","embeddable":true,"href":"https:\/\/www.europesays.com\/fr\/wp-json\/wp\/v2\/categories?post=626655"},{"taxonomy":"post_tag","embeddable":true,"href":"https:\/\/www.europesays.com\/fr\/wp-json\/wp\/v2\/tags?post=626655"}],"curies":[{"name":"wp","href":"https:\/\/api.w.org\/{rel}","templated":true}]}}