{"id":626690,"date":"2025-12-28T08:08:13","date_gmt":"2025-12-28T08:08:13","guid":{"rendered":"https:\/\/www.europesays.com\/fr\/626690\/"},"modified":"2025-12-28T08:08:13","modified_gmt":"2025-12-28T08:08:13","slug":"moyon-percy-manche-normandie-leffectif-2026-actualite","status":"publish","type":"post","link":"https:\/\/www.europesays.com\/fr\/626690\/","title":{"rendered":"Moyon Percy Manche Normandie : L\u2019effectif 2026 &#8211; Actualit\u00e9"},"content":{"rendered":"<p class=\"pf0\"><strong><a href=\"https:\/\/www.directvelo.com\/equipe\/3101\/moyon-percy-manche-normandie\" target=\"_blank\" rel=\"noopener\">Moyon Percy Manche Normandie<\/a><\/strong> postule \u00e0 la N1 pour la saison prochaine. Le club de la Manche poss\u00e8de un effectif de 19 \u00e9l\u00e9ments pour 2026, avec onze recrues dont l\u2019ancien professionnel Alain Riou. C\u00f4t\u00e9 staff, Pierre Couvigny, actuellement en formation DESJEPS, devient directeur sportif aux c\u00f4t\u00e9s de Claude Carlin. Le club manag\u00e9 par Pierrick Leclerc\u00a0a termin\u00e9 en 2025 \u00e0 la 8e place du Challenge DirectVelo des N2 et \u00e0 la 6e place de la Coupe de France N2.<\/p>\n<p class=\"pf0\"><strong>L\u2019effectif 2026 de Moyon Percy Manche Normandie :<\/strong><br \/>Mathis Baron, 20 ans (VC Rouen 76)<br \/>Louis Bourdoiseau, 18 ans (Lepelley Electricit\u00e9 U19)<br \/>Basile Delalande, 21 ans (Dinan Sport Cycling)<br \/>Max Delarue, 22 ans<br \/>Arthur Dubos, 24 ans<br \/>Erwann Fillion, 23 ans<br \/>Gabriel Gar\u00e7on, 20 ans (Morlaix Cyclisme Performance)<br \/>Hugo Goncalves Fernandes, 21 ans<br \/>Cl\u00e9ment Guilbert, 23 ans<br \/>Matt\u00e9o Guilbert, 19 ans<br \/>Sohan Herpin, 18 ans<br \/>Edgar Laurensot, 21 ans (Dinan Sport Cycling)<br \/>Maxence Maignan, 20 ans (EC Mayennaise)<br \/>Antoine Piedagnel, 24 ans <br \/>Alexis Pierre, 27 ans (Dinan Sport Cycling)<br \/>Dorian Posnic, 18 ans (VC Pl\u00e9lanais)<br \/>Alan Riou, 28 ans (St-Michel-Preference Home-Auber<br \/>93)<br \/>Jules Simon, 19 ans<br \/>Th\u00e9o Thieulent, 18 ans (Lepelley Electricit\u00e9 U19)<\/p>\n<p>Les principaux d\u00e9parts : Romain Chan Tsin (EC Quevilly), Justin Coron (VC Rouen 76), Victor Drouet (ES Torigni), Math\u00e9o Halley (ES Torigni), Joris Lepoittevin-Dubost (Team Bricquebec Cotentin) et Mathieu Roger (ES Torigni).<\/p>\n","protected":false},"excerpt":{"rendered":"Moyon Percy Manche Normandie postule \u00e0 la N1 pour la saison prochaine. Le club de la Manche poss\u00e8de&hellip;\n","protected":false},"author":2,"featured_media":626691,"comment_status":"","ping_status":"","sticky":false,"template":"","format":"standard","meta":{"footnotes":""},"categories":[1411],"tags":[834,828,836,829,837,827,83,826,824,823,1154,207,814,817,815,816,822,821,832,211,839,1011,27,820,818,819,835,831,830,833,838,60,212,208,825],"class_list":{"0":"post-626690","1":"post","2":"type-post","3":"status-publish","4":"format-standard","5":"has-post-thumbnail","7":"category-cyclisme","8":"tag-attaque","9":"tag-belgique","10":"tag-braquet","11":"tag-bretagne","12":"tag-chute","13":"tag-competition","14":"tag-coupe-de-france","15":"tag-coureur","16":"tag-course-cyclisme","17":"tag-course-cycliste","18":"tag-cycling","19":"tag-cyclisme","20":"tag-direct","21":"tag-direct-velo","22":"tag-directvelo","23":"tag-directvelo-com","24":"tag-epreuve","25":"tag-epreuve-cycliste","26":"tag-federation-francaise-de-cyclisme","27":"tag-ffc","28":"tag-flandres","29":"tag-fr","30":"tag-france","31":"tag-live","32":"tag-live-course","33":"tag-live-epreuve","34":"tag-peloton","35":"tag-radio-peloton","36":"tag-radio-tour","37":"tag-ravitaillement","38":"tag-relance","39":"tag-sports","40":"tag-uci","41":"tag-velo","42":"tag-velos"},"share_on_mastodon":{"url":"https:\/\/pubeurope.com\/@fr\/115796174827509811","error":""},"_links":{"self":[{"href":"https:\/\/www.europesays.com\/fr\/wp-json\/wp\/v2\/posts\/626690","targetHints":{"allow":["GET"]}}],"collection":[{"href":"https:\/\/www.europesays.com\/fr\/wp-json\/wp\/v2\/posts"}],"about":[{"href":"https:\/\/www.europesays.com\/fr\/wp-json\/wp\/v2\/types\/post"}],"author":[{"embeddable":true,"href":"https:\/\/www.europesays.com\/fr\/wp-json\/wp\/v2\/users\/2"}],"replies":[{"embeddable":true,"href":"https:\/\/www.europesays.com\/fr\/wp-json\/wp\/v2\/comments?post=626690"}],"version-history":[{"count":0,"href":"https:\/\/www.europesays.com\/fr\/wp-json\/wp\/v2\/posts\/626690\/revisions"}],"wp:featuredmedia":[{"embeddable":true,"href":"https:\/\/www.europesays.com\/fr\/wp-json\/wp\/v2\/media\/626691"}],"wp:attachment":[{"href":"https:\/\/www.europesays.com\/fr\/wp-json\/wp\/v2\/media?parent=626690"}],"wp:term":[{"taxonomy":"category","embeddable":true,"href":"https:\/\/www.europesays.com\/fr\/wp-json\/wp\/v2\/categories?post=626690"},{"taxonomy":"post_tag","embeddable":true,"href":"https:\/\/www.europesays.com\/fr\/wp-json\/wp\/v2\/tags?post=626690"}],"curies":[{"name":"wp","href":"https:\/\/api.w.org\/{rel}","templated":true}]}}