{"id":626694,"date":"2025-12-28T08:10:18","date_gmt":"2025-12-28T08:10:18","guid":{"rendered":"https:\/\/www.europesays.com\/fr\/626694\/"},"modified":"2025-12-28T08:10:18","modified_gmt":"2025-12-28T08:10:18","slug":"camille-santoro-en-couple-elle-se-confie-sur-ses-projets-de-vacances-avec-sa-compagne","status":"publish","type":"post","link":"https:\/\/www.europesays.com\/fr\/626694\/","title":{"rendered":"Camille Santoro en couple, elle se confie sur ses projets de vacances avec sa compagne"},"content":{"rendered":"<p>On le sait depuis quelques semaines, Camille Santoro a retrouv\u00e9 l\u2019amour dans les bras d\u2019une certaine Sophie. La m\u00e8re de six enfants d\u00e9couverte dans Familles nombreuses a m\u00eame pr\u00e9vu ses prochaines vacances avec sa compagne.<\/p>\n<p>Les vacances de No\u00ebl sont l\u2019occasion pour les influenceurs de r\u00e9pondre aux questions de leurs fans. Il y a quelques jours, Camille Santoro a propos\u00e9 \u00e0 ses followers de participer \u00e0 une foire aux questions sur Instagram. Certains en ont profit\u00e9 pour lui poser des questions sur ses plans pour les f\u00eates de fin d\u2019ann\u00e9e. \u00ab\u00a0Tu as f\u00eat\u00e9 No\u00ebl avec ta famille ?\u00a0\u00bb, a par exemple voulu savoir un internaute. \u00ab\u00a0C\u2019est un sujet particuli\u00e8rement sensible pour moi mais je vais y r\u00e9pondre. Pour la troisi\u00e8me ann\u00e9e, malheureusement non ! Si vous avez la chance d\u2019avoir votre famille \u00e0 No\u00ebl, c\u2019est bien le plus beau des cadeaux\u00a0\u00bb, a r\u00e9pondu la m\u00e8re de six enfants d\u00e9couverte dans <a href=\"https:\/\/www.programme-tv.net\/news\/tele-realite\/394878-melanie-gonzalez-familles-nombreuses-devoile-une-grande-premiere-pour-sa-petite-derniere-calypso\/\" data-api-deeplink=\"teleloisirs:\/\/news\/394878\" target=\"_blank\" rel=\"noopener\">Familles nombreuses<\/a>, sur TF1. Avant les f\u00eates, Camille Santoro, qui s\u2019est s\u00e9par\u00e9e de son ex-\u00e9poux, Nicolas, il y a plus de deux ans, avait \u00e9galement parl\u00e9 du <a href=\"https:\/\/www.programme-tv.net\/news\/people\/394125-quand-il-y-a-separation-camille-santoro-familles-nombreuses-evoque-le-tri-naturel-dans-son-entourage-a-la-suite-de-son-divorce-avec-nicolas\/\" data-api-deeplink=\"teleloisirs:\/\/news\/394125\" target=\"_blank\" rel=\"noopener\">\u00ab\u00a0tri naturel\u00a0\u00bb<\/a> qui s\u2019op\u00e8re apr\u00e8s une s\u00e9paration : \u00ab\u00a0Quand il y a s\u00e9paration, il y a forc\u00e9ment quelque chose qui se casse, et la nature humaine fait qu&rsquo;il y a toujours une prise de parti, tout \u00e7a. Je ne trouve pas \u00e7a fou fou, mais c&rsquo;est quelque chose que je peux largement comprendre. N\u00e9anmoins, le venin d\u00e9vers\u00e9 et la m\u00e9chancet\u00e9, je ne trouve pas \u00e7a fou fou.\u00a0\u00bb<\/p>\n<p>                        Camille Santoro (Familles nombreuses) a d\u00e9j\u00e0 pr\u00e9vu ses prochaines vacances avec sa compagne<\/p>\n<p>Camille Santoro a \u00e9galement profit\u00e9 des questions pos\u00e9es par ses abonn\u00e9s pour expliquer que, \u00ab\u00a0pour la premi\u00e8re fois en quinze ans\u00a0\u00bb, elle \u00ab\u00a0n\u2019avai[t] pas [ses] enfants le 24 d\u00e9cembre\u00a0\u00bb, qui \u00e9taient chez leur p\u00e8re. \u00ab\u00a0Mais nous avons fait un tr\u00e8s beau No\u00ebl le 25 et c\u2019est tout ce qui compte\u00a0\u00bb, a-t-elle d\u00e9clar\u00e9. D\u2019autant que Camille Santoro a certainement pu compter sur sa compagne pour la consoler de l\u2019absence de ses enfants, le 24 au soir. Il y a quelques semaines, la m\u00e8re de famille a en effet <a href=\"https:\/\/www.programme-tv.net\/news\/tele-realite\/393955-camille-santoro-familles-nombreuses-devoile-le-prenom-de-sa-compagne-quelques-jours-apres-l-officialisation-de-leur-relation\/\" data-api-deeplink=\"teleloisirs:\/\/news\/393955\" target=\"_blank\" rel=\"noopener\">officialis\u00e9 son couple avec Sophie<\/a>. Une relation qu\u2019elle avait gard\u00e9e cach\u00e9e jusque-l\u00e0.<\/p>\n<p>Camille Santoro n\u2019h\u00e9site d\u00e9sormais plus \u00e0 parler de son amoureuse. Alors qu\u2019un internaute souhaitait savoir si elle allait au ski en 2026, elle a r\u00e9pondu : \u00ab\u00a0Oui mais juste avec Sophie. Je sais skier, mais je n\u2019ai pas pratiqu\u00e9 depuis vingt ans. \u00c7a risque d\u2019\u00eatre dr\u00f4le.\u00a0\u00bb Une photo de Sophie et du nouveau chaton de la famille Santoro, Saudade, faisait office d\u2019illustration pour la r\u00e9ponse.<\/p>\n<p>Article \u00e9crit en collaboration avec 6M\u00e9dias<\/p>\n","protected":false},"excerpt":{"rendered":"On le sait depuis quelques semaines, Camille Santoro a retrouv\u00e9 l\u2019amour dans les bras d\u2019une certaine Sophie. La&hellip;\n","protected":false},"author":2,"featured_media":626695,"comment_status":"","ping_status":"","sticky":false,"template":"","format":"standard","meta":{"footnotes":""},"categories":[1359],"tags":[4979,244,1193,58,59,4980,1011,27,973,199,2175],"class_list":{"0":"post-626694","1":"post","2":"type-post","3":"status-publish","4":"format-standard","5":"has-post-thumbnail","7":"category-people","8":"tag-camille-santoro","9":"tag-commentaire","10":"tag-couple","11":"tag-divertissement","12":"tag-entertainment","13":"tag-familles-nombreuses-la-vie-en-xxl","14":"tag-fr","15":"tag-france","16":"tag-people","17":"tag-tf1","18":"tag-tl-story"},"share_on_mastodon":{"url":"https:\/\/pubeurope.com\/@fr\/115796182550115840","error":""},"_links":{"self":[{"href":"https:\/\/www.europesays.com\/fr\/wp-json\/wp\/v2\/posts\/626694","targetHints":{"allow":["GET"]}}],"collection":[{"href":"https:\/\/www.europesays.com\/fr\/wp-json\/wp\/v2\/posts"}],"about":[{"href":"https:\/\/www.europesays.com\/fr\/wp-json\/wp\/v2\/types\/post"}],"author":[{"embeddable":true,"href":"https:\/\/www.europesays.com\/fr\/wp-json\/wp\/v2\/users\/2"}],"replies":[{"embeddable":true,"href":"https:\/\/www.europesays.com\/fr\/wp-json\/wp\/v2\/comments?post=626694"}],"version-history":[{"count":0,"href":"https:\/\/www.europesays.com\/fr\/wp-json\/wp\/v2\/posts\/626694\/revisions"}],"wp:featuredmedia":[{"embeddable":true,"href":"https:\/\/www.europesays.com\/fr\/wp-json\/wp\/v2\/media\/626695"}],"wp:attachment":[{"href":"https:\/\/www.europesays.com\/fr\/wp-json\/wp\/v2\/media?parent=626694"}],"wp:term":[{"taxonomy":"category","embeddable":true,"href":"https:\/\/www.europesays.com\/fr\/wp-json\/wp\/v2\/categories?post=626694"},{"taxonomy":"post_tag","embeddable":true,"href":"https:\/\/www.europesays.com\/fr\/wp-json\/wp\/v2\/tags?post=626694"}],"curies":[{"name":"wp","href":"https:\/\/api.w.org\/{rel}","templated":true}]}}