{"id":626704,"date":"2025-12-28T08:17:11","date_gmt":"2025-12-28T08:17:11","guid":{"rendered":"https:\/\/www.europesays.com\/fr\/626704\/"},"modified":"2025-12-28T08:17:11","modified_gmt":"2025-12-28T08:17:11","slug":"apres-des-menaces-de-mort-ils-deposent-plainte-contre-leur-fils-bipolaire-pour-laider-a-se-soigner","status":"publish","type":"post","link":"https:\/\/www.europesays.com\/fr\/626704\/","title":{"rendered":"apr\u00e8s des menaces de mort, ils d\u00e9posent plainte contre leur fils bipolaire pour l\u2019aider \u00e0 se soigner"},"content":{"rendered":"<p class=\"fs-5 \">\u00ab Est-ce que vous vous repr\u00e9sentez le drame que \u00e7a peut \u00eatre de d\u00e9poser plainte contre son propre enfant ? \u00bb<\/p>\n<p class=\"fs-5 \">Le pr\u00e9sident du tribunal Didier Iermoli plante ses yeux dans ceux du jeune pr\u00e9venu \u00e0 la barre. Le ton qu\u2019il emploie traduit la charge \u00e9motionnelle de l\u2019affaire jug\u00e9e ce vendredi apr\u00e8s-midi \u00e0 Nice. Une affaire \u00e9tonnante, et touchante, qui voit un fils compara\u00eetre sous le regard protecteur de ses parents, assis sur le banc des parties civiles. Il r\u00e9pond de \u00ab menaces de mort r\u00e9it\u00e9r\u00e9es \u00bb contre son propre p\u00e8re.<\/p>\n<p class=\"fs-5 \">\u00ab Je vais te fumer ! \u00bb \u00ab Je vais te saigner ! \u00bb \u00ab Je vais foutre le feu \u00e0 l\u2019immeuble ! \u00bb Les menaces prof\u00e9r\u00e9es par ce jeune homme, fin octobre dernier, \u00e9taient difficilement audibles par le p\u00e8re auquel il s\u2019adressait. Ce dernier venait de lui demander des comptes, apr\u00e8s avoir d\u00e9couvert de la coca\u00efne pr\u00e8s de son lit, dans son appartement du centre-ville de Nice. La conversation s\u2019est envenim\u00e9e. Le p\u00e8re a d\u00fb fuir, laissant la place aux policiers.<\/p>\n<p class=\"fs-5 \">Cet \u00e9pisode de violence n\u2019\u00e9tait pas le premier. Le jeune pr\u00e9venu avait \u00e9t\u00e9 condamn\u00e9 pour des faits similaires, il y a plusieurs ann\u00e9es, \u00e0 effectuer un travail d\u2019int\u00e9r\u00eat g\u00e9n\u00e9ral. \u00ab J\u2019ai tr\u00e8s peur de lui, je ne dors plus la nuit \u00bb, admettait son p\u00e8re. La mort dans l\u2019\u00e2me, les parents ont d\u00fb se r\u00e9soudre \u00e0 d\u00e9poser plainte contre leur propre fils. En esp\u00e9rant une meilleure prise en charge de sa bipolarit\u00e9.<\/p>\n<p>                                                                                \u00ab Syst\u00e8me psychiatrique difficile \u00e0 int\u00e9grer \u00bb<\/p>\n<p class=\"fs-5 \">\u00ab Malheureusement, le syst\u00e8me psychiatrique en France est tr\u00e8s difficile \u00e0 int\u00e9grer, plaide cette m\u00e8re, dans un t\u00e9moignage tr\u00e8s digne et clair. Cette journ\u00e9e-l\u00e0 nous a conduit \u00e0 dire stop \u00e0 la violence et \u00e0 conduire notre fils \u00e0 se soigner. On l\u2019aime, notre fils. On sait que c\u2019est tr\u00e8s dur, la bipolarit\u00e9. On a besoin de gens comme vous de dire \u00e0 notre fils : \u00ab Lance-toi dans ta vie \u00bb \u00bb.<\/p>\n<p class=\"fs-5 \">R\u00e9primant ses larmes, cette m\u00e8re \u00e9prouv\u00e9e dit son d\u00e9sarroi face aux troubles psychiatriques de son fils. Ils se seraient manifest\u00e9s \u00e0 la suite d\u2019un diab\u00e8te apparu \u00e0 la s\u00e9paration de ses parents. Le cannabis, la coca\u00efne, les m\u00e9thamph\u00e9tamines qu\u2019il consomme n\u2019aident pas. \u00ab Nous nous tournons vers des soins \u00e0 l\u2019\u00e9tranger pour soigner son addiction, soupire la maman. C\u2019est la maladie de l\u2019enfant g\u00e2t\u00e9, l\u2019enfant qui a trop eu. Mais c\u2019est une maladie mal prise en charge&#8230; \u00bb<\/p>\n<p class=\"fs-5 \">Depuis l\u2019audience de comparution imm\u00e9diate, le pr\u00e9venu a pass\u00e9 un mois et demi en d\u00e9tention provisoire. Il a chang\u00e9 d\u2019attitude et reconna\u00eet d\u00e9sormais les faits. Ce beau gar\u00e7on, issu d\u2019une famille ais\u00e9e, vient \u00ab assumer ses actes, demander pardon \u00e0 [s]es parents \u00bb.<\/p>\n<p>                                                                                \u00ab La seule chose qui compte, c\u2019est que vous suiviez votre traitement \u00bb<\/p>\n<p class=\"fs-5 \">\u00ab D\u00e8s son arriv\u00e9e en prison, il a pris conscience de la gravit\u00e9 des faits, de leurs cons\u00e9quences, de l\u2019importance de ses parents et de l\u2019amour qu\u2019ils avaient pour lui \u00bb, insiste Me Gr\u00e9gory Fuster en d\u00e9fense. Ces parents se sont d\u00e9men\u00e9s pour le faire sortir de prison, le 10 d\u00e9cembre. Un parcours de soins a ainsi pu \u00eatre mis en place.<\/p>\n<p class=\"fs-5 \">Toutes ces bonnes dispositions doivent-elles conduire \u00e0 une dispense de peine ? Le procureur Etienne Moreau n\u2019en est pas si s\u00fbr. \u00ab On peut limiter les effets des psychoses, mais on n\u2019en gu\u00e9rit pas. La seule chose qui compte, c\u2019est que vous suiviez votre traitement. \u00bb<\/p>\n<p class=\"fs-5 \">Dans cette optique, il requiert un an de prison avec un sursis probatoire pendant deux ans, pr\u00e9voyant une obligation de soins. Le tribunal s\u2019en tient \u00e0 8 mois. Le fils et ses parents peuvent quitter le tribunal ensemble, avec l\u2019espoir d\u2019une stabilit\u00e9 retrouv\u00e9e.<\/p>\n","protected":false},"excerpt":{"rendered":"\u00ab Est-ce que vous vous repr\u00e9sentez le drame que \u00e7a peut \u00eatre de d\u00e9poser plainte contre son propre&hellip;\n","protected":false},"author":2,"featured_media":626705,"comment_status":"","ping_status":"","sticky":false,"template":"","format":"standard","meta":{"footnotes":""},"categories":[10],"tags":[1011,27,72,71],"class_list":{"0":"post-626704","1":"post","2":"type-post","3":"status-publish","4":"format-standard","5":"has-post-thumbnail","7":"category-sante","8":"tag-fr","9":"tag-france","10":"tag-health","11":"tag-sante"},"share_on_mastodon":{"url":"https:\/\/pubeurope.com\/@fr\/115796210106153943","error":""},"_links":{"self":[{"href":"https:\/\/www.europesays.com\/fr\/wp-json\/wp\/v2\/posts\/626704","targetHints":{"allow":["GET"]}}],"collection":[{"href":"https:\/\/www.europesays.com\/fr\/wp-json\/wp\/v2\/posts"}],"about":[{"href":"https:\/\/www.europesays.com\/fr\/wp-json\/wp\/v2\/types\/post"}],"author":[{"embeddable":true,"href":"https:\/\/www.europesays.com\/fr\/wp-json\/wp\/v2\/users\/2"}],"replies":[{"embeddable":true,"href":"https:\/\/www.europesays.com\/fr\/wp-json\/wp\/v2\/comments?post=626704"}],"version-history":[{"count":0,"href":"https:\/\/www.europesays.com\/fr\/wp-json\/wp\/v2\/posts\/626704\/revisions"}],"wp:featuredmedia":[{"embeddable":true,"href":"https:\/\/www.europesays.com\/fr\/wp-json\/wp\/v2\/media\/626705"}],"wp:attachment":[{"href":"https:\/\/www.europesays.com\/fr\/wp-json\/wp\/v2\/media?parent=626704"}],"wp:term":[{"taxonomy":"category","embeddable":true,"href":"https:\/\/www.europesays.com\/fr\/wp-json\/wp\/v2\/categories?post=626704"},{"taxonomy":"post_tag","embeddable":true,"href":"https:\/\/www.europesays.com\/fr\/wp-json\/wp\/v2\/tags?post=626704"}],"curies":[{"name":"wp","href":"https:\/\/api.w.org\/{rel}","templated":true}]}}